{"id":28947,"date":"2025-05-22T14:37:52","date_gmt":"2025-05-22T17:37:52","guid":{"rendered":"https:\/\/pc.sc.gov.br\/?p=28947"},"modified":"2025-05-22T14:53:20","modified_gmt":"2025-05-22T17:53:20","slug":"pcsc-prende-investigado-pelo-crime-de-roubo-em-sao-jose-do-cedro","status":"publish","type":"post","link":"https:\/\/pc.sc.gov.br\/?p=28947","title":{"rendered":"PCSC prende investigado pelo crime de roubo em S\u00e3o Jos\u00e9 do Cedro"},"content":{"rendered":"\t\t<div data-elementor-type=\"wp-post\" data-elementor-id=\"28947\" class=\"elementor elementor-28947\" data-elementor-post-type=\"post\">\n\t\t\t\t\t\t<section class=\"elementor-section elementor-top-section elementor-element elementor-element-5534760 elementor-section-boxed elementor-section-height-default elementor-section-height-default\" data-id=\"5534760\" data-element_type=\"section\">\n\t\t\t\t\t\t<div class=\"elementor-container elementor-column-gap-default\">\n\t\t\t\t\t<div class=\"elementor-column elementor-col-100 elementor-top-column elementor-element elementor-element-a9f4bdc\" data-id=\"a9f4bdc\" data-element_type=\"column\">\n\t\t\t<div class=\"elementor-widget-wrap elementor-element-populated\">\n\t\t\t\t\t\t<div class=\"elementor-element elementor-element-c52b3c8 elementor-widget elementor-widget-heading\" data-id=\"c52b3c8\" data-element_type=\"widget\" data-widget_type=\"heading.default\">\n\t\t\t\t<div class=\"elementor-widget-container\">\n\t\t\t\t\t<h2 class=\"elementor-heading-title elementor-size-default\">PCSC prende investigado pelo crime de roubo em S\u00e3o Jos\u00e9 do Cedro<\/h2>\t\t\t\t<\/div>\n\t\t\t\t<\/div>\n\t\t\t\t\t<\/div>\n\t\t<\/div>\n\t\t\t\t\t<\/div>\n\t\t<\/section>\n\t\t\t\t<section class=\"elementor-section elementor-top-section elementor-element elementor-element-ce19aee elementor-section-boxed elementor-section-height-default elementor-section-height-default\" data-id=\"ce19aee\" data-element_type=\"section\">\n\t\t\t\t\t\t<div class=\"elementor-container elementor-column-gap-default\">\n\t\t\t\t\t<div class=\"elementor-column elementor-col-100 elementor-top-column elementor-element elementor-element-a398162\" data-id=\"a398162\" data-element_type=\"column\">\n\t\t\t<div class=\"elementor-widget-wrap elementor-element-populated\">\n\t\t\t\t\t\t<div class=\"elementor-element elementor-element-b6a9f05 elementor-widget elementor-widget-image\" data-id=\"b6a9f05\" data-element_type=\"widget\" data-widget_type=\"image.default\">\n\t\t\t\t<div class=\"elementor-widget-container\">\n\t\t\t\t\t\t\t\t\t\t\t\t\t\t\t<img fetchpriority=\"high\" decoding=\"async\" width=\"696\" height=\"522\" src=\"https:\/\/pc.sc.gov.br\/\/wp-content\/uploads\/2025\/05\/WhatsApp-Image-2025-05-22-at-14.20.20-1024x768.jpeg\" class=\"attachment-large size-large wp-image-28950\" alt=\"\" srcset=\"https:\/\/pc.sc.gov.br\/\/wp-content\/uploads\/2025\/05\/WhatsApp-Image-2025-05-22-at-14.20.20-1024x768.jpeg 1024w, https:\/\/pc.sc.gov.br\/\/wp-content\/uploads\/2025\/05\/WhatsApp-Image-2025-05-22-at-14.20.20-300x225.jpeg 300w, https:\/\/pc.sc.gov.br\/\/wp-content\/uploads\/2025\/05\/WhatsApp-Image-2025-05-22-at-14.20.20-768x576.jpeg 768w, https:\/\/pc.sc.gov.br\/\/wp-content\/uploads\/2025\/05\/WhatsApp-Image-2025-05-22-at-14.20.20-1536x1152.jpeg 1536w, https:\/\/pc.sc.gov.br\/\/wp-content\/uploads\/2025\/05\/WhatsApp-Image-2025-05-22-at-14.20.20.jpeg 1600w\" sizes=\"(max-width: 696px) 100vw, 696px\" \/>\t\t\t\t\t\t\t\t\t\t\t\t\t\t\t<\/div>\n\t\t\t\t<\/div>\n\t\t\t\t\t<\/div>\n\t\t<\/div>\n\t\t\t\t\t<\/div>\n\t\t<\/section>\n\t\t\t\t<section class=\"elementor-section elementor-top-section elementor-element elementor-element-cd5d302 elementor-section-boxed elementor-section-height-default elementor-section-height-default\" data-id=\"cd5d302\" data-element_type=\"section\">\n\t\t\t\t\t\t<div class=\"elementor-container elementor-column-gap-default\">\n\t\t\t\t\t<div class=\"elementor-column elementor-col-100 elementor-top-column elementor-element elementor-element-be93dbc\" data-id=\"be93dbc\" data-element_type=\"column\">\n\t\t\t<div class=\"elementor-widget-wrap elementor-element-populated\">\n\t\t\t\t\t\t<div class=\"elementor-element elementor-element-6899745 elementor-widget elementor-widget-text-editor\" data-id=\"6899745\" data-element_type=\"widget\" data-widget_type=\"text-editor.default\">\n\t\t\t\t<div class=\"elementor-widget-container\">\n\t\t\t\t\t\t\t\t\t<p>A Pol\u00edcia Civil de Santa Catarina prendeu na quarta-feira (21) o homem suspeito de cometer o crime de roubo contra uma idosa, moradora de S\u00e3o Jos\u00e9 do Cedro. O investigado foi localizado pela Pol\u00edcia Militar.<\/p><p>Entenda o caso: H\u00e1 um m\u00eas, um homem adentrou na resid\u00eancia de uma idosa e mediante grave amea\u00e7a, em posse de uma faca, subtraiu R$ 12.600, al\u00e9m de um aparelho celular. Ap\u00f3s investiga\u00e7\u00e3o, a Pol\u00edcia Civil identificou o suspeito, constatando ainda que o mesmo fazia uso de tornozeleira eletr\u00f4nica e se refugiava na regi\u00e3o da fronteira (Barrac\u00e3o\/PR e Dion\u00edsio Cerqueira\/SC).\u00a0<\/p><p>Ap\u00f3s representa\u00e7\u00e3o pela pris\u00e3o preventiva, com parecer favor\u00e1vel do Minist\u00e9rio P\u00fablico, e deferimento pelo juiz competente, o suspeito foi preso na quarta-feira (21) e se encontra \u00e0 disposi\u00e7\u00e3o do Poder Judici\u00e1rio. O Inqu\u00e9rito Policial ser\u00e1 finalizado no prazo legal.<\/p>\t\t\t\t\t\t\t\t<\/div>\n\t\t\t\t<\/div>\n\t\t\t\t\t<\/div>\n\t\t<\/div>\n\t\t\t\t\t<\/div>\n\t\t<\/section>\n\t\t\t\t<\/div>\n\t\t","protected":false},"excerpt":{"rendered":"<p>PCSC prende investigado pelo crime de roubo em S\u00e3o Jos\u00e9 do Cedro A Pol\u00edcia Civil de Santa Catarina prendeu na quarta-feira (21) o homem suspeito de cometer o crime de roubo contra uma idosa, moradora de S\u00e3o Jos\u00e9 do Cedro. O investigado foi localizado pela Pol\u00edcia Militar. Entenda o caso: H\u00e1 um m\u00eas, um homem [&hellip;]<\/p>\n","protected":false},"author":5,"featured_media":28950,"comment_status":"closed","ping_status":"open","sticky":false,"template":"","format":"standard","meta":{"_monsterinsights_skip_tracking":false,"_monsterinsights_sitenote_active":false,"_monsterinsights_sitenote_note":"","_monsterinsights_sitenote_category":0,"footnotes":""},"categories":[1],"tags":[],"class_list":["post-28947","post","type-post","status-publish","format-standard","has-post-thumbnail","hentry","category-sem-categoria"],"_links":{"self":[{"href":"https:\/\/pc.sc.gov.br\/index.php?rest_route=\/wp\/v2\/posts\/28947","targetHints":{"allow":["GET"]}}],"collection":[{"href":"https:\/\/pc.sc.gov.br\/index.php?rest_route=\/wp\/v2\/posts"}],"about":[{"href":"https:\/\/pc.sc.gov.br\/index.php?rest_route=\/wp\/v2\/types\/post"}],"author":[{"embeddable":true,"href":"https:\/\/pc.sc.gov.br\/index.php?rest_route=\/wp\/v2\/users\/5"}],"replies":[{"embeddable":true,"href":"https:\/\/pc.sc.gov.br\/index.php?rest_route=%2Fwp%2Fv2%2Fcomments&post=28947"}],"version-history":[{"count":3,"href":"https:\/\/pc.sc.gov.br\/index.php?rest_route=\/wp\/v2\/posts\/28947\/revisions"}],"predecessor-version":[{"id":28953,"href":"https:\/\/pc.sc.gov.br\/index.php?rest_route=\/wp\/v2\/posts\/28947\/revisions\/28953"}],"wp:featuredmedia":[{"embeddable":true,"href":"https:\/\/pc.sc.gov.br\/index.php?rest_route=\/wp\/v2\/media\/28950"}],"wp:attachment":[{"href":"https:\/\/pc.sc.gov.br\/index.php?rest_route=%2Fwp%2Fv2%2Fmedia&parent=28947"}],"wp:term":[{"taxonomy":"category","embeddable":true,"href":"https:\/\/pc.sc.gov.br\/index.php?rest_route=%2Fwp%2Fv2%2Fcategories&post=28947"},{"taxonomy":"post_tag","embeddable":true,"href":"https:\/\/pc.sc.gov.br\/index.php?rest_route=%2Fwp%2Fv2%2Ftags&post=28947"}],"curies":[{"name":"wp","href":"https:\/\/api.w.org\/{rel}","templated":true}]}}