{"id":28972,"date":"2025-05-23T15:27:15","date_gmt":"2025-05-23T18:27:15","guid":{"rendered":"https:\/\/pc.sc.gov.br\/?p=28972"},"modified":"2025-05-23T15:27:59","modified_gmt":"2025-05-23T18:27:59","slug":"homem-e-preso-por-tentativa-de-feminicidio-apos-atropelar-a-propria-mae-em-sao-joaquim","status":"publish","type":"post","link":"https:\/\/pc.sc.gov.br\/?p=28972","title":{"rendered":"Homem \u00e9 preso por tentativa de feminic\u00eddio ap\u00f3s atropelar a pr\u00f3pria m\u00e3e em S\u00e3o Joaquim"},"content":{"rendered":"\t\t<div data-elementor-type=\"wp-post\" data-elementor-id=\"28972\" class=\"elementor elementor-28972\" data-elementor-post-type=\"post\">\n\t\t\t\t\t\t<section class=\"elementor-section elementor-top-section elementor-element elementor-element-56b094e elementor-section-boxed elementor-section-height-default elementor-section-height-default\" data-id=\"56b094e\" data-element_type=\"section\">\n\t\t\t\t\t\t<div class=\"elementor-container elementor-column-gap-default\">\n\t\t\t\t\t<div class=\"elementor-column elementor-col-100 elementor-top-column elementor-element elementor-element-c7bb860\" data-id=\"c7bb860\" data-element_type=\"column\">\n\t\t\t<div class=\"elementor-widget-wrap elementor-element-populated\">\n\t\t\t\t\t\t<div class=\"elementor-element elementor-element-afc60e6 elementor-widget elementor-widget-heading\" data-id=\"afc60e6\" data-element_type=\"widget\" data-widget_type=\"heading.default\">\n\t\t\t\t<div class=\"elementor-widget-container\">\n\t\t\t\t\t<h2 class=\"elementor-heading-title elementor-size-default\">Homem \u00e9 preso por tentativa de feminic\u00eddio ap\u00f3s atropelar a pr\u00f3pria m\u00e3e em S\u00e3o Joaquim<\/h2>\t\t\t\t<\/div>\n\t\t\t\t<\/div>\n\t\t\t\t\t<\/div>\n\t\t<\/div>\n\t\t\t\t\t<\/div>\n\t\t<\/section>\n\t\t\t\t<section class=\"elementor-section elementor-top-section elementor-element elementor-element-7679441 elementor-section-boxed elementor-section-height-default elementor-section-height-default\" data-id=\"7679441\" data-element_type=\"section\">\n\t\t\t\t\t\t<div class=\"elementor-container elementor-column-gap-default\">\n\t\t\t\t\t<div class=\"elementor-column elementor-col-100 elementor-top-column elementor-element elementor-element-977d4e6\" data-id=\"977d4e6\" data-element_type=\"column\">\n\t\t\t<div class=\"elementor-widget-wrap elementor-element-populated\">\n\t\t\t\t\t\t<div class=\"elementor-element elementor-element-314f22c elementor-widget elementor-widget-image\" data-id=\"314f22c\" data-element_type=\"widget\" data-widget_type=\"image.default\">\n\t\t\t\t<div class=\"elementor-widget-container\">\n\t\t\t\t\t\t\t\t\t\t\t\t\t\t\t<img fetchpriority=\"high\" decoding=\"async\" width=\"696\" height=\"522\" src=\"https:\/\/pc.sc.gov.br\/\/wp-content\/uploads\/2024\/07\/PCSC-PADRAO-1.jpg\" class=\"attachment-large size-large wp-image-22161\" alt=\"\" srcset=\"https:\/\/pc.sc.gov.br\/\/wp-content\/uploads\/2024\/07\/PCSC-PADRAO-1.jpg 768w, https:\/\/pc.sc.gov.br\/\/wp-content\/uploads\/2024\/07\/PCSC-PADRAO-1-300x225.jpg 300w\" sizes=\"(max-width: 696px) 100vw, 696px\" \/>\t\t\t\t\t\t\t\t\t\t\t\t\t\t\t<\/div>\n\t\t\t\t<\/div>\n\t\t\t\t\t<\/div>\n\t\t<\/div>\n\t\t\t\t\t<\/div>\n\t\t<\/section>\n\t\t\t\t<section class=\"elementor-section elementor-top-section elementor-element elementor-element-c5768e6 elementor-section-boxed elementor-section-height-default elementor-section-height-default\" data-id=\"c5768e6\" data-element_type=\"section\">\n\t\t\t\t\t\t<div class=\"elementor-container elementor-column-gap-default\">\n\t\t\t\t\t<div class=\"elementor-column elementor-col-100 elementor-top-column elementor-element elementor-element-deed0a3\" data-id=\"deed0a3\" data-element_type=\"column\">\n\t\t\t<div class=\"elementor-widget-wrap elementor-element-populated\">\n\t\t\t\t\t\t<div class=\"elementor-element elementor-element-c150f40 elementor-widget elementor-widget-text-editor\" data-id=\"c150f40\" data-element_type=\"widget\" data-widget_type=\"text-editor.default\">\n\t\t\t\t<div class=\"elementor-widget-container\">\n\t\t\t\t\t\t\t\t\t<p>Nesta sexta-feira (23), a Pol\u00edcia Civil de Santa Catarina, por meio da Delegacia de Prote\u00e7\u00e3o \u00e0 Crian\u00e7a, ao Adolescente, \u00e0 Mulher e ao Idoso (DPCAMI) de S\u00e3o Joaquim, cumpriu mandado de pris\u00e3o preventiva contra um homem investigado por tentativa de feminic\u00eddio.<br><br>O crime ocorreu na v\u00e9spera do Dia das M\u00e3es, no dia 10 de maio, quando o suspeito atropelou a pr\u00f3pria m\u00e3e no p\u00e1tio da resid\u00eancia da fam\u00edlia e fugiu logo ap\u00f3s o fato. As investiga\u00e7\u00f5es seguem em andamento para esclarecer todos os detalhes do caso.<\/p>\t\t\t\t\t\t\t\t<\/div>\n\t\t\t\t<\/div>\n\t\t\t\t\t<\/div>\n\t\t<\/div>\n\t\t\t\t\t<\/div>\n\t\t<\/section>\n\t\t\t\t<\/div>\n\t\t","protected":false},"excerpt":{"rendered":"<p>Homem \u00e9 preso por tentativa de feminic\u00eddio ap\u00f3s atropelar a pr\u00f3pria m\u00e3e em S\u00e3o Joaquim Nesta sexta-feira (23), a Pol\u00edcia Civil de Santa Catarina, por meio da Delegacia de Prote\u00e7\u00e3o \u00e0 Crian\u00e7a, ao Adolescente, \u00e0 Mulher e ao Idoso (DPCAMI) de S\u00e3o Joaquim, cumpriu mandado de pris\u00e3o preventiva contra um homem investigado por tentativa de [&hellip;]<\/p>\n","protected":false},"author":5,"featured_media":22127,"comment_status":"closed","ping_status":"open","sticky":false,"template":"","format":"standard","meta":{"_monsterinsights_skip_tracking":false,"_monsterinsights_sitenote_active":false,"_monsterinsights_sitenote_note":"","_monsterinsights_sitenote_category":0,"footnotes":""},"categories":[1],"tags":[],"class_list":["post-28972","post","type-post","status-publish","format-standard","has-post-thumbnail","hentry","category-sem-categoria"],"_links":{"self":[{"href":"https:\/\/pc.sc.gov.br\/index.php?rest_route=\/wp\/v2\/posts\/28972","targetHints":{"allow":["GET"]}}],"collection":[{"href":"https:\/\/pc.sc.gov.br\/index.php?rest_route=\/wp\/v2\/posts"}],"about":[{"href":"https:\/\/pc.sc.gov.br\/index.php?rest_route=\/wp\/v2\/types\/post"}],"author":[{"embeddable":true,"href":"https:\/\/pc.sc.gov.br\/index.php?rest_route=\/wp\/v2\/users\/5"}],"replies":[{"embeddable":true,"href":"https:\/\/pc.sc.gov.br\/index.php?rest_route=%2Fwp%2Fv2%2Fcomments&post=28972"}],"version-history":[{"count":4,"href":"https:\/\/pc.sc.gov.br\/index.php?rest_route=\/wp\/v2\/posts\/28972\/revisions"}],"predecessor-version":[{"id":28976,"href":"https:\/\/pc.sc.gov.br\/index.php?rest_route=\/wp\/v2\/posts\/28972\/revisions\/28976"}],"wp:featuredmedia":[{"embeddable":true,"href":"https:\/\/pc.sc.gov.br\/index.php?rest_route=\/wp\/v2\/media\/22127"}],"wp:attachment":[{"href":"https:\/\/pc.sc.gov.br\/index.php?rest_route=%2Fwp%2Fv2%2Fmedia&parent=28972"}],"wp:term":[{"taxonomy":"category","embeddable":true,"href":"https:\/\/pc.sc.gov.br\/index.php?rest_route=%2Fwp%2Fv2%2Fcategories&post=28972"},{"taxonomy":"post_tag","embeddable":true,"href":"https:\/\/pc.sc.gov.br\/index.php?rest_route=%2Fwp%2Fv2%2Ftags&post=28972"}],"curies":[{"name":"wp","href":"https:\/\/api.w.org\/{rel}","templated":true}]}}