{"id":28988,"date":"2025-05-26T12:23:27","date_gmt":"2025-05-26T15:23:27","guid":{"rendered":"https:\/\/pc.sc.gov.br\/?p=28988"},"modified":"2025-05-26T12:24:30","modified_gmt":"2025-05-26T15:24:30","slug":"policia-civil-prende-investigado-por-duas-tentativas-de-homicidios-em-lages","status":"publish","type":"post","link":"https:\/\/pc.sc.gov.br\/?p=28988","title":{"rendered":"Pol\u00edcia Civil prende investigado por duas tentativas de homic\u00eddios em Lages"},"content":{"rendered":"\t\t<div data-elementor-type=\"wp-post\" data-elementor-id=\"28988\" class=\"elementor elementor-28988\" data-elementor-post-type=\"post\">\n\t\t\t\t\t\t<section class=\"elementor-section elementor-top-section elementor-element elementor-element-fee6d9c elementor-section-boxed elementor-section-height-default elementor-section-height-default\" data-id=\"fee6d9c\" data-element_type=\"section\">\n\t\t\t\t\t\t<div class=\"elementor-container elementor-column-gap-default\">\n\t\t\t\t\t<div class=\"elementor-column elementor-col-100 elementor-top-column elementor-element elementor-element-bced76c\" data-id=\"bced76c\" data-element_type=\"column\">\n\t\t\t<div class=\"elementor-widget-wrap elementor-element-populated\">\n\t\t\t\t\t\t<div class=\"elementor-element elementor-element-dc8a7b5 elementor-widget elementor-widget-heading\" data-id=\"dc8a7b5\" data-element_type=\"widget\" data-widget_type=\"heading.default\">\n\t\t\t\t<div class=\"elementor-widget-container\">\n\t\t\t\t\t<h2 class=\"elementor-heading-title elementor-size-default\">Pol\u00edcia Civil prende investigado por duas tentativas de homic\u00eddios em Lages<\/h2>\t\t\t\t<\/div>\n\t\t\t\t<\/div>\n\t\t\t\t\t<\/div>\n\t\t<\/div>\n\t\t\t\t\t<\/div>\n\t\t<\/section>\n\t\t\t\t<section class=\"elementor-section elementor-top-section elementor-element elementor-element-c9c9b09 elementor-section-boxed elementor-section-height-default elementor-section-height-default\" data-id=\"c9c9b09\" data-element_type=\"section\">\n\t\t\t\t\t\t<div class=\"elementor-container elementor-column-gap-default\">\n\t\t\t\t\t<div class=\"elementor-column elementor-col-100 elementor-top-column elementor-element elementor-element-8977703\" data-id=\"8977703\" data-element_type=\"column\">\n\t\t\t<div class=\"elementor-widget-wrap elementor-element-populated\">\n\t\t\t\t\t\t<div class=\"elementor-element elementor-element-836a101 elementor-widget elementor-widget-image\" data-id=\"836a101\" data-element_type=\"widget\" data-widget_type=\"image.default\">\n\t\t\t\t<div class=\"elementor-widget-container\">\n\t\t\t\t\t\t\t\t\t\t\t\t\t\t\t<img fetchpriority=\"high\" decoding=\"async\" width=\"696\" height=\"928\" src=\"https:\/\/pc.sc.gov.br\/\/wp-content\/uploads\/2025\/05\/WhatsApp-Image-2025-05-26-at-12.20.35-768x1024.jpeg\" class=\"attachment-large size-large wp-image-28989\" alt=\"\" srcset=\"https:\/\/pc.sc.gov.br\/\/wp-content\/uploads\/2025\/05\/WhatsApp-Image-2025-05-26-at-12.20.35-768x1024.jpeg 768w, https:\/\/pc.sc.gov.br\/\/wp-content\/uploads\/2025\/05\/WhatsApp-Image-2025-05-26-at-12.20.35-225x300.jpeg 225w, https:\/\/pc.sc.gov.br\/\/wp-content\/uploads\/2025\/05\/WhatsApp-Image-2025-05-26-at-12.20.35.jpeg 960w\" sizes=\"(max-width: 696px) 100vw, 696px\" \/>\t\t\t\t\t\t\t\t\t\t\t\t\t\t\t<\/div>\n\t\t\t\t<\/div>\n\t\t\t\t\t<\/div>\n\t\t<\/div>\n\t\t\t\t\t<\/div>\n\t\t<\/section>\n\t\t\t\t<section class=\"elementor-section elementor-top-section elementor-element elementor-element-84cb6c2 elementor-section-boxed elementor-section-height-default elementor-section-height-default\" data-id=\"84cb6c2\" data-element_type=\"section\">\n\t\t\t\t\t\t<div class=\"elementor-container elementor-column-gap-default\">\n\t\t\t\t\t<div class=\"elementor-column elementor-col-100 elementor-top-column elementor-element elementor-element-dff71fc\" data-id=\"dff71fc\" data-element_type=\"column\">\n\t\t\t<div class=\"elementor-widget-wrap elementor-element-populated\">\n\t\t\t\t\t\t<div class=\"elementor-element elementor-element-9d0ac36 elementor-widget elementor-widget-text-editor\" data-id=\"9d0ac36\" data-element_type=\"widget\" data-widget_type=\"text-editor.default\">\n\t\t\t\t<div class=\"elementor-widget-container\">\n\t\t\t\t\t\t\t\t\t<p>A Pol\u00edcia Civil de Santa Catarina, por meio da Delegacia de Investiga\u00e7\u00e3o Criminal (DIC) de Lages, realizou na tarde do s\u00e1bado (24\/05), a pris\u00e3o de investigado pela pr\u00e1tica de dois crimes de homic\u00eddio qualificado na modalidade tentada, ocorrido no dia 18\/5\/25, per\u00edodo da madrugada, em frente \u00e0 Boate Berlin, bairro Coral, Lages\/SC.<\/p><p>Ap\u00f3s a pr\u00e1tica dos crimes, iniciaram as investiga\u00e7\u00f5es visando apurar as circunst\u00e2ncias e autoria do fato e, uma vez delineada a autoria delitiva, foi postulada a pris\u00e3o provis\u00f3ria do investigado.<\/p><p>O Minist\u00e9rio P\u00fablico e o Poder Judici\u00e1rio se manifestaram imediatamente ap\u00f3s a postula\u00e7\u00e3o da pris\u00e3o, pela decreta\u00e7\u00e3o da cautelar, visto a gravidade em concreto dos crimes cometidos, al\u00e9m da necessidade da pris\u00e3o para conclus\u00e3o das investiga\u00e7\u00f5es.<\/p><p>A equipe da DIC localizou o investigado, no bairro Santa Helena, em Lages\/SC. Ele estava em sua pr\u00f3pria resid\u00eancia, local onde foi preso.<\/p><p>Ap\u00f3s a realiza\u00e7\u00e3o da pris\u00e3o, o investigado foi encaminhado para DIC de Lages e, posteriormente, foi recolhido na Unidade Prisional de Lages.<\/p>\t\t\t\t\t\t\t\t<\/div>\n\t\t\t\t<\/div>\n\t\t\t\t\t<\/div>\n\t\t<\/div>\n\t\t\t\t\t<\/div>\n\t\t<\/section>\n\t\t\t\t<\/div>\n\t\t","protected":false},"excerpt":{"rendered":"<p>Pol\u00edcia Civil prende investigado por duas tentativas de homic\u00eddios em Lages A Pol\u00edcia Civil de Santa Catarina, por meio da Delegacia de Investiga\u00e7\u00e3o Criminal (DIC) de Lages, realizou na tarde do s\u00e1bado (24\/05), a pris\u00e3o de investigado pela pr\u00e1tica de dois crimes de homic\u00eddio qualificado na modalidade tentada, ocorrido no dia 18\/5\/25, per\u00edodo da madrugada, [&hellip;]<\/p>\n","protected":false},"author":5,"featured_media":28989,"comment_status":"closed","ping_status":"open","sticky":false,"template":"","format":"standard","meta":{"_monsterinsights_skip_tracking":false,"_monsterinsights_sitenote_active":false,"_monsterinsights_sitenote_note":"","_monsterinsights_sitenote_category":0,"footnotes":""},"categories":[1],"tags":[],"class_list":["post-28988","post","type-post","status-publish","format-standard","has-post-thumbnail","hentry","category-sem-categoria"],"_links":{"self":[{"href":"https:\/\/pc.sc.gov.br\/index.php?rest_route=\/wp\/v2\/posts\/28988","targetHints":{"allow":["GET"]}}],"collection":[{"href":"https:\/\/pc.sc.gov.br\/index.php?rest_route=\/wp\/v2\/posts"}],"about":[{"href":"https:\/\/pc.sc.gov.br\/index.php?rest_route=\/wp\/v2\/types\/post"}],"author":[{"embeddable":true,"href":"https:\/\/pc.sc.gov.br\/index.php?rest_route=\/wp\/v2\/users\/5"}],"replies":[{"embeddable":true,"href":"https:\/\/pc.sc.gov.br\/index.php?rest_route=%2Fwp%2Fv2%2Fcomments&post=28988"}],"version-history":[{"count":4,"href":"https:\/\/pc.sc.gov.br\/index.php?rest_route=\/wp\/v2\/posts\/28988\/revisions"}],"predecessor-version":[{"id":28993,"href":"https:\/\/pc.sc.gov.br\/index.php?rest_route=\/wp\/v2\/posts\/28988\/revisions\/28993"}],"wp:featuredmedia":[{"embeddable":true,"href":"https:\/\/pc.sc.gov.br\/index.php?rest_route=\/wp\/v2\/media\/28989"}],"wp:attachment":[{"href":"https:\/\/pc.sc.gov.br\/index.php?rest_route=%2Fwp%2Fv2%2Fmedia&parent=28988"}],"wp:term":[{"taxonomy":"category","embeddable":true,"href":"https:\/\/pc.sc.gov.br\/index.php?rest_route=%2Fwp%2Fv2%2Fcategories&post=28988"},{"taxonomy":"post_tag","embeddable":true,"href":"https:\/\/pc.sc.gov.br\/index.php?rest_route=%2Fwp%2Fv2%2Ftags&post=28988"}],"curies":[{"name":"wp","href":"https:\/\/api.w.org\/{rel}","templated":true}]}}