{"id":28994,"date":"2025-05-26T12:37:27","date_gmt":"2025-05-26T15:37:27","guid":{"rendered":"https:\/\/pc.sc.gov.br\/?p=28994"},"modified":"2025-05-26T12:38:03","modified_gmt":"2025-05-26T15:38:03","slug":"policia-civil-identifica-e-prende-homem-investigado-por-furto-qualificado-a-estabelecimento-comercial-em-dionisio-cerqueira","status":"publish","type":"post","link":"https:\/\/pc.sc.gov.br\/?p=28994","title":{"rendered":"Pol\u00edcia Civil identifica e prende homem investigado por furto qualificado a estabelecimento comercial em Dion\u00edsio Cerqueira"},"content":{"rendered":"\t\t<div data-elementor-type=\"wp-post\" data-elementor-id=\"28994\" class=\"elementor elementor-28994\" data-elementor-post-type=\"post\">\n\t\t\t\t\t\t<section class=\"elementor-section elementor-top-section elementor-element elementor-element-7ae9428 elementor-section-boxed elementor-section-height-default elementor-section-height-default\" data-id=\"7ae9428\" data-element_type=\"section\">\n\t\t\t\t\t\t<div class=\"elementor-container elementor-column-gap-default\">\n\t\t\t\t\t<div class=\"elementor-column elementor-col-100 elementor-top-column elementor-element elementor-element-a7f3e80\" data-id=\"a7f3e80\" data-element_type=\"column\">\n\t\t\t<div class=\"elementor-widget-wrap elementor-element-populated\">\n\t\t\t\t\t\t<div class=\"elementor-element elementor-element-62ec81c elementor-widget elementor-widget-heading\" data-id=\"62ec81c\" data-element_type=\"widget\" data-widget_type=\"heading.default\">\n\t\t\t\t<div class=\"elementor-widget-container\">\n\t\t\t\t\t<h2 class=\"elementor-heading-title elementor-size-default\">Pol\u00edcia Civil identifica e prende homem investigado por furto qualificado a estabelecimento comercial em Dion\u00edsio Cerqueira<\/h2>\t\t\t\t<\/div>\n\t\t\t\t<\/div>\n\t\t\t\t\t<\/div>\n\t\t<\/div>\n\t\t\t\t\t<\/div>\n\t\t<\/section>\n\t\t\t\t<section class=\"elementor-section elementor-top-section elementor-element elementor-element-57a8c91 elementor-section-boxed elementor-section-height-default elementor-section-height-default\" data-id=\"57a8c91\" data-element_type=\"section\">\n\t\t\t\t\t\t<div class=\"elementor-container elementor-column-gap-default\">\n\t\t\t\t\t<div class=\"elementor-column elementor-col-100 elementor-top-column elementor-element elementor-element-539c1d7\" data-id=\"539c1d7\" data-element_type=\"column\">\n\t\t\t<div class=\"elementor-widget-wrap elementor-element-populated\">\n\t\t\t\t\t\t<div class=\"elementor-element elementor-element-edcfb78 elementor-widget elementor-widget-image\" data-id=\"edcfb78\" data-element_type=\"widget\" data-widget_type=\"image.default\">\n\t\t\t\t<div class=\"elementor-widget-container\">\n\t\t\t\t\t\t\t\t\t\t\t\t\t\t\t<img fetchpriority=\"high\" decoding=\"async\" width=\"598\" height=\"335\" src=\"https:\/\/pc.sc.gov.br\/\/wp-content\/uploads\/2025\/05\/WhatsApp-Image-2025-05-25-at-10.50.39.jpeg\" class=\"attachment-large size-large wp-image-28995\" alt=\"\" srcset=\"https:\/\/pc.sc.gov.br\/\/wp-content\/uploads\/2025\/05\/WhatsApp-Image-2025-05-25-at-10.50.39.jpeg 598w, https:\/\/pc.sc.gov.br\/\/wp-content\/uploads\/2025\/05\/WhatsApp-Image-2025-05-25-at-10.50.39-300x168.jpeg 300w\" sizes=\"(max-width: 598px) 100vw, 598px\" \/>\t\t\t\t\t\t\t\t\t\t\t\t\t\t\t<\/div>\n\t\t\t\t<\/div>\n\t\t\t\t\t<\/div>\n\t\t<\/div>\n\t\t\t\t\t<\/div>\n\t\t<\/section>\n\t\t\t\t<section class=\"elementor-section elementor-top-section elementor-element elementor-element-d39cabb elementor-section-boxed elementor-section-height-default elementor-section-height-default\" data-id=\"d39cabb\" data-element_type=\"section\">\n\t\t\t\t\t\t<div class=\"elementor-container elementor-column-gap-default\">\n\t\t\t\t\t<div class=\"elementor-column elementor-col-100 elementor-top-column elementor-element elementor-element-f488738\" data-id=\"f488738\" data-element_type=\"column\">\n\t\t\t<div class=\"elementor-widget-wrap elementor-element-populated\">\n\t\t\t\t\t\t<div class=\"elementor-element elementor-element-2b83a0e elementor-widget elementor-widget-text-editor\" data-id=\"2b83a0e\" data-element_type=\"widget\" data-widget_type=\"text-editor.default\">\n\t\t\t\t<div class=\"elementor-widget-container\">\n\t\t\t\t\t\t\t\t\t<p>A Pol\u00edcia Civil de Santa Catarina, por meio da Delegacia de Pol\u00edcia da Comarca de Dion\u00edsio Cerqueira, em a\u00e7\u00e3o integrada com a Pol\u00edcia Militar, identificou e prendeu preventivamente um homem, investigado por furto qualificado a um estabelecimento comercial.<\/p><p>Na madrugada do dia 12 de maio de 2025, por volta das 6h30min, um estabelecimento comercial, situado em Dion\u00edsio Cerqueira, foi alvo de furto qualificado mediante arrombamento e concurso de pessoas.<\/p><p>Tr\u00eas indiv\u00edduos participaram da a\u00e7\u00e3o criminosa, tendo um deles quebrado a porta de vidro com o uso de uma ferramenta, adentrado o local e subtra\u00eddo diversos bens, entre eles uma gaveta do caixa, blusas infantis e caixas de som port\u00e1teis, al\u00e9m de causar preju\u00edzo estimado em R$ 800,00 com o dano.<\/p><p>Um dos coautores foi identificado. Importa destacar que, ainda na mesma madrugada, por volta da 00h53min, o investigado foi abordado pela Pol\u00edcia Militar em atitude suspeita, portando uma bolsa com diversas ferramentas compat\u00edveis com aquelas utilizadas no arrombamento. Na ocasi\u00e3o, declarou que \u201cera ladr\u00e3o mesmo\u201d e que iria continuar praticando furtos na regi\u00e3o.<\/p><p>Ap\u00f3s representa\u00e7\u00e3o pela pris\u00e3o preventiva, com parecer favor\u00e1vel do Minist\u00e9rio P\u00fablico e deferimento judicial, no dia 24 de maio, o investigado foi preso. Ressalta-se que o investigado j\u00e1 havia sido preso preventivamente dias antes por decis\u00e3o judicial oriunda da Comarca de Barrac\u00e3o\/PR, motivo pelo qual o cumprimento se deu no pr\u00f3prio pres\u00eddio. O preso se encontra \u00e0 disposi\u00e7\u00e3o do Poder Judici\u00e1rio e o Inqu\u00e9rito Policial ser\u00e1 finalizado dentro do prazo legal.<\/p>\t\t\t\t\t\t\t\t<\/div>\n\t\t\t\t<\/div>\n\t\t\t\t\t<\/div>\n\t\t<\/div>\n\t\t\t\t\t<\/div>\n\t\t<\/section>\n\t\t\t\t<\/div>\n\t\t","protected":false},"excerpt":{"rendered":"<p>Pol\u00edcia Civil identifica e prende homem investigado por furto qualificado a estabelecimento comercial em Dion\u00edsio Cerqueira A Pol\u00edcia Civil de Santa Catarina, por meio da Delegacia de Pol\u00edcia da Comarca de Dion\u00edsio Cerqueira, em a\u00e7\u00e3o integrada com a Pol\u00edcia Militar, identificou e prendeu preventivamente um homem, investigado por furto qualificado a um estabelecimento comercial. Na [&hellip;]<\/p>\n","protected":false},"author":5,"featured_media":28995,"comment_status":"closed","ping_status":"open","sticky":false,"template":"","format":"standard","meta":{"_monsterinsights_skip_tracking":false,"_monsterinsights_sitenote_active":false,"_monsterinsights_sitenote_note":"","_monsterinsights_sitenote_category":0,"footnotes":""},"categories":[1],"tags":[],"class_list":["post-28994","post","type-post","status-publish","format-standard","has-post-thumbnail","hentry","category-sem-categoria"],"_links":{"self":[{"href":"https:\/\/pc.sc.gov.br\/index.php?rest_route=\/wp\/v2\/posts\/28994","targetHints":{"allow":["GET"]}}],"collection":[{"href":"https:\/\/pc.sc.gov.br\/index.php?rest_route=\/wp\/v2\/posts"}],"about":[{"href":"https:\/\/pc.sc.gov.br\/index.php?rest_route=\/wp\/v2\/types\/post"}],"author":[{"embeddable":true,"href":"https:\/\/pc.sc.gov.br\/index.php?rest_route=\/wp\/v2\/users\/5"}],"replies":[{"embeddable":true,"href":"https:\/\/pc.sc.gov.br\/index.php?rest_route=%2Fwp%2Fv2%2Fcomments&post=28994"}],"version-history":[{"count":4,"href":"https:\/\/pc.sc.gov.br\/index.php?rest_route=\/wp\/v2\/posts\/28994\/revisions"}],"predecessor-version":[{"id":28999,"href":"https:\/\/pc.sc.gov.br\/index.php?rest_route=\/wp\/v2\/posts\/28994\/revisions\/28999"}],"wp:featuredmedia":[{"embeddable":true,"href":"https:\/\/pc.sc.gov.br\/index.php?rest_route=\/wp\/v2\/media\/28995"}],"wp:attachment":[{"href":"https:\/\/pc.sc.gov.br\/index.php?rest_route=%2Fwp%2Fv2%2Fmedia&parent=28994"}],"wp:term":[{"taxonomy":"category","embeddable":true,"href":"https:\/\/pc.sc.gov.br\/index.php?rest_route=%2Fwp%2Fv2%2Fcategories&post=28994"},{"taxonomy":"post_tag","embeddable":true,"href":"https:\/\/pc.sc.gov.br\/index.php?rest_route=%2Fwp%2Fv2%2Ftags&post=28994"}],"curies":[{"name":"wp","href":"https:\/\/api.w.org\/{rel}","templated":true}]}}