{"id":2900,"date":"2022-12-20T17:58:28","date_gmt":"2022-12-20T20:58:28","guid":{"rendered":"https:\/\/pc.sc.gov.br\/?p=2900"},"modified":"2022-12-20T18:00:13","modified_gmt":"2022-12-20T21:00:13","slug":"policia-civil-e-prefeitura-de-florianopolis-assinam-convenio-para-fortalecimento-de-acoes-integradas-e-combate-a-crimes","status":"publish","type":"post","link":"https:\/\/pc.sc.gov.br\/?p=2900","title":{"rendered":"Pol\u00edcia Civil e Prefeitura de Florian\u00f3polis assinam conv\u00eanio para fortalecimento de a\u00e7\u00f5es integradas e combate a crimes"},"content":{"rendered":"\t\t<div data-elementor-type=\"wp-post\" data-elementor-id=\"2900\" class=\"elementor elementor-2900\" data-elementor-post-type=\"post\">\n\t\t\t\t\t\t<section class=\"elementor-section elementor-top-section elementor-element elementor-element-623d1ac elementor-section-boxed elementor-section-height-default elementor-section-height-default\" data-id=\"623d1ac\" data-element_type=\"section\">\n\t\t\t\t\t\t<div class=\"elementor-container elementor-column-gap-default\">\n\t\t\t\t\t<div class=\"elementor-column elementor-col-100 elementor-top-column elementor-element elementor-element-c53c37a\" data-id=\"c53c37a\" data-element_type=\"column\">\n\t\t\t<div class=\"elementor-widget-wrap elementor-element-populated\">\n\t\t\t\t\t\t<div class=\"elementor-element elementor-element-13bbad7 elementor-widget elementor-widget-heading\" data-id=\"13bbad7\" data-element_type=\"widget\" data-widget_type=\"heading.default\">\n\t\t\t\t<div class=\"elementor-widget-container\">\n\t\t\t\t\t<h2 class=\"elementor-heading-title elementor-size-default\">Pol\u00edcia Civil e Prefeitura de Florian\u00f3polis assinam conv\u00eanio para fortalecimento de a\u00e7\u00f5es integradas e combate a crimes<\/h2>\t\t\t\t<\/div>\n\t\t\t\t<\/div>\n\t\t\t\t\t<\/div>\n\t\t<\/div>\n\t\t\t\t\t<\/div>\n\t\t<\/section>\n\t\t\t\t<section class=\"elementor-section elementor-top-section elementor-element elementor-element-0665734 elementor-section-boxed elementor-section-height-default elementor-section-height-default\" data-id=\"0665734\" data-element_type=\"section\">\n\t\t\t\t\t\t<div class=\"elementor-container elementor-column-gap-default\">\n\t\t\t\t\t<div class=\"elementor-column elementor-col-100 elementor-top-column elementor-element elementor-element-f58a3e8\" data-id=\"f58a3e8\" data-element_type=\"column\">\n\t\t\t<div class=\"elementor-widget-wrap elementor-element-populated\">\n\t\t\t\t\t\t<div class=\"elementor-element elementor-element-9c63a07 elementor-widget elementor-widget-image\" data-id=\"9c63a07\" data-element_type=\"widget\" data-widget_type=\"image.default\">\n\t\t\t\t<div class=\"elementor-widget-container\">\n\t\t\t\t\t\t\t\t\t\t\t\t\t\t\t<img fetchpriority=\"high\" decoding=\"async\" width=\"696\" height=\"522\" src=\"https:\/\/pc.sc.gov.br\/\/wp-content\/uploads\/2022\/12\/pc_vadfdmodisgnfiodgnfdfdfdfdmgosdmfoh-1024x768.jpg\" class=\"attachment-large size-large wp-image-2901\" alt=\"\" srcset=\"https:\/\/pc.sc.gov.br\/\/wp-content\/uploads\/2022\/12\/pc_vadfdmodisgnfiodgnfdfdfdfdmgosdmfoh-1024x768.jpg 1024w, https:\/\/pc.sc.gov.br\/\/wp-content\/uploads\/2022\/12\/pc_vadfdmodisgnfiodgnfdfdfdfdmgosdmfoh-300x225.jpg 300w, https:\/\/pc.sc.gov.br\/\/wp-content\/uploads\/2022\/12\/pc_vadfdmodisgnfiodgnfdfdfdfdmgosdmfoh-768x576.jpg 768w, https:\/\/pc.sc.gov.br\/\/wp-content\/uploads\/2022\/12\/pc_vadfdmodisgnfiodgnfdfdfdfdmgosdmfoh-1536x1152.jpg 1536w, https:\/\/pc.sc.gov.br\/\/wp-content\/uploads\/2022\/12\/pc_vadfdmodisgnfiodgnfdfdfdfdmgosdmfoh.jpg 1600w\" sizes=\"(max-width: 696px) 100vw, 696px\" \/>\t\t\t\t\t\t\t\t\t\t\t\t\t\t\t<\/div>\n\t\t\t\t<\/div>\n\t\t\t\t<div class=\"elementor-element elementor-element-8e8f57a elementor-widget elementor-widget-text-editor\" data-id=\"8e8f57a\" data-element_type=\"widget\" data-widget_type=\"text-editor.default\">\n\t\t\t\t<div class=\"elementor-widget-container\">\n\t\t\t\t\t\t\t\t\t<p>A Pol\u00edcia Civil e a Prefeitura de Florian\u00f3polis celebraram um conv\u00eanio na tarde desta ter\u00e7a-feira (20) que prev\u00ea o fortalecimento das a\u00e7\u00f5es integradas no combate a uma s\u00e9rie de crimes. Ser\u00e3o abrangidos, por exemplo, o combate \u00e0 pirataria, ao com\u00e9rcio ambulante de mercadorias ilegais, \u00e0s invas\u00f5es irregulares de terra e constru\u00e7\u00f5es ilegais e a comercializa\u00e7\u00e3o indevida de produtos reciclados de origem il\u00edcita como sucatas e fios.<\/p><p>A assinatura aconteceu no gabinete da Prefeitura da Capital, reunindo o prefeito Top\u00e1zio Silveira Neto, o delegado-geral da Pol\u00edcia Civil de Santa Catarina, Marcos Fl\u00e1vio Ghizoni J\u00fanior, a diretora de Pol\u00edcia da Grande Florian\u00f3polis, Michele Alves Correa Rebelo, o secret\u00e1rio municipal de Seguran\u00e7a P\u00fablica, Ara\u00fajo Gomes, al\u00e9m de delegados e integrantes da Prefeitura e do Minist\u00e9rio P\u00fablico de SC.<\/p><p>O documento prev\u00ea o repasse financeiro de R$ 20 mil mensais pela Prefeitura da Capital \u00e0 Pol\u00edcia Civil em aux\u00edlio financeiro para a aquisi\u00e7\u00e3o de bens e servi\u00e7os para auxiliar as atividades. O conv\u00eanio vai at\u00e9 o final de 2024.<\/p><p>\u201cAl\u00e9m das nossas rotinas naturais dos nossos servi\u00e7os de persecu\u00e7\u00e3o criminal, vamos acelerar o combate ao com\u00e9rcio ilegal, e a outros tantos problemas que afetam o munic\u00edpio\u201d, apontou o delegado-geral da Pol\u00edcia Civil, Marcos Fl\u00e1vio Ghizoni J\u00fanior.<\/p><p><strong>Agilidade<\/strong><\/p><p>De acordo com o prefeito da Capital, Top\u00e1zio Silveira Neto, o principal objetivo da parceria \u00e9 trazer agilidade de investiga\u00e7\u00e3o de crimes contra o patrim\u00f4nio p\u00fablico e a ordem p\u00fablica e no apoio aos \u00f3rg\u00e3os municipais de fiscaliza\u00e7\u00e3o da prefeitura.<\/p><p>Segundo a diretora de Pol\u00edcia da Grande Florian\u00f3polis, delegada Michele Alves Correa Rebelo, as a\u00e7\u00f5es integradas ser\u00e3o fortalecidas, com pronta resposta e resultados mais efetivos. O secret\u00e1rio Municipal de Seguran\u00e7a, Ara\u00fajo Gomes, informou que uma das primeiras a\u00e7\u00f5es ter\u00e1 como foco a prote\u00e7\u00e3o dos comerciantes ambulantes legais licenciados pela Prefeitura para a temporada de ver\u00e3o.<\/p>\t\t\t\t\t\t\t\t<\/div>\n\t\t\t\t<\/div>\n\t\t\t\t<div class=\"elementor-element elementor-element-95d4c64 elementor-widget elementor-widget-image\" data-id=\"95d4c64\" data-element_type=\"widget\" data-widget_type=\"image.default\">\n\t\t\t\t<div class=\"elementor-widget-container\">\n\t\t\t\t\t\t\t\t\t\t\t\t\t\t\t<img decoding=\"async\" width=\"696\" height=\"522\" src=\"https:\/\/pc.sc.gov.br\/\/wp-content\/uploads\/2022\/12\/pc_vadfdsdsdsdmodisgnfiodgnfdfdfdfdmgosdmfoh-1024x768.jpg\" class=\"attachment-large size-large wp-image-2902\" alt=\"\" srcset=\"https:\/\/pc.sc.gov.br\/\/wp-content\/uploads\/2022\/12\/pc_vadfdsdsdsdmodisgnfiodgnfdfdfdfdmgosdmfoh-1024x768.jpg 1024w, https:\/\/pc.sc.gov.br\/\/wp-content\/uploads\/2022\/12\/pc_vadfdsdsdsdmodisgnfiodgnfdfdfdfdmgosdmfoh-300x225.jpg 300w, https:\/\/pc.sc.gov.br\/\/wp-content\/uploads\/2022\/12\/pc_vadfdsdsdsdmodisgnfiodgnfdfdfdfdmgosdmfoh-768x576.jpg 768w, https:\/\/pc.sc.gov.br\/\/wp-content\/uploads\/2022\/12\/pc_vadfdsdsdsdmodisgnfiodgnfdfdfdfdmgosdmfoh.jpg 1288w\" sizes=\"(max-width: 696px) 100vw, 696px\" \/>\t\t\t\t\t\t\t\t\t\t\t\t\t\t\t<\/div>\n\t\t\t\t<\/div>\n\t\t\t\t\t<\/div>\n\t\t<\/div>\n\t\t\t\t\t<\/div>\n\t\t<\/section>\n\t\t\t\t<\/div>\n\t\t","protected":false},"excerpt":{"rendered":"<p>Pol\u00edcia Civil e Prefeitura de Florian\u00f3polis assinam conv\u00eanio para fortalecimento de a\u00e7\u00f5es integradas e combate a crimes A Pol\u00edcia Civil e a Prefeitura de Florian\u00f3polis celebraram um conv\u00eanio na tarde desta ter\u00e7a-feira (20) que prev\u00ea o fortalecimento das a\u00e7\u00f5es integradas no combate a uma s\u00e9rie de crimes. Ser\u00e3o abrangidos, por exemplo, o combate \u00e0 pirataria, [&hellip;]<\/p>\n","protected":false},"author":5,"featured_media":2901,"comment_status":"closed","ping_status":"open","sticky":false,"template":"","format":"standard","meta":{"_monsterinsights_skip_tracking":false,"_monsterinsights_sitenote_active":false,"_monsterinsights_sitenote_note":"","_monsterinsights_sitenote_category":0,"footnotes":""},"categories":[1],"tags":[],"class_list":["post-2900","post","type-post","status-publish","format-standard","has-post-thumbnail","hentry","category-sem-categoria"],"_links":{"self":[{"href":"https:\/\/pc.sc.gov.br\/index.php?rest_route=\/wp\/v2\/posts\/2900","targetHints":{"allow":["GET"]}}],"collection":[{"href":"https:\/\/pc.sc.gov.br\/index.php?rest_route=\/wp\/v2\/posts"}],"about":[{"href":"https:\/\/pc.sc.gov.br\/index.php?rest_route=\/wp\/v2\/types\/post"}],"author":[{"embeddable":true,"href":"https:\/\/pc.sc.gov.br\/index.php?rest_route=\/wp\/v2\/users\/5"}],"replies":[{"embeddable":true,"href":"https:\/\/pc.sc.gov.br\/index.php?rest_route=%2Fwp%2Fv2%2Fcomments&post=2900"}],"version-history":[{"count":7,"href":"https:\/\/pc.sc.gov.br\/index.php?rest_route=\/wp\/v2\/posts\/2900\/revisions"}],"predecessor-version":[{"id":2909,"href":"https:\/\/pc.sc.gov.br\/index.php?rest_route=\/wp\/v2\/posts\/2900\/revisions\/2909"}],"wp:featuredmedia":[{"embeddable":true,"href":"https:\/\/pc.sc.gov.br\/index.php?rest_route=\/wp\/v2\/media\/2901"}],"wp:attachment":[{"href":"https:\/\/pc.sc.gov.br\/index.php?rest_route=%2Fwp%2Fv2%2Fmedia&parent=2900"}],"wp:term":[{"taxonomy":"category","embeddable":true,"href":"https:\/\/pc.sc.gov.br\/index.php?rest_route=%2Fwp%2Fv2%2Fcategories&post=2900"},{"taxonomy":"post_tag","embeddable":true,"href":"https:\/\/pc.sc.gov.br\/index.php?rest_route=%2Fwp%2Fv2%2Ftags&post=2900"}],"curies":[{"name":"wp","href":"https:\/\/api.w.org\/{rel}","templated":true}]}}