{"id":29025,"date":"2025-05-26T19:15:32","date_gmt":"2025-05-26T22:15:32","guid":{"rendered":"https:\/\/pc.sc.gov.br\/?p=29025"},"modified":"2025-05-26T19:26:35","modified_gmt":"2025-05-26T22:26:35","slug":"acao-integrada-entre-as-policias-civil-e-militar-resulta-na-prisao-em-flagrante-de-homem-que-matou-a-propria-filha-em-abelardo-luz","status":"publish","type":"post","link":"https:\/\/pc.sc.gov.br\/?p=29025","title":{"rendered":"A\u00e7\u00e3o integrada entre for\u00e7as de seguran\u00e7a resulta na pris\u00e3o em flagrante de homem que matou a pr\u00f3pria filha em Abelardo Luz"},"content":{"rendered":"\t\t<div data-elementor-type=\"wp-post\" data-elementor-id=\"29025\" class=\"elementor elementor-29025\" data-elementor-post-type=\"post\">\n\t\t\t\t\t\t<section class=\"elementor-section elementor-top-section elementor-element elementor-element-60fa826 elementor-section-boxed elementor-section-height-default elementor-section-height-default\" data-id=\"60fa826\" data-element_type=\"section\">\n\t\t\t\t\t\t<div class=\"elementor-container elementor-column-gap-default\">\n\t\t\t\t\t<div class=\"elementor-column elementor-col-100 elementor-top-column elementor-element elementor-element-2464800\" data-id=\"2464800\" data-element_type=\"column\">\n\t\t\t<div class=\"elementor-widget-wrap elementor-element-populated\">\n\t\t\t\t\t\t<div class=\"elementor-element elementor-element-534c7af elementor-widget elementor-widget-heading\" data-id=\"534c7af\" data-element_type=\"widget\" data-widget_type=\"heading.default\">\n\t\t\t\t<div class=\"elementor-widget-container\">\n\t\t\t\t\t<h2 class=\"elementor-heading-title elementor-size-default\">A\u00e7\u00e3o integrada entre as for\u00e7as de seguran\u00e7a resulta na pris\u00e3o em flagrante de homem que matou a pr\u00f3pria filha em Abelardo Luz<\/h2>\t\t\t\t<\/div>\n\t\t\t\t<\/div>\n\t\t\t\t\t<\/div>\n\t\t<\/div>\n\t\t\t\t\t<\/div>\n\t\t<\/section>\n\t\t\t\t<section class=\"elementor-section elementor-top-section elementor-element elementor-element-78fdf3c elementor-section-boxed elementor-section-height-default elementor-section-height-default\" data-id=\"78fdf3c\" data-element_type=\"section\">\n\t\t\t\t\t\t<div class=\"elementor-container elementor-column-gap-default\">\n\t\t\t\t\t<div class=\"elementor-column elementor-col-100 elementor-top-column elementor-element elementor-element-4d7a13f\" data-id=\"4d7a13f\" data-element_type=\"column\">\n\t\t\t<div class=\"elementor-widget-wrap elementor-element-populated\">\n\t\t\t\t\t\t<div class=\"elementor-element elementor-element-4c14ab3 elementor-widget elementor-widget-image\" data-id=\"4c14ab3\" data-element_type=\"widget\" data-widget_type=\"image.default\">\n\t\t\t\t<div class=\"elementor-widget-container\">\n\t\t\t\t\t\t\t\t\t\t\t\t\t\t\t<img fetchpriority=\"high\" decoding=\"async\" width=\"696\" height=\"522\" src=\"https:\/\/pc.sc.gov.br\/\/wp-content\/uploads\/2025\/02\/PCSC-PADRAO.jpg\" class=\"attachment-large size-large wp-image-26591\" alt=\"\" srcset=\"https:\/\/pc.sc.gov.br\/\/wp-content\/uploads\/2025\/02\/PCSC-PADRAO.jpg 768w, https:\/\/pc.sc.gov.br\/\/wp-content\/uploads\/2025\/02\/PCSC-PADRAO-300x225.jpg 300w\" sizes=\"(max-width: 696px) 100vw, 696px\" \/>\t\t\t\t\t\t\t\t\t\t\t\t\t\t\t<\/div>\n\t\t\t\t<\/div>\n\t\t\t\t\t<\/div>\n\t\t<\/div>\n\t\t\t\t\t<\/div>\n\t\t<\/section>\n\t\t\t\t<section class=\"elementor-section elementor-top-section elementor-element elementor-element-ce7ff7a elementor-section-boxed elementor-section-height-default elementor-section-height-default\" data-id=\"ce7ff7a\" data-element_type=\"section\">\n\t\t\t\t\t\t<div class=\"elementor-container elementor-column-gap-default\">\n\t\t\t\t\t<div class=\"elementor-column elementor-col-100 elementor-top-column elementor-element elementor-element-3dda30b\" data-id=\"3dda30b\" data-element_type=\"column\">\n\t\t\t<div class=\"elementor-widget-wrap elementor-element-populated\">\n\t\t\t\t\t\t<div class=\"elementor-element elementor-element-f1532d7 elementor-widget elementor-widget-text-editor\" data-id=\"f1532d7\" data-element_type=\"widget\" data-widget_type=\"text-editor.default\">\n\t\t\t\t<div class=\"elementor-widget-container\">\n\t\t\t\t\t\t\t\t\t<p>Na tarde desta segunda-feira (26\/05), a Pol\u00edcia Civil de Santa Catarina, em a\u00e7\u00e3o conjunta com a Pol\u00edcia Militar e o Corpo de Bombeiros da regi\u00e3o de Xanxer\u00ea, prendeu em flagrante um homem acusado de matar a pr\u00f3pria filha, de apenas 1 ano e 9 meses, no munic\u00edpio de Abelardo Luz.<\/p>\n<p>O crime ocorreu na tarde de domingo (25\/05), no Assentamento Santa Rosa I, interior de Abelardo Luz, ap\u00f3s uma discuss\u00e3o entre o autor e sua esposa motivada por ci\u00fames. Durante o desentendimento, o homem pegou a filha e uma sacola contendo uma corda e algumas roupas e seguiu em dire\u00e7\u00e3o a um rio, nas proximidades da resid\u00eancia onde a fam\u00edlia estava em visita.<\/p>\n<p>Ao adentrar uma \u00e1rea de mata, o autor tirou a vida da crian\u00e7a por meio de enforcamento, utilizando um galho de \u00e1rvore para suspender a v\u00edtima. De acordo com as investiga\u00e7\u00f5es, ele tamb\u00e9m tentou tirar a pr\u00f3pria vida por tr\u00eas vezes, mas n\u00e3o obteve \u00eaxito, pois tanto o galho quanto a roupa utilizada para a tentativa romperam-se.<\/p>\n<p>As buscas tiveram in\u00edcio ainda na tarde de domingo, ap\u00f3s familiares comunicarem o desaparecimento \u00e0 Pol\u00edcia Militar, que prontamente mobilizou efetivo para vasculhar a regi\u00e3o. Por volta da meia-noite, o autor entrou em contato com um dos familiares. As for\u00e7as de seguran\u00e7a conseguiram convenc\u00ea-lo a se entregar.<\/p>\n<p>No ponto previamente combinado, os policiais encontraram o homem, que confessou o crime e revelou a localiza\u00e7\u00e3o do corpo da filha, bem como os detalhes das tentativas de suic\u00eddio. Na manh\u00e3 desta segunda-feira (26\/05), equipes da Pol\u00edcia Civil, Pol\u00edcia Militar e Corpo de Bombeiros, acompanhadas do pr\u00f3prio autor, adentraram a mata e localizaram o corpo da crian\u00e7a, j\u00e1 em uma \u00e1rea pertencente ao munic\u00edpio de Varge\u00e3o.<\/p>\n<p>O homem foi conduzido at\u00e9 a Central de Plant\u00e3o Policial de Xanxer\u00ea, onde foi autuado em flagrante pelos crimes de feminic\u00eddio qualificado, oculta\u00e7\u00e3o de cad\u00e1ver e sequestro. Ap\u00f3s os procedimentos legais, ele foi encaminhado ao sistema prisional de Xanxer\u00ea.<\/p>\n<p>As investiga\u00e7\u00f5es seguem sob responsabilidade da Delegacia de Pol\u00edcia da Comarca de Ponte Serrada. A a\u00e7\u00e3o contou com a participa\u00e7\u00e3o de policiais da Drp de Xanxer\u00ea, da DIC, DPCO e DPCAMI de Xanxer\u00ea, da DPCO de Xaxim, da DPCO de Abelardo Luz, da DPMU de Ouro Verde, da PMSC, do Corpo de Bombeiros e da Pol\u00edcia Cient\u00edfica.&nbsp;<\/p>\t\t\t\t\t\t\t\t<\/div>\n\t\t\t\t<\/div>\n\t\t\t\t\t<\/div>\n\t\t<\/div>\n\t\t\t\t\t<\/div>\n\t\t<\/section>\n\t\t\t\t<\/div>\n\t\t","protected":false},"excerpt":{"rendered":"<p>A\u00e7\u00e3o integrada entre as for\u00e7as de seguran\u00e7a resulta na pris\u00e3o em flagrante de homem que matou a pr\u00f3pria filha em Abelardo Luz Na tarde desta segunda-feira (26\/05), a Pol\u00edcia Civil de Santa Catarina, em a\u00e7\u00e3o conjunta com a Pol\u00edcia Militar e o Corpo de Bombeiros da regi\u00e3o de Xanxer\u00ea, prendeu em flagrante um homem acusado [&hellip;]<\/p>\n","protected":false},"author":5,"featured_media":26591,"comment_status":"closed","ping_status":"open","sticky":false,"template":"","format":"standard","meta":{"_monsterinsights_skip_tracking":false,"_monsterinsights_sitenote_active":false,"_monsterinsights_sitenote_note":"","_monsterinsights_sitenote_category":0,"footnotes":""},"categories":[1],"tags":[],"class_list":["post-29025","post","type-post","status-publish","format-standard","has-post-thumbnail","hentry","category-sem-categoria"],"_links":{"self":[{"href":"https:\/\/pc.sc.gov.br\/index.php?rest_route=\/wp\/v2\/posts\/29025","targetHints":{"allow":["GET"]}}],"collection":[{"href":"https:\/\/pc.sc.gov.br\/index.php?rest_route=\/wp\/v2\/posts"}],"about":[{"href":"https:\/\/pc.sc.gov.br\/index.php?rest_route=\/wp\/v2\/types\/post"}],"author":[{"embeddable":true,"href":"https:\/\/pc.sc.gov.br\/index.php?rest_route=\/wp\/v2\/users\/5"}],"replies":[{"embeddable":true,"href":"https:\/\/pc.sc.gov.br\/index.php?rest_route=%2Fwp%2Fv2%2Fcomments&post=29025"}],"version-history":[{"count":11,"href":"https:\/\/pc.sc.gov.br\/index.php?rest_route=\/wp\/v2\/posts\/29025\/revisions"}],"predecessor-version":[{"id":29036,"href":"https:\/\/pc.sc.gov.br\/index.php?rest_route=\/wp\/v2\/posts\/29025\/revisions\/29036"}],"wp:featuredmedia":[{"embeddable":true,"href":"https:\/\/pc.sc.gov.br\/index.php?rest_route=\/wp\/v2\/media\/26591"}],"wp:attachment":[{"href":"https:\/\/pc.sc.gov.br\/index.php?rest_route=%2Fwp%2Fv2%2Fmedia&parent=29025"}],"wp:term":[{"taxonomy":"category","embeddable":true,"href":"https:\/\/pc.sc.gov.br\/index.php?rest_route=%2Fwp%2Fv2%2Fcategories&post=29025"},{"taxonomy":"post_tag","embeddable":true,"href":"https:\/\/pc.sc.gov.br\/index.php?rest_route=%2Fwp%2Fv2%2Ftags&post=29025"}],"curies":[{"name":"wp","href":"https:\/\/api.w.org\/{rel}","templated":true}]}}