{"id":29047,"date":"2025-05-28T15:32:16","date_gmt":"2025-05-28T18:32:16","guid":{"rendered":"https:\/\/pc.sc.gov.br\/?p=29047"},"modified":"2025-05-28T15:32:54","modified_gmt":"2025-05-28T18:32:54","slug":"operacao-conjunta-das-policias-civil-e-militar-resulta-na-apreensao-de-grande-quantidade-de-drogas-e-prisao-em-flagrante-em-braco-do-norte","status":"publish","type":"post","link":"https:\/\/pc.sc.gov.br\/?p=29047","title":{"rendered":"Opera\u00e7\u00e3o conjunta das Pol\u00edcias Civil e Militar resulta na apreens\u00e3o de grande quantidade de drogas e pris\u00e3o em flagrante em Bra\u00e7o do Norte"},"content":{"rendered":"\t\t<div data-elementor-type=\"wp-post\" data-elementor-id=\"29047\" class=\"elementor elementor-29047\" data-elementor-post-type=\"post\">\n\t\t\t\t\t\t<section class=\"elementor-section elementor-top-section elementor-element elementor-element-32e33c1 elementor-section-boxed elementor-section-height-default elementor-section-height-default\" data-id=\"32e33c1\" data-element_type=\"section\">\n\t\t\t\t\t\t<div class=\"elementor-container elementor-column-gap-default\">\n\t\t\t\t\t<div class=\"elementor-column elementor-col-100 elementor-top-column elementor-element elementor-element-1baf72c\" data-id=\"1baf72c\" data-element_type=\"column\">\n\t\t\t<div class=\"elementor-widget-wrap elementor-element-populated\">\n\t\t\t\t\t\t<div class=\"elementor-element elementor-element-30565d8 elementor-widget elementor-widget-heading\" data-id=\"30565d8\" data-element_type=\"widget\" data-widget_type=\"heading.default\">\n\t\t\t\t<div class=\"elementor-widget-container\">\n\t\t\t\t\t<h2 class=\"elementor-heading-title elementor-size-default\">Opera\u00e7\u00e3o conjunta das Pol\u00edcias Civil e Militar resulta na apreens\u00e3o de grande quantidade de drogas e pris\u00e3o em flagrante em Bra\u00e7o do Norte<\/h2>\t\t\t\t<\/div>\n\t\t\t\t<\/div>\n\t\t\t\t\t<\/div>\n\t\t<\/div>\n\t\t\t\t\t<\/div>\n\t\t<\/section>\n\t\t\t\t<section class=\"elementor-section elementor-top-section elementor-element elementor-element-c42250a elementor-section-boxed elementor-section-height-default elementor-section-height-default\" data-id=\"c42250a\" data-element_type=\"section\">\n\t\t\t\t\t\t<div class=\"elementor-container elementor-column-gap-default\">\n\t\t\t\t\t<div class=\"elementor-column elementor-col-100 elementor-top-column elementor-element elementor-element-ce84b95\" data-id=\"ce84b95\" data-element_type=\"column\">\n\t\t\t<div class=\"elementor-widget-wrap elementor-element-populated\">\n\t\t\t\t\t\t<div class=\"elementor-element elementor-element-81b3c69 elementor-widget elementor-widget-image\" data-id=\"81b3c69\" data-element_type=\"widget\" data-widget_type=\"image.default\">\n\t\t\t\t<div class=\"elementor-widget-container\">\n\t\t\t\t\t\t\t\t\t\t\t\t\t\t\t<img fetchpriority=\"high\" decoding=\"async\" width=\"696\" height=\"928\" src=\"https:\/\/pc.sc.gov.br\/\/wp-content\/uploads\/2025\/05\/WhatsApp-Image-2025-05-28-at-15.15.08-768x1024.jpeg\" class=\"attachment-large size-large wp-image-29048\" alt=\"\" srcset=\"https:\/\/pc.sc.gov.br\/\/wp-content\/uploads\/2025\/05\/WhatsApp-Image-2025-05-28-at-15.15.08-768x1024.jpeg 768w, https:\/\/pc.sc.gov.br\/\/wp-content\/uploads\/2025\/05\/WhatsApp-Image-2025-05-28-at-15.15.08-225x300.jpeg 225w, https:\/\/pc.sc.gov.br\/\/wp-content\/uploads\/2025\/05\/WhatsApp-Image-2025-05-28-at-15.15.08-1152x1536.jpeg 1152w, https:\/\/pc.sc.gov.br\/\/wp-content\/uploads\/2025\/05\/WhatsApp-Image-2025-05-28-at-15.15.08.jpeg 1200w\" sizes=\"(max-width: 696px) 100vw, 696px\" \/>\t\t\t\t\t\t\t\t\t\t\t\t\t\t\t<\/div>\n\t\t\t\t<\/div>\n\t\t\t\t\t<\/div>\n\t\t<\/div>\n\t\t\t\t\t<\/div>\n\t\t<\/section>\n\t\t\t\t<section class=\"elementor-section elementor-top-section elementor-element elementor-element-2f6e286 elementor-section-boxed elementor-section-height-default elementor-section-height-default\" data-id=\"2f6e286\" data-element_type=\"section\">\n\t\t\t\t\t\t<div class=\"elementor-container elementor-column-gap-default\">\n\t\t\t\t\t<div class=\"elementor-column elementor-col-100 elementor-top-column elementor-element elementor-element-30d77ab\" data-id=\"30d77ab\" data-element_type=\"column\">\n\t\t\t<div class=\"elementor-widget-wrap elementor-element-populated\">\n\t\t\t\t\t\t<div class=\"elementor-element elementor-element-8d14c0f elementor-widget elementor-widget-text-editor\" data-id=\"8d14c0f\" data-element_type=\"widget\" data-widget_type=\"text-editor.default\">\n\t\t\t\t<div class=\"elementor-widget-container\">\n\t\t\t\t\t\t\t\t\t<p>Na ter\u00e7a-feira (27\/05), a Pol\u00edcia Civil de Santa Catarina, por meio da Delegacia de Pol\u00edcia da Comarca de Bra\u00e7o do Norte, em a\u00e7\u00e3o conjunta com a Pol\u00edcia Militar de Santa Catarina, cumpriu mandados de busca e apreens\u00e3o que resultaram na apreens\u00e3o de grande quantidade de drogas. Na ocasi\u00e3o, um homem foi preso em flagrante pelo crime de tr\u00e1fico de drogas.<\/p><p data-start=\"588\" data-end=\"895\">A a\u00e7\u00e3o \u00e9 resultado de uma investiga\u00e7\u00e3o que se desenvolveu por aproximadamente um ano e contou com o apoio do servi\u00e7o de intelig\u00eancia da Pol\u00edcia Militar. Com a reuni\u00e3o de elementos suficientes, foi poss\u00edvel \u00e0 autoridade policial representar pelos mandados de busca, que foram deferidos pelo Poder Judici\u00e1rio.<\/p><p data-start=\"897\" data-end=\"1104\">Conforme apurado na investiga\u00e7\u00e3o, um dos locais alvos dos mandados era utilizado para armazenamento de drogas. No endere\u00e7o, o investigado foi localizado na posse de significativa quantidade de entorpecentes.<\/p><p data-start=\"1106\" data-end=\"1564\">Durante a opera\u00e7\u00e3o, foram apreendidas 16 por\u00e7\u00f5es de coca\u00edna, j\u00e1 fracionadas e prontas para comercializa\u00e7\u00e3o, pesando aproximadamente 7,5 gramas. No interior de um ve\u00edculo utilizado pelo investigado, foram encontradas duas por\u00e7\u00f5es grandes de maconha, totalizando cerca de um quilograma, al\u00e9m de duas por\u00e7\u00f5es menores, somando aproximadamente 40 gramas.<\/p><p data-start=\"1566\" data-end=\"1865\">Na resid\u00eancia do investigado, os policiais apreenderam cinco tabletes grandes e duas por\u00e7\u00f5es menores de maconha, totalizando cerca de cinco quilogramas da droga. Foram localizados ainda 100 comprimidos de ecstasy, aproximadamente 56 gramas de coca\u00edna e 3,6 gramas de MD.<\/p><p data-start=\"1867\" data-end=\"2106\">Em outro endere\u00e7o, os policiais civis localizaram aproximadamente 6,3 gramas de maconha do tipo flor, conhecida como &#8220;camar\u00e3o&#8221;, e tr\u00eas por\u00e7\u00f5es de haxixe, totalizando cerca de quatro gramas.<\/p><p data-start=\"2108\" data-end=\"2264\">Al\u00e9m dos entorpecentes, foram apreendidos uma balan\u00e7a de precis\u00e3o, um autom\u00f3vel utilizado para entrega de drogas, um aparelho celular e dinheiro em esp\u00e9cie.<\/p><p data-start=\"2266\" data-end=\"2520\">O investigado foi conduzido \u00e0 Delegacia de Pol\u00edcia, onde foi lavrado o auto de pris\u00e3o em flagrante pelo crime de tr\u00e1fico de drogas. Ap\u00f3s a formaliza\u00e7\u00e3o dos procedimentos, ele foi encaminhado ao pres\u00eddio, onde permanecer\u00e1 \u00e0 disposi\u00e7\u00e3o do Poder Judici\u00e1rio.<\/p>\t\t\t\t\t\t\t\t<\/div>\n\t\t\t\t<\/div>\n\t\t\t\t\t<\/div>\n\t\t<\/div>\n\t\t\t\t\t<\/div>\n\t\t<\/section>\n\t\t\t\t<\/div>\n\t\t","protected":false},"excerpt":{"rendered":"<p>Opera\u00e7\u00e3o conjunta das Pol\u00edcias Civil e Militar resulta na apreens\u00e3o de grande quantidade de drogas e pris\u00e3o em flagrante em Bra\u00e7o do Norte Na ter\u00e7a-feira (27\/05), a Pol\u00edcia Civil de Santa Catarina, por meio da Delegacia de Pol\u00edcia da Comarca de Bra\u00e7o do Norte, em a\u00e7\u00e3o conjunta com a Pol\u00edcia Militar de Santa Catarina, cumpriu [&hellip;]<\/p>\n","protected":false},"author":5,"featured_media":29048,"comment_status":"closed","ping_status":"open","sticky":false,"template":"","format":"standard","meta":{"_monsterinsights_skip_tracking":false,"_monsterinsights_sitenote_active":false,"_monsterinsights_sitenote_note":"","_monsterinsights_sitenote_category":0,"footnotes":""},"categories":[1],"tags":[],"class_list":["post-29047","post","type-post","status-publish","format-standard","has-post-thumbnail","hentry","category-sem-categoria"],"_links":{"self":[{"href":"https:\/\/pc.sc.gov.br\/index.php?rest_route=\/wp\/v2\/posts\/29047","targetHints":{"allow":["GET"]}}],"collection":[{"href":"https:\/\/pc.sc.gov.br\/index.php?rest_route=\/wp\/v2\/posts"}],"about":[{"href":"https:\/\/pc.sc.gov.br\/index.php?rest_route=\/wp\/v2\/types\/post"}],"author":[{"embeddable":true,"href":"https:\/\/pc.sc.gov.br\/index.php?rest_route=\/wp\/v2\/users\/5"}],"replies":[{"embeddable":true,"href":"https:\/\/pc.sc.gov.br\/index.php?rest_route=%2Fwp%2Fv2%2Fcomments&post=29047"}],"version-history":[{"count":4,"href":"https:\/\/pc.sc.gov.br\/index.php?rest_route=\/wp\/v2\/posts\/29047\/revisions"}],"predecessor-version":[{"id":29052,"href":"https:\/\/pc.sc.gov.br\/index.php?rest_route=\/wp\/v2\/posts\/29047\/revisions\/29052"}],"wp:featuredmedia":[{"embeddable":true,"href":"https:\/\/pc.sc.gov.br\/index.php?rest_route=\/wp\/v2\/media\/29048"}],"wp:attachment":[{"href":"https:\/\/pc.sc.gov.br\/index.php?rest_route=%2Fwp%2Fv2%2Fmedia&parent=29047"}],"wp:term":[{"taxonomy":"category","embeddable":true,"href":"https:\/\/pc.sc.gov.br\/index.php?rest_route=%2Fwp%2Fv2%2Fcategories&post=29047"},{"taxonomy":"post_tag","embeddable":true,"href":"https:\/\/pc.sc.gov.br\/index.php?rest_route=%2Fwp%2Fv2%2Ftags&post=29047"}],"curies":[{"name":"wp","href":"https:\/\/api.w.org\/{rel}","templated":true}]}}