{"id":29053,"date":"2025-05-28T17:40:56","date_gmt":"2025-05-28T20:40:56","guid":{"rendered":"https:\/\/pc.sc.gov.br\/?p=29053"},"modified":"2025-05-28T18:27:09","modified_gmt":"2025-05-28T21:27:09","slug":"policia-civil-de-sc-realiza-tres-prisoes-em-apoio-a-policia-civil-do-rs-durante-operacao-em-florianopolis","status":"publish","type":"post","link":"https:\/\/pc.sc.gov.br\/?p=29053","title":{"rendered":"Pol\u00edcia Civil de SC realiza tr\u00eas pris\u00f5es em apoio \u00e0 Pol\u00edcia Civil do RS durante opera\u00e7\u00e3o em Florian\u00f3polis"},"content":{"rendered":"\t\t<div data-elementor-type=\"wp-post\" data-elementor-id=\"29053\" class=\"elementor elementor-29053\" data-elementor-post-type=\"post\">\n\t\t\t\t\t\t<section class=\"elementor-section elementor-top-section elementor-element elementor-element-c183d6a elementor-section-boxed elementor-section-height-default elementor-section-height-default\" data-id=\"c183d6a\" data-element_type=\"section\">\n\t\t\t\t\t\t<div class=\"elementor-container elementor-column-gap-default\">\n\t\t\t\t\t<div class=\"elementor-column elementor-col-100 elementor-top-column elementor-element elementor-element-25c76bb\" data-id=\"25c76bb\" data-element_type=\"column\">\n\t\t\t<div class=\"elementor-widget-wrap elementor-element-populated\">\n\t\t\t\t\t\t<div class=\"elementor-element elementor-element-ba9eb07 elementor-widget elementor-widget-heading\" data-id=\"ba9eb07\" data-element_type=\"widget\" data-widget_type=\"heading.default\">\n\t\t\t\t<div class=\"elementor-widget-container\">\n\t\t\t\t\t<h2 class=\"elementor-heading-title elementor-size-default\">Pol\u00edcia Civil de SC realiza tr\u00eas pris\u00f5es em apoio \u00e0 Pol\u00edcia Civil do RS durante opera\u00e7\u00e3o em Florian\u00f3polis<\/h2>\t\t\t\t<\/div>\n\t\t\t\t<\/div>\n\t\t\t\t\t<\/div>\n\t\t<\/div>\n\t\t\t\t\t<\/div>\n\t\t<\/section>\n\t\t\t\t<section class=\"elementor-section elementor-top-section elementor-element elementor-element-14be973 elementor-section-boxed elementor-section-height-default elementor-section-height-default\" data-id=\"14be973\" data-element_type=\"section\">\n\t\t\t\t\t\t<div class=\"elementor-container elementor-column-gap-default\">\n\t\t\t\t\t<div class=\"elementor-column elementor-col-100 elementor-top-column elementor-element elementor-element-9e2c997\" data-id=\"9e2c997\" data-element_type=\"column\">\n\t\t\t<div class=\"elementor-widget-wrap elementor-element-populated\">\n\t\t\t\t\t\t<div class=\"elementor-element elementor-element-b53bb0a elementor-widget elementor-widget-image\" data-id=\"b53bb0a\" data-element_type=\"widget\" data-widget_type=\"image.default\">\n\t\t\t\t<div class=\"elementor-widget-container\">\n\t\t\t\t\t\t\t\t\t\t\t\t\t\t\t<img fetchpriority=\"high\" decoding=\"async\" width=\"696\" height=\"927\" src=\"https:\/\/pc.sc.gov.br\/\/wp-content\/uploads\/2024\/02\/WhatsApp-Image-2024-02-06-at-13.53.20-769x1024.jpeg\" class=\"attachment-large size-large wp-image-17181\" alt=\"\" srcset=\"https:\/\/pc.sc.gov.br\/\/wp-content\/uploads\/2024\/02\/WhatsApp-Image-2024-02-06-at-13.53.20-769x1024.jpeg 769w, https:\/\/pc.sc.gov.br\/\/wp-content\/uploads\/2024\/02\/WhatsApp-Image-2024-02-06-at-13.53.20-225x300.jpeg 225w, https:\/\/pc.sc.gov.br\/\/wp-content\/uploads\/2024\/02\/WhatsApp-Image-2024-02-06-at-13.53.20-768x1023.jpeg 768w, https:\/\/pc.sc.gov.br\/\/wp-content\/uploads\/2024\/02\/WhatsApp-Image-2024-02-06-at-13.53.20.jpeg 868w\" sizes=\"(max-width: 696px) 100vw, 696px\" \/>\t\t\t\t\t\t\t\t\t\t\t\t\t\t\t<\/div>\n\t\t\t\t<\/div>\n\t\t\t\t\t<\/div>\n\t\t<\/div>\n\t\t\t\t\t<\/div>\n\t\t<\/section>\n\t\t\t\t<section class=\"elementor-section elementor-top-section elementor-element elementor-element-b8d3633 elementor-section-boxed elementor-section-height-default elementor-section-height-default\" data-id=\"b8d3633\" data-element_type=\"section\">\n\t\t\t\t\t\t<div class=\"elementor-container elementor-column-gap-default\">\n\t\t\t\t\t<div class=\"elementor-column elementor-col-100 elementor-top-column elementor-element elementor-element-e1bb18e\" data-id=\"e1bb18e\" data-element_type=\"column\">\n\t\t\t<div class=\"elementor-widget-wrap elementor-element-populated\">\n\t\t\t\t\t\t<div class=\"elementor-element elementor-element-23eea66 elementor-widget elementor-widget-text-editor\" data-id=\"23eea66\" data-element_type=\"widget\" data-widget_type=\"text-editor.default\">\n\t\t\t\t<div class=\"elementor-widget-container\">\n\t\t\t\t\t\t\t\t\t<p>A Pol\u00edcia Civil de Santa Catarina, por meio da Delegacia de Capturas da Diretoria Estadual de Investiga\u00e7\u00f5es Criminais (DECAP\/DEIC), em apoio \u00e0 Delegacia de Repress\u00e3o \u00e0s A\u00e7\u00f5es Criminosas Organizadas (DRACO) de Santa Maria, da Pol\u00edcia Civil do Rio Grande do Sul, cumpriu, na manh\u00e3 desta quarta-feira (28\/05), quatro mandados de busca e apreens\u00e3o e dois mandados de pris\u00e3o. A a\u00e7\u00e3o contou com o apoio das delegacias especializadas da DEIC de SC: DECOR, DEFAZ, DFRC, DRCI e DRAS.<\/p>\n<p>Durante a opera\u00e7\u00e3o, foram presas tr\u00eas pessoas nos bairros Campeche, Ribeir\u00e3o da Ilha e Ingleses, em Florian\u00f3polis. As a\u00e7\u00f5es foram resultado de um trabalho de intelig\u00eancia e investiga\u00e7\u00e3o desenvolvido pela DECAP, que realizou levantamentos pr\u00e9vios para identificar e localizar os alvos da opera\u00e7\u00e3o.<\/p>\n<p>No bairro Ribeir\u00e3o da Ilha, foi preso um homem foragido da Justi\u00e7a do Rio Grande do Sul, alvo de mandado de pris\u00e3o preventiva expedido pela 2\u00aa Vara Criminal de Santa Maria, pelos crimes de tr\u00e1fico de drogas e associa\u00e7\u00e3o para o tr\u00e1fico, previstos nos artigos 33 e 35 da Lei n\u00ba 11.343\/2006.<\/p>\n<p>No bairro Campeche, em outro endere\u00e7o vinculado aos investigados, foi cumprido um mandado de busca e apreens\u00e3o que resultou na pris\u00e3o em flagrante de um indiv\u00edduo por tr\u00e1fico de drogas. No local foram apreendidos drogas sint\u00e9ticas (ecstasy), haxixe, balan\u00e7a de precis\u00e3o e diversos materiais utilizados para embalar entorpecentes. O preso possu\u00eda rela\u00e7\u00e3o com o foragido capturado no Ribeir\u00e3o da Ilha, pois residia no local onde as drogas estavam armazenadas.<\/p>\n<p>J\u00e1 no bairro Ingleses, outro alvo da opera\u00e7\u00e3o foi preso em cumprimento a dois mandados de pris\u00e3o definitiva, expedidos pela Justi\u00e7a Criminal de Santa Maria\/RS, pelos crimes de homic\u00eddio qualificado. As penas somam mais de 40 anos de reclus\u00e3o. Durante o cumprimento do mandado de busca no endere\u00e7o, os policiais ainda localizaram uma arma de fogo com numera\u00e7\u00e3o suprimida, motivo pelo qual o preso tamb\u00e9m foi autuado em flagrante pelo crime de posse irregular de arma de fogo.<\/p>\n<p>Den\u00fancias e informa\u00e7\u00f5es relacionadas a foragidos da Justi\u00e7a podem ser encaminhadas para o e-mail deic-capturas@pc.sc.gov.br. Al\u00e9m disso, pelo&nbsp;<a href=\"https:\/\/sistemas.pc.sc.gov.br\/foragidos\/\"><strong>Portal Foragidos da PCSC<\/strong><\/a>&nbsp;\u00e9 poss\u00edvel conhecer a rela\u00e7\u00e3o de procurados pela Justi\u00e7a. A Pol\u00edcia Civil de Santa Catarina garante o anonimato de quem prestar informa\u00e7\u00f5es sobre foragidos.<\/p>\t\t\t\t\t\t\t\t<\/div>\n\t\t\t\t<\/div>\n\t\t\t\t\t<\/div>\n\t\t<\/div>\n\t\t\t\t\t<\/div>\n\t\t<\/section>\n\t\t\t\t<\/div>\n\t\t","protected":false},"excerpt":{"rendered":"<p>Pol\u00edcia Civil de SC realiza tr\u00eas pris\u00f5es em apoio \u00e0 Pol\u00edcia Civil do RS durante opera\u00e7\u00e3o em Florian\u00f3polis A Pol\u00edcia Civil de Santa Catarina, por meio da Delegacia de Capturas da Diretoria Estadual de Investiga\u00e7\u00f5es Criminais (DECAP\/DEIC), em apoio \u00e0 Delegacia de Repress\u00e3o \u00e0s A\u00e7\u00f5es Criminosas Organizadas (DRACO) de Santa Maria, da Pol\u00edcia Civil do [&hellip;]<\/p>\n","protected":false},"author":5,"featured_media":17181,"comment_status":"closed","ping_status":"open","sticky":false,"template":"","format":"standard","meta":{"_monsterinsights_skip_tracking":false,"_monsterinsights_sitenote_active":false,"_monsterinsights_sitenote_note":"","_monsterinsights_sitenote_category":0,"footnotes":""},"categories":[1],"tags":[],"class_list":["post-29053","post","type-post","status-publish","format-standard","has-post-thumbnail","hentry","category-sem-categoria"],"_links":{"self":[{"href":"https:\/\/pc.sc.gov.br\/index.php?rest_route=\/wp\/v2\/posts\/29053","targetHints":{"allow":["GET"]}}],"collection":[{"href":"https:\/\/pc.sc.gov.br\/index.php?rest_route=\/wp\/v2\/posts"}],"about":[{"href":"https:\/\/pc.sc.gov.br\/index.php?rest_route=\/wp\/v2\/types\/post"}],"author":[{"embeddable":true,"href":"https:\/\/pc.sc.gov.br\/index.php?rest_route=\/wp\/v2\/users\/5"}],"replies":[{"embeddable":true,"href":"https:\/\/pc.sc.gov.br\/index.php?rest_route=%2Fwp%2Fv2%2Fcomments&post=29053"}],"version-history":[{"count":7,"href":"https:\/\/pc.sc.gov.br\/index.php?rest_route=\/wp\/v2\/posts\/29053\/revisions"}],"predecessor-version":[{"id":29064,"href":"https:\/\/pc.sc.gov.br\/index.php?rest_route=\/wp\/v2\/posts\/29053\/revisions\/29064"}],"wp:featuredmedia":[{"embeddable":true,"href":"https:\/\/pc.sc.gov.br\/index.php?rest_route=\/wp\/v2\/media\/17181"}],"wp:attachment":[{"href":"https:\/\/pc.sc.gov.br\/index.php?rest_route=%2Fwp%2Fv2%2Fmedia&parent=29053"}],"wp:term":[{"taxonomy":"category","embeddable":true,"href":"https:\/\/pc.sc.gov.br\/index.php?rest_route=%2Fwp%2Fv2%2Fcategories&post=29053"},{"taxonomy":"post_tag","embeddable":true,"href":"https:\/\/pc.sc.gov.br\/index.php?rest_route=%2Fwp%2Fv2%2Ftags&post=29053"}],"curies":[{"name":"wp","href":"https:\/\/api.w.org\/{rel}","templated":true}]}}