{"id":29065,"date":"2025-05-29T13:43:34","date_gmt":"2025-05-29T16:43:34","guid":{"rendered":"https:\/\/pc.sc.gov.br\/?p=29065"},"modified":"2025-05-29T13:44:15","modified_gmt":"2025-05-29T16:44:15","slug":"policia-civil-prende-homem-foragido-por-estupro-de-vulneravel-em-santa-cecilia","status":"publish","type":"post","link":"https:\/\/pc.sc.gov.br\/?p=29065","title":{"rendered":"Pol\u00edcia Civil prende homem foragido por estupro de vulner\u00e1vel em Santa Cec\u00edlia"},"content":{"rendered":"\t\t<div data-elementor-type=\"wp-post\" data-elementor-id=\"29065\" class=\"elementor elementor-29065\" data-elementor-post-type=\"post\">\n\t\t\t\t\t\t<section class=\"elementor-section elementor-top-section elementor-element elementor-element-ece374b elementor-section-boxed elementor-section-height-default elementor-section-height-default\" data-id=\"ece374b\" data-element_type=\"section\">\n\t\t\t\t\t\t<div class=\"elementor-container elementor-column-gap-default\">\n\t\t\t\t\t<div class=\"elementor-column elementor-col-100 elementor-top-column elementor-element elementor-element-b2e8f53\" data-id=\"b2e8f53\" data-element_type=\"column\">\n\t\t\t<div class=\"elementor-widget-wrap elementor-element-populated\">\n\t\t\t\t\t\t<div class=\"elementor-element elementor-element-c69308d elementor-widget elementor-widget-heading\" data-id=\"c69308d\" data-element_type=\"widget\" data-widget_type=\"heading.default\">\n\t\t\t\t<div class=\"elementor-widget-container\">\n\t\t\t\t\t<h2 class=\"elementor-heading-title elementor-size-default\">Pol\u00edcia Civil prende homem foragido por estupro de vulner\u00e1vel em Santa Cec\u00edlia <\/h2>\t\t\t\t<\/div>\n\t\t\t\t<\/div>\n\t\t\t\t\t<\/div>\n\t\t<\/div>\n\t\t\t\t\t<\/div>\n\t\t<\/section>\n\t\t\t\t<section class=\"elementor-section elementor-top-section elementor-element elementor-element-8935eac elementor-section-boxed elementor-section-height-default elementor-section-height-default\" data-id=\"8935eac\" data-element_type=\"section\">\n\t\t\t\t\t\t<div class=\"elementor-container elementor-column-gap-default\">\n\t\t\t\t\t<div class=\"elementor-column elementor-col-100 elementor-top-column elementor-element elementor-element-04edd34\" data-id=\"04edd34\" data-element_type=\"column\">\n\t\t\t<div class=\"elementor-widget-wrap elementor-element-populated\">\n\t\t\t\t\t\t<div class=\"elementor-element elementor-element-98f7af3 elementor-widget elementor-widget-image\" data-id=\"98f7af3\" data-element_type=\"widget\" data-widget_type=\"image.default\">\n\t\t\t\t<div class=\"elementor-widget-container\">\n\t\t\t\t\t\t\t\t\t\t\t\t\t\t\t<img fetchpriority=\"high\" decoding=\"async\" width=\"696\" height=\"928\" src=\"https:\/\/pc.sc.gov.br\/\/wp-content\/uploads\/2025\/05\/WhatsApp-Image-2025-05-29-at-13.38.37-768x1024.jpeg\" class=\"attachment-large size-large wp-image-29066\" alt=\"\" srcset=\"https:\/\/pc.sc.gov.br\/\/wp-content\/uploads\/2025\/05\/WhatsApp-Image-2025-05-29-at-13.38.37-768x1024.jpeg 768w, https:\/\/pc.sc.gov.br\/\/wp-content\/uploads\/2025\/05\/WhatsApp-Image-2025-05-29-at-13.38.37-225x300.jpeg 225w, https:\/\/pc.sc.gov.br\/\/wp-content\/uploads\/2025\/05\/WhatsApp-Image-2025-05-29-at-13.38.37-1152x1536.jpeg 1152w, https:\/\/pc.sc.gov.br\/\/wp-content\/uploads\/2025\/05\/WhatsApp-Image-2025-05-29-at-13.38.37.jpeg 1200w\" sizes=\"(max-width: 696px) 100vw, 696px\" \/>\t\t\t\t\t\t\t\t\t\t\t\t\t\t\t<\/div>\n\t\t\t\t<\/div>\n\t\t\t\t\t<\/div>\n\t\t<\/div>\n\t\t\t\t\t<\/div>\n\t\t<\/section>\n\t\t\t\t<section class=\"elementor-section elementor-top-section elementor-element elementor-element-d3ea010 elementor-section-boxed elementor-section-height-default elementor-section-height-default\" data-id=\"d3ea010\" data-element_type=\"section\">\n\t\t\t\t\t\t<div class=\"elementor-container elementor-column-gap-default\">\n\t\t\t\t\t<div class=\"elementor-column elementor-col-100 elementor-top-column elementor-element elementor-element-a89422f\" data-id=\"a89422f\" data-element_type=\"column\">\n\t\t\t<div class=\"elementor-widget-wrap elementor-element-populated\">\n\t\t\t\t\t\t<div class=\"elementor-element elementor-element-bb1f4d2 elementor-widget elementor-widget-text-editor\" data-id=\"bb1f4d2\" data-element_type=\"widget\" data-widget_type=\"text-editor.default\">\n\t\t\t\t<div class=\"elementor-widget-container\">\n\t\t\t\t\t\t\t\t\t<p>Na quarta-feira (28\/05), a Pol\u00edcia Civil de Santa Catarina, por meio do Setor de Investiga\u00e7\u00e3o da Delegacia de Pol\u00edcia da Comarca de Urubici, efetuou a pris\u00e3o de um homem condenado pelo crime de estupro de vulner\u00e1vel. O indiv\u00edduo estava foragido da Justi\u00e7a desde o ano de 2023.<br \/><br \/>Ap\u00f3s intensa e minuciosa investiga\u00e7\u00e3o, os policiais civis conseguiram localizar e capturar o condenado no munic\u00edpio de Santa Cec\u00edlia, em Santa Catarina.<br \/><br \/>O preso foi conduzido \u00e0 Delegacia de Pol\u00edcia para os procedimentos cab\u00edveis e, em seguida, encaminhado ao Pres\u00eddio de Lages, onde permanecer\u00e1 \u00e0 disposi\u00e7\u00e3o do Poder Judici\u00e1rio.<\/p>\t\t\t\t\t\t\t\t<\/div>\n\t\t\t\t<\/div>\n\t\t\t\t\t<\/div>\n\t\t<\/div>\n\t\t\t\t\t<\/div>\n\t\t<\/section>\n\t\t\t\t<\/div>\n\t\t","protected":false},"excerpt":{"rendered":"<p>Pol\u00edcia Civil prende homem foragido por estupro de vulner\u00e1vel em Santa Cec\u00edlia Na quarta-feira (28\/05), a Pol\u00edcia Civil de Santa Catarina, por meio do Setor de Investiga\u00e7\u00e3o da Delegacia de Pol\u00edcia da Comarca de Urubici, efetuou a pris\u00e3o de um homem condenado pelo crime de estupro de vulner\u00e1vel. O indiv\u00edduo estava foragido da Justi\u00e7a desde [&hellip;]<\/p>\n","protected":false},"author":5,"featured_media":29066,"comment_status":"closed","ping_status":"open","sticky":false,"template":"","format":"standard","meta":{"_monsterinsights_skip_tracking":false,"_monsterinsights_sitenote_active":false,"_monsterinsights_sitenote_note":"","_monsterinsights_sitenote_category":0,"footnotes":""},"categories":[1],"tags":[],"class_list":["post-29065","post","type-post","status-publish","format-standard","has-post-thumbnail","hentry","category-sem-categoria"],"_links":{"self":[{"href":"https:\/\/pc.sc.gov.br\/index.php?rest_route=\/wp\/v2\/posts\/29065","targetHints":{"allow":["GET"]}}],"collection":[{"href":"https:\/\/pc.sc.gov.br\/index.php?rest_route=\/wp\/v2\/posts"}],"about":[{"href":"https:\/\/pc.sc.gov.br\/index.php?rest_route=\/wp\/v2\/types\/post"}],"author":[{"embeddable":true,"href":"https:\/\/pc.sc.gov.br\/index.php?rest_route=\/wp\/v2\/users\/5"}],"replies":[{"embeddable":true,"href":"https:\/\/pc.sc.gov.br\/index.php?rest_route=%2Fwp%2Fv2%2Fcomments&post=29065"}],"version-history":[{"count":4,"href":"https:\/\/pc.sc.gov.br\/index.php?rest_route=\/wp\/v2\/posts\/29065\/revisions"}],"predecessor-version":[{"id":29070,"href":"https:\/\/pc.sc.gov.br\/index.php?rest_route=\/wp\/v2\/posts\/29065\/revisions\/29070"}],"wp:featuredmedia":[{"embeddable":true,"href":"https:\/\/pc.sc.gov.br\/index.php?rest_route=\/wp\/v2\/media\/29066"}],"wp:attachment":[{"href":"https:\/\/pc.sc.gov.br\/index.php?rest_route=%2Fwp%2Fv2%2Fmedia&parent=29065"}],"wp:term":[{"taxonomy":"category","embeddable":true,"href":"https:\/\/pc.sc.gov.br\/index.php?rest_route=%2Fwp%2Fv2%2Fcategories&post=29065"},{"taxonomy":"post_tag","embeddable":true,"href":"https:\/\/pc.sc.gov.br\/index.php?rest_route=%2Fwp%2Fv2%2Ftags&post=29065"}],"curies":[{"name":"wp","href":"https:\/\/api.w.org\/{rel}","templated":true}]}}