{"id":29084,"date":"2025-05-29T17:16:11","date_gmt":"2025-05-29T20:16:11","guid":{"rendered":"https:\/\/pc.sc.gov.br\/?p=29084"},"modified":"2025-05-29T17:16:51","modified_gmt":"2025-05-29T20:16:51","slug":"operacao-conjunta-das-policias-civis-de-sc-e-do-pr-prende-importante-lideranca-de-organizacao-criminosa-com-atuacao-no-pr","status":"publish","type":"post","link":"https:\/\/pc.sc.gov.br\/?p=29084","title":{"rendered":"Opera\u00e7\u00e3o conjunta das Pol\u00edcias Civis de SC e do PR prende importante lideran\u00e7a de organiza\u00e7\u00e3o criminosa com atua\u00e7\u00e3o no PR"},"content":{"rendered":"\t\t<div data-elementor-type=\"wp-post\" data-elementor-id=\"29084\" class=\"elementor elementor-29084\" data-elementor-post-type=\"post\">\n\t\t\t\t\t\t<section class=\"elementor-section elementor-top-section elementor-element elementor-element-35d77fb elementor-section-boxed elementor-section-height-default elementor-section-height-default\" data-id=\"35d77fb\" data-element_type=\"section\">\n\t\t\t\t\t\t<div class=\"elementor-container elementor-column-gap-default\">\n\t\t\t\t\t<div class=\"elementor-column elementor-col-100 elementor-top-column elementor-element elementor-element-d9ab676\" data-id=\"d9ab676\" data-element_type=\"column\">\n\t\t\t<div class=\"elementor-widget-wrap elementor-element-populated\">\n\t\t\t\t\t\t<div class=\"elementor-element elementor-element-b508f03 elementor-widget elementor-widget-heading\" data-id=\"b508f03\" data-element_type=\"widget\" data-widget_type=\"heading.default\">\n\t\t\t\t<div class=\"elementor-widget-container\">\n\t\t\t\t\t<h2 class=\"elementor-heading-title elementor-size-default\">Opera\u00e7\u00e3o conjunta das Pol\u00edcias Civis de SC e do PR prende importante lideran\u00e7a de organiza\u00e7\u00e3o criminosa com atua\u00e7\u00e3o no PR<\/h2>\t\t\t\t<\/div>\n\t\t\t\t<\/div>\n\t\t\t\t\t<\/div>\n\t\t<\/div>\n\t\t\t\t\t<\/div>\n\t\t<\/section>\n\t\t\t\t<section class=\"elementor-section elementor-top-section elementor-element elementor-element-f684d81 elementor-section-boxed elementor-section-height-default elementor-section-height-default\" data-id=\"f684d81\" data-element_type=\"section\">\n\t\t\t\t\t\t<div class=\"elementor-container elementor-column-gap-default\">\n\t\t\t\t\t<div class=\"elementor-column elementor-col-100 elementor-top-column elementor-element elementor-element-756f519\" data-id=\"756f519\" data-element_type=\"column\">\n\t\t\t<div class=\"elementor-widget-wrap elementor-element-populated\">\n\t\t\t\t\t\t<div class=\"elementor-element elementor-element-227b77a elementor-widget elementor-widget-image\" data-id=\"227b77a\" data-element_type=\"widget\" data-widget_type=\"image.default\">\n\t\t\t\t<div class=\"elementor-widget-container\">\n\t\t\t\t\t\t\t\t\t\t\t\t\t\t\t<img fetchpriority=\"high\" decoding=\"async\" width=\"696\" height=\"522\" src=\"https:\/\/pc.sc.gov.br\/\/wp-content\/uploads\/2025\/02\/PCSC-PADRAO.jpg\" class=\"attachment-large size-large wp-image-26591\" alt=\"\" srcset=\"https:\/\/pc.sc.gov.br\/\/wp-content\/uploads\/2025\/02\/PCSC-PADRAO.jpg 768w, https:\/\/pc.sc.gov.br\/\/wp-content\/uploads\/2025\/02\/PCSC-PADRAO-300x225.jpg 300w\" sizes=\"(max-width: 696px) 100vw, 696px\" \/>\t\t\t\t\t\t\t\t\t\t\t\t\t\t\t<\/div>\n\t\t\t\t<\/div>\n\t\t\t\t\t<\/div>\n\t\t<\/div>\n\t\t\t\t\t<\/div>\n\t\t<\/section>\n\t\t\t\t<section class=\"elementor-section elementor-top-section elementor-element elementor-element-762b6cb elementor-section-boxed elementor-section-height-default elementor-section-height-default\" data-id=\"762b6cb\" data-element_type=\"section\">\n\t\t\t\t\t\t<div class=\"elementor-container elementor-column-gap-default\">\n\t\t\t\t\t<div class=\"elementor-column elementor-col-100 elementor-top-column elementor-element elementor-element-96c92fa\" data-id=\"96c92fa\" data-element_type=\"column\">\n\t\t\t<div class=\"elementor-widget-wrap elementor-element-populated\">\n\t\t\t\t\t\t<div class=\"elementor-element elementor-element-6de4649 elementor-widget elementor-widget-text-editor\" data-id=\"6de4649\" data-element_type=\"widget\" data-widget_type=\"text-editor.default\">\n\t\t\t\t<div class=\"elementor-widget-container\">\n\t\t\t\t\t\t\t\t\t<p>Na tarde de hoje (29\/05), a Pol\u00edcia Civil de Santa Catarina, por meio das equipes da Delegacia de Repress\u00e3o ao Crime Organizado da Diretoria Estadual de Investiga\u00e7\u00f5es Criminais (DRACO\/DEIC) e da Coordenadoria de Opera\u00e7\u00f5es e Recursos Especiais (CORE), juntamente com equipes do COPE da Pol\u00edcia Civil do Paran\u00e1, em opera\u00e7\u00e3o no norte da ilha, prenderam uma importante lideran\u00e7a de organiza\u00e7\u00e3o criminosa oriunda do estado de S\u00e3o Paulo.<\/p><p>De acordo com as informa\u00e7\u00f5es repassadas pelo delegado titular do COPE\/PR, o homem, natural de Maring\u00e1\/PR, condenado h\u00e1 mais de 28 anos de pris\u00e3o decorrente da opera\u00e7\u00e3o Alexandria da PCPR, possui in\u00fameras passagens policiais por trafico de drogas, associa\u00e7\u00e3o ao tr\u00e1fico e porte ilegal de armas de fogo.<\/p><p>A pris\u00e3o dessa importante lideran\u00e7a \u00e9 mais um duro golpe no crime organizado, pois o homem era o respons\u00e1vel por comandar o grupo criminoso paulista no estado do Paran\u00e1 e estava homiziado em Santa Catarina.<\/p>\t\t\t\t\t\t\t\t<\/div>\n\t\t\t\t<\/div>\n\t\t\t\t\t<\/div>\n\t\t<\/div>\n\t\t\t\t\t<\/div>\n\t\t<\/section>\n\t\t\t\t<\/div>\n\t\t","protected":false},"excerpt":{"rendered":"<p>Opera\u00e7\u00e3o conjunta das Pol\u00edcias Civis de SC e do PR prende importante lideran\u00e7a de organiza\u00e7\u00e3o criminosa com atua\u00e7\u00e3o no PR Na tarde de hoje (29\/05), a Pol\u00edcia Civil de Santa Catarina, por meio das equipes da Delegacia de Repress\u00e3o ao Crime Organizado da Diretoria Estadual de Investiga\u00e7\u00f5es Criminais (DRACO\/DEIC) e da Coordenadoria de Opera\u00e7\u00f5es e [&hellip;]<\/p>\n","protected":false},"author":5,"featured_media":15215,"comment_status":"closed","ping_status":"open","sticky":false,"template":"","format":"standard","meta":{"_monsterinsights_skip_tracking":false,"_monsterinsights_sitenote_active":false,"_monsterinsights_sitenote_note":"","_monsterinsights_sitenote_category":0,"footnotes":""},"categories":[1],"tags":[],"class_list":["post-29084","post","type-post","status-publish","format-standard","has-post-thumbnail","hentry","category-sem-categoria"],"_links":{"self":[{"href":"https:\/\/pc.sc.gov.br\/index.php?rest_route=\/wp\/v2\/posts\/29084","targetHints":{"allow":["GET"]}}],"collection":[{"href":"https:\/\/pc.sc.gov.br\/index.php?rest_route=\/wp\/v2\/posts"}],"about":[{"href":"https:\/\/pc.sc.gov.br\/index.php?rest_route=\/wp\/v2\/types\/post"}],"author":[{"embeddable":true,"href":"https:\/\/pc.sc.gov.br\/index.php?rest_route=\/wp\/v2\/users\/5"}],"replies":[{"embeddable":true,"href":"https:\/\/pc.sc.gov.br\/index.php?rest_route=%2Fwp%2Fv2%2Fcomments&post=29084"}],"version-history":[{"count":4,"href":"https:\/\/pc.sc.gov.br\/index.php?rest_route=\/wp\/v2\/posts\/29084\/revisions"}],"predecessor-version":[{"id":29088,"href":"https:\/\/pc.sc.gov.br\/index.php?rest_route=\/wp\/v2\/posts\/29084\/revisions\/29088"}],"wp:featuredmedia":[{"embeddable":true,"href":"https:\/\/pc.sc.gov.br\/index.php?rest_route=\/wp\/v2\/media\/15215"}],"wp:attachment":[{"href":"https:\/\/pc.sc.gov.br\/index.php?rest_route=%2Fwp%2Fv2%2Fmedia&parent=29084"}],"wp:term":[{"taxonomy":"category","embeddable":true,"href":"https:\/\/pc.sc.gov.br\/index.php?rest_route=%2Fwp%2Fv2%2Fcategories&post=29084"},{"taxonomy":"post_tag","embeddable":true,"href":"https:\/\/pc.sc.gov.br\/index.php?rest_route=%2Fwp%2Fv2%2Ftags&post=29084"}],"curies":[{"name":"wp","href":"https:\/\/api.w.org\/{rel}","templated":true}]}}