{"id":29097,"date":"2025-05-30T12:44:41","date_gmt":"2025-05-30T15:44:41","guid":{"rendered":"https:\/\/pc.sc.gov.br\/?p=29097"},"modified":"2025-05-30T12:45:55","modified_gmt":"2025-05-30T15:45:55","slug":"em-garopaba-policia-civil-deflagra-mais-uma-fase-da-operacao-maestro-e-a-operacao-coleta-seletiva","status":"publish","type":"post","link":"https:\/\/pc.sc.gov.br\/?p=29097","title":{"rendered":"Em Garopaba, Pol\u00edcia Civil deflagra mais uma fase da opera\u00e7\u00e3o \u201cMaestro\u201d e a opera\u00e7\u00e3o \u201cColeta Seletiva\u201d"},"content":{"rendered":"\t\t<div data-elementor-type=\"wp-post\" data-elementor-id=\"29097\" class=\"elementor elementor-29097\" data-elementor-post-type=\"post\">\n\t\t\t\t\t\t<section class=\"elementor-section elementor-top-section elementor-element elementor-element-4a46e5b elementor-section-boxed elementor-section-height-default elementor-section-height-default\" data-id=\"4a46e5b\" data-element_type=\"section\">\n\t\t\t\t\t\t<div class=\"elementor-container elementor-column-gap-default\">\n\t\t\t\t\t<div class=\"elementor-column elementor-col-100 elementor-top-column elementor-element elementor-element-8f6b10e\" data-id=\"8f6b10e\" data-element_type=\"column\">\n\t\t\t<div class=\"elementor-widget-wrap elementor-element-populated\">\n\t\t\t\t\t\t<div class=\"elementor-element elementor-element-e8968aa elementor-widget elementor-widget-heading\" data-id=\"e8968aa\" data-element_type=\"widget\" data-widget_type=\"heading.default\">\n\t\t\t\t<div class=\"elementor-widget-container\">\n\t\t\t\t\t<h2 class=\"elementor-heading-title elementor-size-default\">Em Garopaba, Pol\u00edcia Civil deflagra mais uma fase da opera\u00e7\u00e3o \u201cMaestro\u201d e a opera\u00e7\u00e3o \u201cColeta Seletiva\u201d<\/h2>\t\t\t\t<\/div>\n\t\t\t\t<\/div>\n\t\t\t\t\t<\/div>\n\t\t<\/div>\n\t\t\t\t\t<\/div>\n\t\t<\/section>\n\t\t\t\t<section class=\"elementor-section elementor-top-section elementor-element elementor-element-1757caa elementor-section-boxed elementor-section-height-default elementor-section-height-default\" data-id=\"1757caa\" data-element_type=\"section\">\n\t\t\t\t\t\t<div class=\"elementor-container elementor-column-gap-default\">\n\t\t\t\t\t<div class=\"elementor-column elementor-col-100 elementor-top-column elementor-element elementor-element-c9d1aee\" data-id=\"c9d1aee\" data-element_type=\"column\">\n\t\t\t<div class=\"elementor-widget-wrap elementor-element-populated\">\n\t\t\t\t\t\t<div class=\"elementor-element elementor-element-514ff11 elementor-widget elementor-widget-image\" data-id=\"514ff11\" data-element_type=\"widget\" data-widget_type=\"image.default\">\n\t\t\t\t<div class=\"elementor-widget-container\">\n\t\t\t\t\t\t\t\t\t\t\t\t\t\t\t<img fetchpriority=\"high\" decoding=\"async\" width=\"696\" height=\"522\" src=\"https:\/\/pc.sc.gov.br\/\/wp-content\/uploads\/2025\/05\/WhatsApp-Image-2025-05-30-at-08.26.57-1024x768.jpeg\" class=\"attachment-large size-large wp-image-29098\" alt=\"\" srcset=\"https:\/\/pc.sc.gov.br\/\/wp-content\/uploads\/2025\/05\/WhatsApp-Image-2025-05-30-at-08.26.57-1024x768.jpeg 1024w, https:\/\/pc.sc.gov.br\/\/wp-content\/uploads\/2025\/05\/WhatsApp-Image-2025-05-30-at-08.26.57-300x225.jpeg 300w, https:\/\/pc.sc.gov.br\/\/wp-content\/uploads\/2025\/05\/WhatsApp-Image-2025-05-30-at-08.26.57-768x576.jpeg 768w, https:\/\/pc.sc.gov.br\/\/wp-content\/uploads\/2025\/05\/WhatsApp-Image-2025-05-30-at-08.26.57.jpeg 1280w\" sizes=\"(max-width: 696px) 100vw, 696px\" \/>\t\t\t\t\t\t\t\t\t\t\t\t\t\t\t<\/div>\n\t\t\t\t<\/div>\n\t\t\t\t\t<\/div>\n\t\t<\/div>\n\t\t\t\t\t<\/div>\n\t\t<\/section>\n\t\t\t\t<section class=\"elementor-section elementor-top-section elementor-element elementor-element-316a2d5 elementor-section-boxed elementor-section-height-default elementor-section-height-default\" data-id=\"316a2d5\" data-element_type=\"section\">\n\t\t\t\t\t\t<div class=\"elementor-container elementor-column-gap-default\">\n\t\t\t\t\t<div class=\"elementor-column elementor-col-100 elementor-top-column elementor-element elementor-element-2b941c3\" data-id=\"2b941c3\" data-element_type=\"column\">\n\t\t\t<div class=\"elementor-widget-wrap elementor-element-populated\">\n\t\t\t\t\t\t<div class=\"elementor-element elementor-element-2129550 elementor-widget elementor-widget-text-editor\" data-id=\"2129550\" data-element_type=\"widget\" data-widget_type=\"text-editor.default\">\n\t\t\t\t<div class=\"elementor-widget-container\">\n\t\t\t\t\t\t\t\t\t<p>A Pol\u00edcia Civil de Santa Catarina, por meio da 2\u00b0 Delegacia de Combate \u00e0 Corrup\u00e7\u00e3o, deflagrou, na manh\u00e3 de hoje (30\/05), as opera\u00e7\u00f5es denominadas \u201cMaestro\u201d e \u201cColeta Seletiva\u201d, ambas no munic\u00edpio de Garopaba.<\/p><p>A opera\u00e7\u00e3o \u201cMaestro\u201d apura il\u00edcitos penais vinculados a contratos administrativos relacionados \u00e0 constru\u00e7\u00e3o civil. Segundo apurado, atrav\u00e9s de elementos objetivos, identificou-se que os investigados frustraram o car\u00e1ter competitivo de certames licitat\u00f3rios, bem como \u2013 atrav\u00e9s dos contratos administrativos \u2013 desviaram renda p\u00fablica em benef\u00edcio de pessoas ligadas a eles.<\/p><p>No decorrer da referida investiga\u00e7\u00e3o, deparou-se, fortuitamente, com ind\u00edcios de elementos informativos que d\u00e3o conta de il\u00edcitos penais relacionados \u00e0 coleta de lixo do munic\u00edpio \u2013 o que ensejou tamb\u00e9m a deflagra\u00e7\u00e3o da opera\u00e7\u00e3o \u201cColeta Seletiva\u201d.<\/p><p>Diante disto, ap\u00f3s parecer favor\u00e1vel do Minist\u00e9rio P\u00fablico e do Tribunal de Justi\u00e7a de Santa Catarina, foram cumpridos os mandados de busca e apreens\u00e3o deferidos, contando com o apoio da Pol\u00edcia Cient\u00edfica.<\/p><p>No decorrer da investiga\u00e7\u00e3o se identificou, ainda, haver investigado que recebeu valores incompat\u00edveis com a sua renda.<\/p>\t\t\t\t\t\t\t\t<\/div>\n\t\t\t\t<\/div>\n\t\t\t\t\t<\/div>\n\t\t<\/div>\n\t\t\t\t\t<\/div>\n\t\t<\/section>\n\t\t\t\t<section class=\"elementor-section elementor-top-section elementor-element elementor-element-ab19efb elementor-section-boxed elementor-section-height-default elementor-section-height-default\" data-id=\"ab19efb\" data-element_type=\"section\">\n\t\t\t\t\t\t<div class=\"elementor-container elementor-column-gap-default\">\n\t\t\t\t\t<div class=\"elementor-column elementor-col-100 elementor-top-column elementor-element elementor-element-5390275\" data-id=\"5390275\" data-element_type=\"column\">\n\t\t\t<div class=\"elementor-widget-wrap elementor-element-populated\">\n\t\t\t\t\t\t<div class=\"elementor-element elementor-element-a5ff8c6 elementor-widget elementor-widget-gallery\" data-id=\"a5ff8c6\" data-element_type=\"widget\" data-settings=\"{&quot;columns&quot;:2,&quot;lazyload&quot;:&quot;yes&quot;,&quot;gallery_layout&quot;:&quot;grid&quot;,&quot;columns_tablet&quot;:2,&quot;columns_mobile&quot;:1,&quot;gap&quot;:{&quot;unit&quot;:&quot;px&quot;,&quot;size&quot;:10,&quot;sizes&quot;:[]},&quot;gap_tablet&quot;:{&quot;unit&quot;:&quot;px&quot;,&quot;size&quot;:10,&quot;sizes&quot;:[]},&quot;gap_mobile&quot;:{&quot;unit&quot;:&quot;px&quot;,&quot;size&quot;:10,&quot;sizes&quot;:[]},&quot;link_to&quot;:&quot;file&quot;,&quot;aspect_ratio&quot;:&quot;3:2&quot;,&quot;overlay_background&quot;:&quot;yes&quot;,&quot;content_hover_animation&quot;:&quot;fade-in&quot;}\" data-widget_type=\"gallery.default\">\n\t\t\t\t<div class=\"elementor-widget-container\">\n\t\t\t\t\t\t\t<div class=\"elementor-gallery__container\">\n\t\t\t\t\t\t\t<a class=\"e-gallery-item elementor-gallery-item elementor-animated-content\" href=\"https:\/\/pc.sc.gov.br\/\/wp-content\/uploads\/2025\/05\/WhatsApp-Image-2025-05-30-at-08.26.58-1.jpeg\" data-elementor-open-lightbox=\"yes\" data-elementor-lightbox-slideshow=\"a5ff8c6\" data-elementor-lightbox-title=\"WhatsApp Image 2025-05-30 at 08.26.58 (1)\" data-e-action-hash=\"#elementor-action%3Aaction%3Dlightbox%26settings%3DeyJpZCI6MjkxMDAsInVybCI6Imh0dHBzOlwvXC9wYy5zYy5nb3YuYnJcL1wvd3AtY29udGVudFwvdXBsb2Fkc1wvMjAyNVwvMDVcL1doYXRzQXBwLUltYWdlLTIwMjUtMDUtMzAtYXQtMDguMjYuNTgtMS5qcGVnIiwic2xpZGVzaG93IjoiYTVmZjhjNiJ9\">\n\t\t\t\t\t<div class=\"e-gallery-image elementor-gallery-item__image\" data-thumbnail=\"https:\/\/pc.sc.gov.br\/\/wp-content\/uploads\/2025\/05\/WhatsApp-Image-2025-05-30-at-08.26.58-1-226x300.jpeg\" data-width=\"226\" data-height=\"300\" aria-label=\"\" role=\"img\" ><\/div>\n\t\t\t\t\t\t\t\t\t\t\t<div class=\"elementor-gallery-item__overlay\"><\/div>\n\t\t\t\t\t\t\t\t\t\t\t\t\t\t<\/a>\n\t\t\t\t\t\t\t<a class=\"e-gallery-item elementor-gallery-item elementor-animated-content\" href=\"https:\/\/pc.sc.gov.br\/\/wp-content\/uploads\/2025\/05\/WhatsApp-Image-2025-05-30-at-08.26.58.jpeg\" data-elementor-open-lightbox=\"yes\" data-elementor-lightbox-slideshow=\"a5ff8c6\" data-elementor-lightbox-title=\"WhatsApp Image 2025-05-30 at 08.26.58\" data-e-action-hash=\"#elementor-action%3Aaction%3Dlightbox%26settings%3DeyJpZCI6MjkxMDEsInVybCI6Imh0dHBzOlwvXC9wYy5zYy5nb3YuYnJcL1wvd3AtY29udGVudFwvdXBsb2Fkc1wvMjAyNVwvMDVcL1doYXRzQXBwLUltYWdlLTIwMjUtMDUtMzAtYXQtMDguMjYuNTguanBlZyIsInNsaWRlc2hvdyI6ImE1ZmY4YzYifQ%3D%3D\">\n\t\t\t\t\t<div class=\"e-gallery-image elementor-gallery-item__image\" data-thumbnail=\"https:\/\/pc.sc.gov.br\/\/wp-content\/uploads\/2025\/05\/WhatsApp-Image-2025-05-30-at-08.26.58-225x300.jpeg\" data-width=\"225\" data-height=\"300\" aria-label=\"\" role=\"img\" ><\/div>\n\t\t\t\t\t\t\t\t\t\t\t<div class=\"elementor-gallery-item__overlay\"><\/div>\n\t\t\t\t\t\t\t\t\t\t\t\t\t\t<\/a>\n\t\t\t\t\t<\/div>\n\t\t\t\t\t<\/div>\n\t\t\t\t<\/div>\n\t\t\t\t\t<\/div>\n\t\t<\/div>\n\t\t\t\t\t<\/div>\n\t\t<\/section>\n\t\t\t\t<\/div>\n\t\t","protected":false},"excerpt":{"rendered":"<p>Em Garopaba, Pol\u00edcia Civil deflagra mais uma fase da opera\u00e7\u00e3o \u201cMaestro\u201d e a opera\u00e7\u00e3o \u201cColeta Seletiva\u201d A Pol\u00edcia Civil de Santa Catarina, por meio da 2\u00b0 Delegacia de Combate \u00e0 Corrup\u00e7\u00e3o, deflagrou, na manh\u00e3 de hoje (30\/05), as opera\u00e7\u00f5es denominadas \u201cMaestro\u201d e \u201cColeta Seletiva\u201d, ambas no munic\u00edpio de Garopaba. A opera\u00e7\u00e3o \u201cMaestro\u201d apura il\u00edcitos penais [&hellip;]<\/p>\n","protected":false},"author":5,"featured_media":29098,"comment_status":"closed","ping_status":"open","sticky":false,"template":"","format":"standard","meta":{"_monsterinsights_skip_tracking":false,"_monsterinsights_sitenote_active":false,"_monsterinsights_sitenote_note":"","_monsterinsights_sitenote_category":0,"footnotes":""},"categories":[1],"tags":[],"class_list":["post-29097","post","type-post","status-publish","format-standard","has-post-thumbnail","hentry","category-sem-categoria"],"_links":{"self":[{"href":"https:\/\/pc.sc.gov.br\/index.php?rest_route=\/wp\/v2\/posts\/29097","targetHints":{"allow":["GET"]}}],"collection":[{"href":"https:\/\/pc.sc.gov.br\/index.php?rest_route=\/wp\/v2\/posts"}],"about":[{"href":"https:\/\/pc.sc.gov.br\/index.php?rest_route=\/wp\/v2\/types\/post"}],"author":[{"embeddable":true,"href":"https:\/\/pc.sc.gov.br\/index.php?rest_route=\/wp\/v2\/users\/5"}],"replies":[{"embeddable":true,"href":"https:\/\/pc.sc.gov.br\/index.php?rest_route=%2Fwp%2Fv2%2Fcomments&post=29097"}],"version-history":[{"count":4,"href":"https:\/\/pc.sc.gov.br\/index.php?rest_route=\/wp\/v2\/posts\/29097\/revisions"}],"predecessor-version":[{"id":29104,"href":"https:\/\/pc.sc.gov.br\/index.php?rest_route=\/wp\/v2\/posts\/29097\/revisions\/29104"}],"wp:featuredmedia":[{"embeddable":true,"href":"https:\/\/pc.sc.gov.br\/index.php?rest_route=\/wp\/v2\/media\/29098"}],"wp:attachment":[{"href":"https:\/\/pc.sc.gov.br\/index.php?rest_route=%2Fwp%2Fv2%2Fmedia&parent=29097"}],"wp:term":[{"taxonomy":"category","embeddable":true,"href":"https:\/\/pc.sc.gov.br\/index.php?rest_route=%2Fwp%2Fv2%2Fcategories&post=29097"},{"taxonomy":"post_tag","embeddable":true,"href":"https:\/\/pc.sc.gov.br\/index.php?rest_route=%2Fwp%2Fv2%2Ftags&post=29097"}],"curies":[{"name":"wp","href":"https:\/\/api.w.org\/{rel}","templated":true}]}}