{"id":29106,"date":"2025-05-30T14:50:37","date_gmt":"2025-05-30T17:50:37","guid":{"rendered":"https:\/\/pc.sc.gov.br\/?p=29106"},"modified":"2025-05-30T14:52:24","modified_gmt":"2025-05-30T17:52:24","slug":"policia-civil-realiza-entrega-de-15-viaturas-e-oficializacao-de-designacao-de-responsaveis-por-delegacias-de-policia-de-municipios-de-sc","status":"publish","type":"post","link":"https:\/\/pc.sc.gov.br\/?p=29106","title":{"rendered":"Pol\u00edcia Civil realiza entrega de 15 viaturas e oficializa\u00e7\u00e3o de designa\u00e7\u00e3o de respons\u00e1veis por Delegacias de Pol\u00edcia de Munic\u00edpios de SC"},"content":{"rendered":"\t\t<div data-elementor-type=\"wp-post\" data-elementor-id=\"29106\" class=\"elementor elementor-29106\" data-elementor-post-type=\"post\">\n\t\t\t\t\t\t<section class=\"elementor-section elementor-top-section elementor-element elementor-element-2271345 elementor-section-boxed elementor-section-height-default elementor-section-height-default\" data-id=\"2271345\" data-element_type=\"section\">\n\t\t\t\t\t\t<div class=\"elementor-container elementor-column-gap-default\">\n\t\t\t\t\t<div class=\"elementor-column elementor-col-100 elementor-top-column elementor-element elementor-element-c98467e\" data-id=\"c98467e\" data-element_type=\"column\">\n\t\t\t<div class=\"elementor-widget-wrap elementor-element-populated\">\n\t\t\t\t\t\t<div class=\"elementor-element elementor-element-583869f elementor-widget elementor-widget-heading\" data-id=\"583869f\" data-element_type=\"widget\" data-widget_type=\"heading.default\">\n\t\t\t\t<div class=\"elementor-widget-container\">\n\t\t\t\t\t<h2 class=\"elementor-heading-title elementor-size-default\">Pol\u00edcia Civil realiza entrega de 15 viaturas e oficializa\u00e7\u00e3o de designa\u00e7\u00e3o de respons\u00e1veis por Delegacias de Pol\u00edcia de Munic\u00edpios de SC<\/h2>\t\t\t\t<\/div>\n\t\t\t\t<\/div>\n\t\t\t\t\t<\/div>\n\t\t<\/div>\n\t\t\t\t\t<\/div>\n\t\t<\/section>\n\t\t\t\t<section class=\"elementor-section elementor-top-section elementor-element elementor-element-34d8bff elementor-section-boxed elementor-section-height-default elementor-section-height-default\" data-id=\"34d8bff\" data-element_type=\"section\">\n\t\t\t\t\t\t<div class=\"elementor-container elementor-column-gap-default\">\n\t\t\t\t\t<div class=\"elementor-column elementor-col-100 elementor-top-column elementor-element elementor-element-387a70a\" data-id=\"387a70a\" data-element_type=\"column\">\n\t\t\t<div class=\"elementor-widget-wrap elementor-element-populated\">\n\t\t\t\t\t\t<div class=\"elementor-element elementor-element-0c186aa elementor-widget elementor-widget-image\" data-id=\"0c186aa\" data-element_type=\"widget\" data-widget_type=\"image.default\">\n\t\t\t\t<div class=\"elementor-widget-container\">\n\t\t\t\t\t\t\t\t\t\t\t\t\t\t\t<img fetchpriority=\"high\" decoding=\"async\" width=\"696\" height=\"464\" src=\"https:\/\/pc.sc.gov.br\/\/wp-content\/uploads\/2025\/05\/54556385433_bafa026a42_c.jpg\" class=\"attachment-large size-large wp-image-29113\" alt=\"\" srcset=\"https:\/\/pc.sc.gov.br\/\/wp-content\/uploads\/2025\/05\/54556385433_bafa026a42_c.jpg 799w, https:\/\/pc.sc.gov.br\/\/wp-content\/uploads\/2025\/05\/54556385433_bafa026a42_c-300x200.jpg 300w, https:\/\/pc.sc.gov.br\/\/wp-content\/uploads\/2025\/05\/54556385433_bafa026a42_c-768x512.jpg 768w\" sizes=\"(max-width: 696px) 100vw, 696px\" \/>\t\t\t\t\t\t\t\t\t\t\t\t\t\t\t<\/div>\n\t\t\t\t<\/div>\n\t\t\t\t\t<\/div>\n\t\t<\/div>\n\t\t\t\t\t<\/div>\n\t\t<\/section>\n\t\t\t\t<section class=\"elementor-section elementor-top-section elementor-element elementor-element-b54103d elementor-section-boxed elementor-section-height-default elementor-section-height-default\" data-id=\"b54103d\" data-element_type=\"section\">\n\t\t\t\t\t\t<div class=\"elementor-container elementor-column-gap-default\">\n\t\t\t\t\t<div class=\"elementor-column elementor-col-100 elementor-top-column elementor-element elementor-element-1c20b72\" data-id=\"1c20b72\" data-element_type=\"column\">\n\t\t\t<div class=\"elementor-widget-wrap elementor-element-populated\">\n\t\t\t\t\t\t<div class=\"elementor-element elementor-element-459bce4 elementor-widget elementor-widget-text-editor\" data-id=\"459bce4\" data-element_type=\"widget\" data-widget_type=\"text-editor.default\">\n\t\t\t\t<div class=\"elementor-widget-container\">\n\t\t\t\t\t\t\t\t\t<p>Nesta sexta-feira (30\/05), a Pol\u00edcia Civil de Santa Catarina realizou evento de entrega de 15 viaturas e oficializa\u00e7\u00e3o de designa\u00e7\u00e3o de 34 policiais civis respons\u00e1veis por Delegacias de Pol\u00edcia de Munic\u00edpios de Santa Catarina. O evento aconteceu no audit\u00f3rio da Secretaria de Estado da Seguran\u00e7a P\u00fablica, em Florian\u00f3polis, e contou com a presen\u00e7a da vice-governadora do Estado, Marilisa Boehm.<\/p><p>&#8220;\u00c9 um dia de muita alegria para a Pol\u00edcia Civil, a minha Pol\u00edcia Civil, pois j\u00e1 fui delegada e sei o quanto s\u00e3o necess\u00e1rios bons carros, boas armas, bons equipamentos, porqu\u00ea isso faz toda a diferen\u00e7a em uma investiga\u00e7\u00e3o. Eu e o governador Jorginho temos trabalhado muito em prol das For\u00e7as de Seguran\u00e7a&#8221;, comentou a vice-governadora.<\/p><p>Ela destacou ainda que o governo reconhece a dedica\u00e7\u00e3o de todos os profissionais da Seguran\u00e7a P\u00fablica que fazem Santa Catarina ser reconhecida como Estado mais seguro do Brasil. \u201cContinuaremos trabalhando para melhorar ainda mais nosso Estado de Santa Catarina. Nosso governador Jorginho Mello tem como lema cuidar das pessoas. E essas entregas que foram feitas hoje tamb\u00e9m proteger\u00e3o as vidas desses policiais. Bons carros e boas armas v\u00e3o proteger, com certeza, esses policiais que est\u00e3o todos os dias na rua salvando pessoas, orientando cidad\u00e3os. E \u00e9 isso que n\u00f3s queremos da Pol\u00edcia Civil, uma entrega de cora\u00e7\u00e3o para o nosso estado e para o nosso povo catarinense\u201d, afirmou Marilisa.<\/p><p>Durante a cerim\u00f4nia, o delegado-geral da Pol\u00edcia Civil de Santa Catarina, Ulisses Gabriel, destacou o orgulho e a satisfa\u00e7\u00e3o em liderar uma institui\u00e7\u00e3o que vem aumentando sua produtividade, mesmo com reduzido efetivo. Segundo ele, esse desempenho \u00e9 fruto do comprometimento dos policiais, que, muitas vezes, trabalham por tr\u00eas. Ulisses Gabriel ressaltou que a Pol\u00edcia Civil de Santa Catarina j\u00e1 \u00e9 refer\u00eancia nacional e caminha para se tornar modelo internacional, evidenciado pelos altos \u00edndices de resolutividade, especialmente em casos de homic\u00eddios, cuja taxa de esclarecimento ultrapassa 80%.<\/p><p>O delegado-geral tamb\u00e9m fez quest\u00e3o de destacar os investimentos realizados pelo Governo de Santa Catarina, por meio do governador Jorginho Mello, na Pol\u00edcia Civil. Segundo ele, os aportes em muni\u00e7\u00f5es, equipamentos, concursos para novos servidores e renova\u00e7\u00e3o da frota refletem diretamente nos bons resultados obtidos pela institui\u00e7\u00e3o, fortalecendo ainda mais o trabalho dos policiais e garantindo maior efici\u00eancia no atendimento \u00e0 sociedade.<\/p><p data-start=\"1512\" data-end=\"1918\">Ao se dirigir aos novos respons\u00e1veis pelas DPMUs, Ulisses Gabriel refor\u00e7ou a import\u00e2ncia da fun\u00e7\u00e3o que assumem. \u201cVoc\u00eas, respons\u00e1veis pelas DPMUs, est\u00e3o assumindo a miss\u00e3o de representar a Pol\u00edcia Civil de Santa Catarina e o Governo de Santa Catarina nos seus munic\u00edpios, atendendo com cordialidade e buscando resolver os problemas que mais impactam a sociedade. Voc\u00eas conquistaram essa posi\u00e7\u00e3o com meritocracia\u201d. \u00a0<\/p><p>No evento, foram entregues 15 viaturas caracterizadas e descaracterizadas, adquiridas com verbas do Fundo Estadual de Seguran\u00e7a P\u00fablica, de emendas parlamentares e da SENASP, totalizando um valor de R$ 2.656.486,74. Os ve\u00edculos foram destinados a unidades policiais da Capital, Itaja\u00ed, Crici\u00fama, S\u00e3o Jos\u00e9 e Blumenau.<\/p><p>A designa\u00e7\u00e3o dos respons\u00e1veis pelo expediente das delegacias envolveu munic\u00edpios de todas as regi\u00f5es. Foram contempladas as cidades de \u00c1gua Doce, Atalanta, Balne\u00e1rio Barra do Sul, Balne\u00e1rio Rinc\u00e3o, Chapad\u00e3o do Lageado, Cordilheira Alta, Ermo, Guabiruba, Guaruj\u00e1 do Sul, Guatambu, Imbuia, Irati, Jacinto Machado, Jos\u00e9 Boiteux, Lacerd\u00f3polis, Macieira, Monte Castelo, Morro Grande, Nova Trento, Ouro, Paial, Paulo Lopes, Peritiba, Petrol\u00e2ndia, Pinheiro Preto, Rio das Antas, S\u00e3o Martinho, Timb\u00f3 Grande, Vidal Ramos e Xavantina.<\/p><p><strong>Cr\u00e9ditos de foto: Richard Casas\/GVG<br \/>Com informa\u00e7\u00f5es do Gabinete da Vice-governadora.<\/strong><\/p>\t\t\t\t\t\t\t\t<\/div>\n\t\t\t\t<\/div>\n\t\t\t\t\t<\/div>\n\t\t<\/div>\n\t\t\t\t\t<\/div>\n\t\t<\/section>\n\t\t\t\t<section class=\"elementor-section elementor-top-section elementor-element elementor-element-1bd997c elementor-section-boxed elementor-section-height-default elementor-section-height-default\" data-id=\"1bd997c\" data-element_type=\"section\">\n\t\t\t\t\t\t<div class=\"elementor-container elementor-column-gap-default\">\n\t\t\t\t\t<div class=\"elementor-column elementor-col-100 elementor-top-column elementor-element elementor-element-6615cf8\" data-id=\"6615cf8\" data-element_type=\"column\">\n\t\t\t<div class=\"elementor-widget-wrap elementor-element-populated\">\n\t\t\t\t\t\t<div class=\"elementor-element elementor-element-cf2cb20 elementor-widget elementor-widget-gallery\" data-id=\"cf2cb20\" data-element_type=\"widget\" data-settings=\"{&quot;columns&quot;:3,&quot;lazyload&quot;:&quot;yes&quot;,&quot;gallery_layout&quot;:&quot;grid&quot;,&quot;columns_tablet&quot;:2,&quot;columns_mobile&quot;:1,&quot;gap&quot;:{&quot;unit&quot;:&quot;px&quot;,&quot;size&quot;:10,&quot;sizes&quot;:[]},&quot;gap_tablet&quot;:{&quot;unit&quot;:&quot;px&quot;,&quot;size&quot;:10,&quot;sizes&quot;:[]},&quot;gap_mobile&quot;:{&quot;unit&quot;:&quot;px&quot;,&quot;size&quot;:10,&quot;sizes&quot;:[]},&quot;link_to&quot;:&quot;file&quot;,&quot;aspect_ratio&quot;:&quot;3:2&quot;,&quot;overlay_background&quot;:&quot;yes&quot;,&quot;content_hover_animation&quot;:&quot;fade-in&quot;}\" data-widget_type=\"gallery.default\">\n\t\t\t\t<div class=\"elementor-widget-container\">\n\t\t\t\t\t\t\t<div class=\"elementor-gallery__container\">\n\t\t\t\t\t\t\t<a class=\"e-gallery-item elementor-gallery-item elementor-animated-content\" href=\"https:\/\/pc.sc.gov.br\/\/wp-content\/uploads\/2025\/05\/54555269157_6654264cc6_c.jpg\" data-elementor-open-lightbox=\"yes\" data-elementor-lightbox-slideshow=\"cf2cb20\" data-elementor-lightbox-title=\"54555269157_6654264cc6_c\" data-e-action-hash=\"#elementor-action%3Aaction%3Dlightbox%26settings%3DeyJpZCI6MjkxMTIsInVybCI6Imh0dHBzOlwvXC9wYy5zYy5nb3YuYnJcL1wvd3AtY29udGVudFwvdXBsb2Fkc1wvMjAyNVwvMDVcLzU0NTU1MjY5MTU3XzY2NTQyNjRjYzZfYy5qcGciLCJzbGlkZXNob3ciOiJjZjJjYjIwIn0%3D\">\n\t\t\t\t\t<div class=\"e-gallery-image elementor-gallery-item__image\" data-thumbnail=\"https:\/\/pc.sc.gov.br\/\/wp-content\/uploads\/2025\/05\/54555269157_6654264cc6_c-300x200.jpg\" data-width=\"300\" data-height=\"200\" aria-label=\"\" role=\"img\" ><\/div>\n\t\t\t\t\t\t\t\t\t\t\t<div class=\"elementor-gallery-item__overlay\"><\/div>\n\t\t\t\t\t\t\t\t\t\t\t\t\t\t<\/a>\n\t\t\t\t\t\t\t<a class=\"e-gallery-item elementor-gallery-item elementor-animated-content\" href=\"https:\/\/pc.sc.gov.br\/\/wp-content\/uploads\/2025\/05\/54556485110_72f3e6268e_c-1.jpg\" data-elementor-open-lightbox=\"yes\" data-elementor-lightbox-slideshow=\"cf2cb20\" data-elementor-lightbox-title=\"54556485110_72f3e6268e_c\" data-e-action-hash=\"#elementor-action%3Aaction%3Dlightbox%26settings%3DeyJpZCI6MjkxMDksInVybCI6Imh0dHBzOlwvXC9wYy5zYy5nb3YuYnJcL1wvd3AtY29udGVudFwvdXBsb2Fkc1wvMjAyNVwvMDVcLzU0NTU2NDg1MTEwXzcyZjNlNjI2OGVfYy0xLmpwZyIsInNsaWRlc2hvdyI6ImNmMmNiMjAifQ%3D%3D\">\n\t\t\t\t\t<div class=\"e-gallery-image elementor-gallery-item__image\" data-thumbnail=\"https:\/\/pc.sc.gov.br\/\/wp-content\/uploads\/2025\/05\/54556485110_72f3e6268e_c-1-300x200.jpg\" data-width=\"300\" data-height=\"200\" aria-label=\"\" role=\"img\" ><\/div>\n\t\t\t\t\t\t\t\t\t\t\t<div class=\"elementor-gallery-item__overlay\"><\/div>\n\t\t\t\t\t\t\t\t\t\t\t\t\t\t<\/a>\n\t\t\t\t\t\t\t<a class=\"e-gallery-item elementor-gallery-item elementor-animated-content\" href=\"https:\/\/pc.sc.gov.br\/\/wp-content\/uploads\/2025\/05\/54556385928_6de166731f_c.jpg\" data-elementor-open-lightbox=\"yes\" data-elementor-lightbox-slideshow=\"cf2cb20\" data-elementor-lightbox-title=\"54556385928_6de166731f_c\" data-e-action-hash=\"#elementor-action%3Aaction%3Dlightbox%26settings%3DeyJpZCI6MjkxMTEsInVybCI6Imh0dHBzOlwvXC9wYy5zYy5nb3YuYnJcL1wvd3AtY29udGVudFwvdXBsb2Fkc1wvMjAyNVwvMDVcLzU0NTU2Mzg1OTI4XzZkZTE2NjczMWZfYy5qcGciLCJzbGlkZXNob3ciOiJjZjJjYjIwIn0%3D\">\n\t\t\t\t\t<div class=\"e-gallery-image elementor-gallery-item__image\" data-thumbnail=\"https:\/\/pc.sc.gov.br\/\/wp-content\/uploads\/2025\/05\/54556385928_6de166731f_c-300x200.jpg\" data-width=\"300\" data-height=\"200\" aria-label=\"\" role=\"img\" ><\/div>\n\t\t\t\t\t\t\t\t\t\t\t<div class=\"elementor-gallery-item__overlay\"><\/div>\n\t\t\t\t\t\t\t\t\t\t\t\t\t\t<\/a>\n\t\t\t\t\t<\/div>\n\t\t\t\t\t<\/div>\n\t\t\t\t<\/div>\n\t\t\t\t\t<\/div>\n\t\t<\/div>\n\t\t\t\t\t<\/div>\n\t\t<\/section>\n\t\t\t\t<\/div>\n\t\t","protected":false},"excerpt":{"rendered":"<p>Pol\u00edcia Civil realiza entrega de 15 viaturas e oficializa\u00e7\u00e3o de designa\u00e7\u00e3o de respons\u00e1veis por Delegacias de Pol\u00edcia de Munic\u00edpios de SC Nesta sexta-feira (30\/05), a Pol\u00edcia Civil de Santa Catarina realizou evento de entrega de 15 viaturas e oficializa\u00e7\u00e3o de designa\u00e7\u00e3o de 34 policiais civis respons\u00e1veis por Delegacias de Pol\u00edcia de Munic\u00edpios de Santa Catarina. [&hellip;]<\/p>\n","protected":false},"author":5,"featured_media":29107,"comment_status":"closed","ping_status":"open","sticky":false,"template":"","format":"standard","meta":{"_monsterinsights_skip_tracking":false,"_monsterinsights_sitenote_active":false,"_monsterinsights_sitenote_note":"","_monsterinsights_sitenote_category":0,"footnotes":""},"categories":[1],"tags":[],"class_list":["post-29106","post","type-post","status-publish","format-standard","has-post-thumbnail","hentry","category-sem-categoria"],"_links":{"self":[{"href":"https:\/\/pc.sc.gov.br\/index.php?rest_route=\/wp\/v2\/posts\/29106","targetHints":{"allow":["GET"]}}],"collection":[{"href":"https:\/\/pc.sc.gov.br\/index.php?rest_route=\/wp\/v2\/posts"}],"about":[{"href":"https:\/\/pc.sc.gov.br\/index.php?rest_route=\/wp\/v2\/types\/post"}],"author":[{"embeddable":true,"href":"https:\/\/pc.sc.gov.br\/index.php?rest_route=\/wp\/v2\/users\/5"}],"replies":[{"embeddable":true,"href":"https:\/\/pc.sc.gov.br\/index.php?rest_route=%2Fwp%2Fv2%2Fcomments&post=29106"}],"version-history":[{"count":4,"href":"https:\/\/pc.sc.gov.br\/index.php?rest_route=\/wp\/v2\/posts\/29106\/revisions"}],"predecessor-version":[{"id":29116,"href":"https:\/\/pc.sc.gov.br\/index.php?rest_route=\/wp\/v2\/posts\/29106\/revisions\/29116"}],"wp:featuredmedia":[{"embeddable":true,"href":"https:\/\/pc.sc.gov.br\/index.php?rest_route=\/wp\/v2\/media\/29107"}],"wp:attachment":[{"href":"https:\/\/pc.sc.gov.br\/index.php?rest_route=%2Fwp%2Fv2%2Fmedia&parent=29106"}],"wp:term":[{"taxonomy":"category","embeddable":true,"href":"https:\/\/pc.sc.gov.br\/index.php?rest_route=%2Fwp%2Fv2%2Fcategories&post=29106"},{"taxonomy":"post_tag","embeddable":true,"href":"https:\/\/pc.sc.gov.br\/index.php?rest_route=%2Fwp%2Fv2%2Ftags&post=29106"}],"curies":[{"name":"wp","href":"https:\/\/api.w.org\/{rel}","templated":true}]}}