{"id":29124,"date":"2025-05-30T15:32:26","date_gmt":"2025-05-30T18:32:26","guid":{"rendered":"https:\/\/pc.sc.gov.br\/?p=29124"},"modified":"2025-05-30T15:33:51","modified_gmt":"2025-05-30T18:33:51","slug":"policia-civil-deflagra-operacao-conjunta-contra-pirataria-e-apreende-mercadorias-avaliadas-em-r-640-mil-na-regiao-da-grande-florianopolis","status":"publish","type":"post","link":"https:\/\/pc.sc.gov.br\/?p=29124","title":{"rendered":"Pol\u00edcia Civil deflagra opera\u00e7\u00e3o conjunta contra pirataria e apreende mercadorias avaliadas em R$ 640 mil na regi\u00e3o da Grande Florian\u00f3polis"},"content":{"rendered":"\t\t<div data-elementor-type=\"wp-post\" data-elementor-id=\"29124\" class=\"elementor elementor-29124\" data-elementor-post-type=\"post\">\n\t\t\t\t\t\t<section class=\"elementor-section elementor-top-section elementor-element elementor-element-6c524e0 elementor-section-boxed elementor-section-height-default elementor-section-height-default\" data-id=\"6c524e0\" data-element_type=\"section\">\n\t\t\t\t\t\t<div class=\"elementor-container elementor-column-gap-default\">\n\t\t\t\t\t<div class=\"elementor-column elementor-col-100 elementor-top-column elementor-element elementor-element-fdd3873\" data-id=\"fdd3873\" data-element_type=\"column\">\n\t\t\t<div class=\"elementor-widget-wrap elementor-element-populated\">\n\t\t\t\t\t\t<div class=\"elementor-element elementor-element-c38b412 elementor-widget elementor-widget-heading\" data-id=\"c38b412\" data-element_type=\"widget\" data-widget_type=\"heading.default\">\n\t\t\t\t<div class=\"elementor-widget-container\">\n\t\t\t\t\t<h2 class=\"elementor-heading-title elementor-size-default\">Pol\u00edcia Civil deflagra opera\u00e7\u00e3o conjunta contra pirataria e apreende mercadorias avaliadas em R$ 640 mil na regi\u00e3o da Grande Florian\u00f3polis<\/h2>\t\t\t\t<\/div>\n\t\t\t\t<\/div>\n\t\t\t\t\t<\/div>\n\t\t<\/div>\n\t\t\t\t\t<\/div>\n\t\t<\/section>\n\t\t\t\t<section class=\"elementor-section elementor-top-section elementor-element elementor-element-7928b93 elementor-section-boxed elementor-section-height-default elementor-section-height-default\" data-id=\"7928b93\" data-element_type=\"section\">\n\t\t\t\t\t\t<div class=\"elementor-container elementor-column-gap-default\">\n\t\t\t\t\t<div class=\"elementor-column elementor-col-100 elementor-top-column elementor-element elementor-element-d221131\" data-id=\"d221131\" data-element_type=\"column\">\n\t\t\t<div class=\"elementor-widget-wrap elementor-element-populated\">\n\t\t\t\t\t\t<div class=\"elementor-element elementor-element-0f2d56a elementor-widget elementor-widget-image\" data-id=\"0f2d56a\" data-element_type=\"widget\" data-widget_type=\"image.default\">\n\t\t\t\t<div class=\"elementor-widget-container\">\n\t\t\t\t\t\t\t\t\t\t\t\t\t\t\t<img fetchpriority=\"high\" decoding=\"async\" width=\"576\" height=\"1024\" src=\"https:\/\/pc.sc.gov.br\/\/wp-content\/uploads\/2025\/05\/WhatsApp-Image-2025-05-30-at-14.15.20-1-576x1024.jpeg\" class=\"attachment-large size-large wp-image-29125\" alt=\"\" srcset=\"https:\/\/pc.sc.gov.br\/\/wp-content\/uploads\/2025\/05\/WhatsApp-Image-2025-05-30-at-14.15.20-1-576x1024.jpeg 576w, https:\/\/pc.sc.gov.br\/\/wp-content\/uploads\/2025\/05\/WhatsApp-Image-2025-05-30-at-14.15.20-1-169x300.jpeg 169w, https:\/\/pc.sc.gov.br\/\/wp-content\/uploads\/2025\/05\/WhatsApp-Image-2025-05-30-at-14.15.20-1-768x1365.jpeg 768w, https:\/\/pc.sc.gov.br\/\/wp-content\/uploads\/2025\/05\/WhatsApp-Image-2025-05-30-at-14.15.20-1-864x1536.jpeg 864w, https:\/\/pc.sc.gov.br\/\/wp-content\/uploads\/2025\/05\/WhatsApp-Image-2025-05-30-at-14.15.20-1.jpeg 900w\" sizes=\"(max-width: 576px) 100vw, 576px\" \/>\t\t\t\t\t\t\t\t\t\t\t\t\t\t\t<\/div>\n\t\t\t\t<\/div>\n\t\t\t\t\t<\/div>\n\t\t<\/div>\n\t\t\t\t\t<\/div>\n\t\t<\/section>\n\t\t\t\t<section class=\"elementor-section elementor-top-section elementor-element elementor-element-48bd989 elementor-section-boxed elementor-section-height-default elementor-section-height-default\" data-id=\"48bd989\" data-element_type=\"section\">\n\t\t\t\t\t\t<div class=\"elementor-container elementor-column-gap-default\">\n\t\t\t\t\t<div class=\"elementor-column elementor-col-100 elementor-top-column elementor-element elementor-element-038b388\" data-id=\"038b388\" data-element_type=\"column\">\n\t\t\t<div class=\"elementor-widget-wrap elementor-element-populated\">\n\t\t\t\t\t\t<div class=\"elementor-element elementor-element-772b893 elementor-widget elementor-widget-text-editor\" data-id=\"772b893\" data-element_type=\"widget\" data-widget_type=\"text-editor.default\">\n\t\t\t\t<div class=\"elementor-widget-container\">\n\t\t\t\t\t\t\t\t\t<p>A Pol\u00edcia Civil de Santa Catarina, por meio da Delegacia de Investiga\u00e7\u00e3o de Crimes Ambientais e Crimes contra as Rela\u00e7\u00f5es de Consumo da Diretoria Estadual de Investiga\u00e7\u00f5es Criminais (DCAC\/DEIC), deflagrou, nos dias 28 e 29 de maio, opera\u00e7\u00e3o conjunta de combate \u00e0 pirataria que resultou na apreens\u00e3o de mercadorias avaliadas em aproximadamente R$ 640 mil. A for\u00e7a-tarefa \u00e9 composta pela Pol\u00edcia Civil, PROCON SC, Conselho Estadual de Combate \u00e0 Pirataria (CECOP) e Fazenda estadual.<\/p><p>Durante a opera\u00e7\u00e3o, foram fiscalizados cinco estabelecimentos comerciais na Grande Florian\u00f3polis, sendo dois em Florian\u00f3polis, dois em S\u00e3o Jos\u00e9 e um em Palho\u00e7a. As equipes apreenderam aproximadamente 8.000 pe\u00e7as de roupas, 4.000 pares de cal\u00e7ados, al\u00e9m de produtos eletr\u00f4nicos, perfumes e bolsas, todos suspeitos de falsifica\u00e7\u00e3o.<\/p><p>A comercializa\u00e7\u00e3o de produtos piratas prejudica n\u00e3o apenas as marcas leg\u00edtimas e a sa\u00fade e seguran\u00e7a dos consumidores, mas tamb\u00e9m gera sonega\u00e7\u00e3o fiscal, concorr\u00eancia desleal e alimenta o mercado informal, causando preju\u00edzos significativos \u00e0 economia catarinense. Segundo o F\u00f3rum Nacional Contra a Pirataria, os preju\u00edzos causados pela pirataria a n\u00edvel nacional s\u00e3o da ordem de R$ 500 bilh\u00f5es por ano.<\/p><p>Os suspeitos responder\u00e3o por crimes contra propriedade imaterial, crimes contra as rela\u00e7\u00f5es de consumo e crimes contra a ordem tribut\u00e1ria, estando sujeitos a penas que variam de dois a cinco anos de reclus\u00e3o, al\u00e9m de multas.<\/p><p>As investiga\u00e7\u00f5es prosseguem com objetivo de identificar novas redes de produ\u00e7\u00e3o e comercializa\u00e7\u00e3o de produtos falsificados em todo estado de Santa Catarina.<\/p>\t\t\t\t\t\t\t\t<\/div>\n\t\t\t\t<\/div>\n\t\t\t\t\t<\/div>\n\t\t<\/div>\n\t\t\t\t\t<\/div>\n\t\t<\/section>\n\t\t\t\t<section class=\"elementor-section elementor-top-section elementor-element elementor-element-26d830a elementor-section-boxed elementor-section-height-default elementor-section-height-default\" data-id=\"26d830a\" data-element_type=\"section\">\n\t\t\t\t\t\t<div class=\"elementor-container elementor-column-gap-default\">\n\t\t\t\t\t<div class=\"elementor-column elementor-col-100 elementor-top-column elementor-element elementor-element-dd9a0b4\" data-id=\"dd9a0b4\" data-element_type=\"column\">\n\t\t\t<div class=\"elementor-widget-wrap elementor-element-populated\">\n\t\t\t\t\t\t<div class=\"elementor-element elementor-element-b54d16a elementor-widget elementor-widget-gallery\" data-id=\"b54d16a\" data-element_type=\"widget\" data-settings=\"{&quot;columns&quot;:2,&quot;lazyload&quot;:&quot;yes&quot;,&quot;gallery_layout&quot;:&quot;grid&quot;,&quot;columns_tablet&quot;:2,&quot;columns_mobile&quot;:1,&quot;gap&quot;:{&quot;unit&quot;:&quot;px&quot;,&quot;size&quot;:10,&quot;sizes&quot;:[]},&quot;gap_tablet&quot;:{&quot;unit&quot;:&quot;px&quot;,&quot;size&quot;:10,&quot;sizes&quot;:[]},&quot;gap_mobile&quot;:{&quot;unit&quot;:&quot;px&quot;,&quot;size&quot;:10,&quot;sizes&quot;:[]},&quot;link_to&quot;:&quot;file&quot;,&quot;aspect_ratio&quot;:&quot;3:2&quot;,&quot;overlay_background&quot;:&quot;yes&quot;,&quot;content_hover_animation&quot;:&quot;fade-in&quot;}\" data-widget_type=\"gallery.default\">\n\t\t\t\t<div class=\"elementor-widget-container\">\n\t\t\t\t\t\t\t<div class=\"elementor-gallery__container\">\n\t\t\t\t\t\t\t<a class=\"e-gallery-item elementor-gallery-item elementor-animated-content\" href=\"https:\/\/pc.sc.gov.br\/\/wp-content\/uploads\/2025\/05\/WhatsApp-Image-2025-05-30-at-14.15.21.jpeg\" data-elementor-open-lightbox=\"yes\" data-elementor-lightbox-slideshow=\"b54d16a\" data-elementor-lightbox-title=\"WhatsApp Image 2025-05-30 at 14.15.21\" data-e-action-hash=\"#elementor-action%3Aaction%3Dlightbox%26settings%3DeyJpZCI6MjkxMjgsInVybCI6Imh0dHBzOlwvXC9wYy5zYy5nb3YuYnJcL1wvd3AtY29udGVudFwvdXBsb2Fkc1wvMjAyNVwvMDVcL1doYXRzQXBwLUltYWdlLTIwMjUtMDUtMzAtYXQtMTQuMTUuMjEuanBlZyIsInNsaWRlc2hvdyI6ImI1NGQxNmEifQ%3D%3D\">\n\t\t\t\t\t<div class=\"e-gallery-image elementor-gallery-item__image\" data-thumbnail=\"https:\/\/pc.sc.gov.br\/\/wp-content\/uploads\/2025\/05\/WhatsApp-Image-2025-05-30-at-14.15.21-226x300.jpeg\" data-width=\"226\" data-height=\"300\" aria-label=\"\" role=\"img\" ><\/div>\n\t\t\t\t\t\t\t\t\t\t\t<div class=\"elementor-gallery-item__overlay\"><\/div>\n\t\t\t\t\t\t\t\t\t\t\t\t\t\t<\/a>\n\t\t\t\t\t\t\t<a class=\"e-gallery-item elementor-gallery-item elementor-animated-content\" href=\"https:\/\/pc.sc.gov.br\/\/wp-content\/uploads\/2025\/05\/WhatsApp-Image-2025-05-30-at-14.15.20.jpeg\" data-elementor-open-lightbox=\"yes\" data-elementor-lightbox-slideshow=\"b54d16a\" data-elementor-lightbox-title=\"WhatsApp Image 2025-05-30 at 14.15.20\" data-e-action-hash=\"#elementor-action%3Aaction%3Dlightbox%26settings%3DeyJpZCI6MjkxMjcsInVybCI6Imh0dHBzOlwvXC9wYy5zYy5nb3YuYnJcL1wvd3AtY29udGVudFwvdXBsb2Fkc1wvMjAyNVwvMDVcL1doYXRzQXBwLUltYWdlLTIwMjUtMDUtMzAtYXQtMTQuMTUuMjAuanBlZyIsInNsaWRlc2hvdyI6ImI1NGQxNmEifQ%3D%3D\">\n\t\t\t\t\t<div class=\"e-gallery-image elementor-gallery-item__image\" data-thumbnail=\"https:\/\/pc.sc.gov.br\/\/wp-content\/uploads\/2025\/05\/WhatsApp-Image-2025-05-30-at-14.15.20-226x300.jpeg\" data-width=\"226\" data-height=\"300\" aria-label=\"\" role=\"img\" ><\/div>\n\t\t\t\t\t\t\t\t\t\t\t<div class=\"elementor-gallery-item__overlay\"><\/div>\n\t\t\t\t\t\t\t\t\t\t\t\t\t\t<\/a>\n\t\t\t\t\t<\/div>\n\t\t\t\t\t<\/div>\n\t\t\t\t<\/div>\n\t\t\t\t\t<\/div>\n\t\t<\/div>\n\t\t\t\t\t<\/div>\n\t\t<\/section>\n\t\t\t\t<\/div>\n\t\t","protected":false},"excerpt":{"rendered":"<p>Pol\u00edcia Civil deflagra opera\u00e7\u00e3o conjunta contra pirataria e apreende mercadorias avaliadas em R$ 640 mil na regi\u00e3o da Grande Florian\u00f3polis A Pol\u00edcia Civil de Santa Catarina, por meio da Delegacia de Investiga\u00e7\u00e3o de Crimes Ambientais e Crimes contra as Rela\u00e7\u00f5es de Consumo da Diretoria Estadual de Investiga\u00e7\u00f5es Criminais (DCAC\/DEIC), deflagrou, nos dias 28 e 29 [&hellip;]<\/p>\n","protected":false},"author":5,"featured_media":29125,"comment_status":"closed","ping_status":"open","sticky":false,"template":"","format":"standard","meta":{"_monsterinsights_skip_tracking":false,"_monsterinsights_sitenote_active":false,"_monsterinsights_sitenote_note":"","_monsterinsights_sitenote_category":0,"footnotes":""},"categories":[1],"tags":[],"class_list":["post-29124","post","type-post","status-publish","format-standard","has-post-thumbnail","hentry","category-sem-categoria"],"_links":{"self":[{"href":"https:\/\/pc.sc.gov.br\/index.php?rest_route=\/wp\/v2\/posts\/29124","targetHints":{"allow":["GET"]}}],"collection":[{"href":"https:\/\/pc.sc.gov.br\/index.php?rest_route=\/wp\/v2\/posts"}],"about":[{"href":"https:\/\/pc.sc.gov.br\/index.php?rest_route=\/wp\/v2\/types\/post"}],"author":[{"embeddable":true,"href":"https:\/\/pc.sc.gov.br\/index.php?rest_route=\/wp\/v2\/users\/5"}],"replies":[{"embeddable":true,"href":"https:\/\/pc.sc.gov.br\/index.php?rest_route=%2Fwp%2Fv2%2Fcomments&post=29124"}],"version-history":[{"count":4,"href":"https:\/\/pc.sc.gov.br\/index.php?rest_route=\/wp\/v2\/posts\/29124\/revisions"}],"predecessor-version":[{"id":29131,"href":"https:\/\/pc.sc.gov.br\/index.php?rest_route=\/wp\/v2\/posts\/29124\/revisions\/29131"}],"wp:featuredmedia":[{"embeddable":true,"href":"https:\/\/pc.sc.gov.br\/index.php?rest_route=\/wp\/v2\/media\/29125"}],"wp:attachment":[{"href":"https:\/\/pc.sc.gov.br\/index.php?rest_route=%2Fwp%2Fv2%2Fmedia&parent=29124"}],"wp:term":[{"taxonomy":"category","embeddable":true,"href":"https:\/\/pc.sc.gov.br\/index.php?rest_route=%2Fwp%2Fv2%2Fcategories&post=29124"},{"taxonomy":"post_tag","embeddable":true,"href":"https:\/\/pc.sc.gov.br\/index.php?rest_route=%2Fwp%2Fv2%2Ftags&post=29124"}],"curies":[{"name":"wp","href":"https:\/\/api.w.org\/{rel}","templated":true}]}}