{"id":29132,"date":"2025-05-30T15:59:36","date_gmt":"2025-05-30T18:59:36","guid":{"rendered":"https:\/\/pc.sc.gov.br\/?p=29132"},"modified":"2025-05-30T16:01:49","modified_gmt":"2025-05-30T19:01:49","slug":"policia-civil-e-gaeco-cumprem-mandados-de-busca-em-investigacao-a-possivel-ataque-a-escola-de-turvo","status":"publish","type":"post","link":"https:\/\/pc.sc.gov.br\/?p=29132","title":{"rendered":"Pol\u00edcia Civil e Gaeco cumprem mandados de busca em investiga\u00e7\u00e3o a poss\u00edvel ataque \u00e0 escola de Turvo"},"content":{"rendered":"\t\t<div data-elementor-type=\"wp-post\" data-elementor-id=\"29132\" class=\"elementor elementor-29132\" data-elementor-post-type=\"post\">\n\t\t\t\t\t\t<section class=\"elementor-section elementor-top-section elementor-element elementor-element-7e1f0f4 elementor-section-boxed elementor-section-height-default elementor-section-height-default\" data-id=\"7e1f0f4\" data-element_type=\"section\">\n\t\t\t\t\t\t<div class=\"elementor-container elementor-column-gap-default\">\n\t\t\t\t\t<div class=\"elementor-column elementor-col-100 elementor-top-column elementor-element elementor-element-c2a48f3\" data-id=\"c2a48f3\" data-element_type=\"column\">\n\t\t\t<div class=\"elementor-widget-wrap elementor-element-populated\">\n\t\t\t\t\t\t<div class=\"elementor-element elementor-element-ebaa37c elementor-widget elementor-widget-heading\" data-id=\"ebaa37c\" data-element_type=\"widget\" data-widget_type=\"heading.default\">\n\t\t\t\t<div class=\"elementor-widget-container\">\n\t\t\t\t\t<h2 class=\"elementor-heading-title elementor-size-default\">Pol\u00edcia Civil e Gaeco cumprem mandados de busca em investiga\u00e7\u00e3o a poss\u00edvel ataque \u00e0 escola de Turvo<\/h2>\t\t\t\t<\/div>\n\t\t\t\t<\/div>\n\t\t\t\t\t<\/div>\n\t\t<\/div>\n\t\t\t\t\t<\/div>\n\t\t<\/section>\n\t\t\t\t<section class=\"elementor-section elementor-top-section elementor-element elementor-element-e697bb7 elementor-section-boxed elementor-section-height-default elementor-section-height-default\" data-id=\"e697bb7\" data-element_type=\"section\">\n\t\t\t\t\t\t<div class=\"elementor-container elementor-column-gap-default\">\n\t\t\t\t\t<div class=\"elementor-column elementor-col-100 elementor-top-column elementor-element elementor-element-82530f7\" data-id=\"82530f7\" data-element_type=\"column\">\n\t\t\t<div class=\"elementor-widget-wrap elementor-element-populated\">\n\t\t\t\t\t\t<div class=\"elementor-element elementor-element-4630543 elementor-widget elementor-widget-text-editor\" data-id=\"4630543\" data-element_type=\"widget\" data-widget_type=\"text-editor.default\">\n\t\t\t\t<div class=\"elementor-widget-container\">\n\t\t\t\t\t\t\t\t\t<p>Na manh\u00e3 desta sexta-feira (30\/05), a Pol\u00edcia Civil de Santa Catarina, por meio da Delegacia de Pol\u00edcia da Comarca de Turvo, com apoio do Grupo de Atua\u00e7\u00e3o Especial de Combate \u00e0s Organiza\u00e7\u00f5es Criminosas (Gaeco), deflagrou a 2\u00aa fase de uma investiga\u00e7\u00e3o que apura a poss\u00edvel articula\u00e7\u00e3o de um atentado em uma unidade escolar do munic\u00edpio de Turvo.<\/p>\n<p>As dilig\u00eancias foram autorizadas pelo Poder Judici\u00e1rio a partir de representa\u00e7\u00f5es formuladas pela Pol\u00edcia Civil e pelo Minist\u00e9rio P\u00fablico, visando verificar a veracidade de den\u00fancias que apontavam para a negocia\u00e7\u00e3o de uma arma de fogo entre adolescentes, supostamente com a finalidade de praticar um ataque a estudantes.<\/p>\n<p>Durante a a\u00e7\u00e3o, foi cumprido mandado de busca e apreens\u00e3o na resid\u00eancia de um adolescente de 15 anos, localizada no munic\u00edpio de Ararangu\u00e1, suspeito de estar envolvido na venda do armamento. No endere\u00e7o, os policiais apreenderam o aparelho celular do investigado, o qual ser\u00e1 submetido \u00e0 an\u00e1lise pericial. Nenhum outro item il\u00edcito foi localizado no local.<\/p>\n<p>O procedimento de apura\u00e7\u00e3o de ato infracional est\u00e1 sendo conduzido pela Delegacia de Pol\u00edcia de Turvo e, ao final, ser\u00e1 encaminhado ao Poder Judici\u00e1rio e ao Minist\u00e9rio P\u00fablico para as provid\u00eancias legais cab\u00edveis.<\/p>\n<p><strong>No v\u00eddeo, o delegado Lucas Fernandes da Rosa, explica mais detalhes sobre a a\u00e7\u00e3o:&nbsp;<\/strong><\/p>\t\t\t\t\t\t\t\t<\/div>\n\t\t\t\t<\/div>\n\t\t\t\t\t<\/div>\n\t\t<\/div>\n\t\t\t\t\t<\/div>\n\t\t<\/section>\n\t\t\t\t<section class=\"elementor-section elementor-top-section elementor-element elementor-element-f29c707 elementor-section-boxed elementor-section-height-default elementor-section-height-default\" data-id=\"f29c707\" data-element_type=\"section\">\n\t\t\t\t\t\t<div class=\"elementor-container elementor-column-gap-default\">\n\t\t\t\t\t<div class=\"elementor-column elementor-col-100 elementor-top-column elementor-element elementor-element-f4210b8\" data-id=\"f4210b8\" data-element_type=\"column\">\n\t\t\t<div class=\"elementor-widget-wrap elementor-element-populated\">\n\t\t\t\t\t\t<div class=\"elementor-element elementor-element-51b95e4 elementor-widget elementor-widget-video\" data-id=\"51b95e4\" data-element_type=\"widget\" data-settings=\"{&quot;video_type&quot;:&quot;hosted&quot;,&quot;controls&quot;:&quot;yes&quot;}\" data-widget_type=\"video.default\">\n\t\t\t\t<div class=\"elementor-widget-container\">\n\t\t\t\t\t\t\t<div class=\"e-hosted-video elementor-wrapper elementor-open-inline\">\n\t\t\t\t\t<video class=\"elementor-video\" src=\"https:\/\/pc.sc.gov.br\/wp-content\/uploads\/2025\/05\/WhatsApp-Video-2025-05-30-at-09.25.04.mp4\" controls=\"\" preload=\"metadata\"><\/video>\n\t\t\t\t<\/div>\n\t\t\t\t\t\t<\/div>\n\t\t\t\t<\/div>\n\t\t\t\t\t<\/div>\n\t\t<\/div>\n\t\t\t\t\t<\/div>\n\t\t<\/section>\n\t\t\t\t<\/div>\n\t\t","protected":false},"excerpt":{"rendered":"<p>Pol\u00edcia Civil e Gaeco cumprem mandados de busca em investiga\u00e7\u00e3o a poss\u00edvel ataque \u00e0 escola de Turvo Na manh\u00e3 desta sexta-feira (30\/05), a Pol\u00edcia Civil de Santa Catarina, por meio da Delegacia de Pol\u00edcia da Comarca de Turvo, com apoio do Grupo de Atua\u00e7\u00e3o Especial de Combate \u00e0s Organiza\u00e7\u00f5es Criminosas (Gaeco), deflagrou a 2\u00aa fase [&hellip;]<\/p>\n","protected":false},"author":5,"featured_media":12056,"comment_status":"closed","ping_status":"open","sticky":false,"template":"","format":"standard","meta":{"_monsterinsights_skip_tracking":false,"_monsterinsights_sitenote_active":false,"_monsterinsights_sitenote_note":"","_monsterinsights_sitenote_category":0,"footnotes":""},"categories":[1],"tags":[],"class_list":["post-29132","post","type-post","status-publish","format-standard","has-post-thumbnail","hentry","category-sem-categoria"],"_links":{"self":[{"href":"https:\/\/pc.sc.gov.br\/index.php?rest_route=\/wp\/v2\/posts\/29132","targetHints":{"allow":["GET"]}}],"collection":[{"href":"https:\/\/pc.sc.gov.br\/index.php?rest_route=\/wp\/v2\/posts"}],"about":[{"href":"https:\/\/pc.sc.gov.br\/index.php?rest_route=\/wp\/v2\/types\/post"}],"author":[{"embeddable":true,"href":"https:\/\/pc.sc.gov.br\/index.php?rest_route=\/wp\/v2\/users\/5"}],"replies":[{"embeddable":true,"href":"https:\/\/pc.sc.gov.br\/index.php?rest_route=%2Fwp%2Fv2%2Fcomments&post=29132"}],"version-history":[{"count":4,"href":"https:\/\/pc.sc.gov.br\/index.php?rest_route=\/wp\/v2\/posts\/29132\/revisions"}],"predecessor-version":[{"id":29137,"href":"https:\/\/pc.sc.gov.br\/index.php?rest_route=\/wp\/v2\/posts\/29132\/revisions\/29137"}],"wp:featuredmedia":[{"embeddable":true,"href":"https:\/\/pc.sc.gov.br\/index.php?rest_route=\/wp\/v2\/media\/12056"}],"wp:attachment":[{"href":"https:\/\/pc.sc.gov.br\/index.php?rest_route=%2Fwp%2Fv2%2Fmedia&parent=29132"}],"wp:term":[{"taxonomy":"category","embeddable":true,"href":"https:\/\/pc.sc.gov.br\/index.php?rest_route=%2Fwp%2Fv2%2Fcategories&post=29132"},{"taxonomy":"post_tag","embeddable":true,"href":"https:\/\/pc.sc.gov.br\/index.php?rest_route=%2Fwp%2Fv2%2Ftags&post=29132"}],"curies":[{"name":"wp","href":"https:\/\/api.w.org\/{rel}","templated":true}]}}