{"id":29150,"date":"2025-05-30T17:19:18","date_gmt":"2025-05-30T20:19:18","guid":{"rendered":"https:\/\/pc.sc.gov.br\/?p=29150"},"modified":"2025-05-30T17:19:59","modified_gmt":"2025-05-30T20:19:59","slug":"policia-civil-cumpre-mandado-de-busca-e-apreensao-em-investigacao-a-pichacoes-em-escola-da-capital","status":"publish","type":"post","link":"https:\/\/pc.sc.gov.br\/?p=29150","title":{"rendered":"Pol\u00edcia Civil cumpre mandado de busca e apreens\u00e3o em investiga\u00e7\u00e3o a picha\u00e7\u00f5es em escola da Capital"},"content":{"rendered":"\t\t<div data-elementor-type=\"wp-post\" data-elementor-id=\"29150\" class=\"elementor elementor-29150\" data-elementor-post-type=\"post\">\n\t\t\t\t\t\t<section class=\"elementor-section elementor-top-section elementor-element elementor-element-bc8124c elementor-section-boxed elementor-section-height-default elementor-section-height-default\" data-id=\"bc8124c\" data-element_type=\"section\">\n\t\t\t\t\t\t<div class=\"elementor-container elementor-column-gap-default\">\n\t\t\t\t\t<div class=\"elementor-column elementor-col-100 elementor-top-column elementor-element elementor-element-8eee777\" data-id=\"8eee777\" data-element_type=\"column\">\n\t\t\t<div class=\"elementor-widget-wrap elementor-element-populated\">\n\t\t\t\t\t\t<div class=\"elementor-element elementor-element-1af1d78 elementor-widget elementor-widget-heading\" data-id=\"1af1d78\" data-element_type=\"widget\" data-widget_type=\"heading.default\">\n\t\t\t\t<div class=\"elementor-widget-container\">\n\t\t\t\t\t<h2 class=\"elementor-heading-title elementor-size-default\">Pol\u00edcia Civil cumpre mandado de busca e apreens\u00e3o em investiga\u00e7\u00e3o a picha\u00e7\u00f5es em escola da Capital <\/h2>\t\t\t\t<\/div>\n\t\t\t\t<\/div>\n\t\t\t\t\t<\/div>\n\t\t<\/div>\n\t\t\t\t\t<\/div>\n\t\t<\/section>\n\t\t\t\t<section class=\"elementor-section elementor-top-section elementor-element elementor-element-4dd3a2e elementor-section-boxed elementor-section-height-default elementor-section-height-default\" data-id=\"4dd3a2e\" data-element_type=\"section\">\n\t\t\t\t\t\t<div class=\"elementor-container elementor-column-gap-default\">\n\t\t\t\t\t<div class=\"elementor-column elementor-col-100 elementor-top-column elementor-element elementor-element-57c48e7\" data-id=\"57c48e7\" data-element_type=\"column\">\n\t\t\t<div class=\"elementor-widget-wrap elementor-element-populated\">\n\t\t\t\t\t\t<div class=\"elementor-element elementor-element-1d25f99 elementor-widget elementor-widget-image\" data-id=\"1d25f99\" data-element_type=\"widget\" data-widget_type=\"image.default\">\n\t\t\t\t<div class=\"elementor-widget-container\">\n\t\t\t\t\t\t\t\t\t\t\t\t\t\t\t<img fetchpriority=\"high\" decoding=\"async\" width=\"696\" height=\"583\" src=\"https:\/\/pc.sc.gov.br\/\/wp-content\/uploads\/2023\/06\/pcscsfjsnfjsngjdfgn-2.jpg\" class=\"attachment-large size-large wp-image-10607\" alt=\"\" srcset=\"https:\/\/pc.sc.gov.br\/\/wp-content\/uploads\/2023\/06\/pcscsfjsnfjsngjdfgn-2.jpg 940w, https:\/\/pc.sc.gov.br\/\/wp-content\/uploads\/2023\/06\/pcscsfjsnfjsngjdfgn-2-300x251.jpg 300w, https:\/\/pc.sc.gov.br\/\/wp-content\/uploads\/2023\/06\/pcscsfjsnfjsngjdfgn-2-768x644.jpg 768w\" sizes=\"(max-width: 696px) 100vw, 696px\" \/>\t\t\t\t\t\t\t\t\t\t\t\t\t\t\t<\/div>\n\t\t\t\t<\/div>\n\t\t\t\t\t<\/div>\n\t\t<\/div>\n\t\t\t\t\t<\/div>\n\t\t<\/section>\n\t\t\t\t<section class=\"elementor-section elementor-top-section elementor-element elementor-element-8876d4b elementor-section-boxed elementor-section-height-default elementor-section-height-default\" data-id=\"8876d4b\" data-element_type=\"section\">\n\t\t\t\t\t\t<div class=\"elementor-container elementor-column-gap-default\">\n\t\t\t\t\t<div class=\"elementor-column elementor-col-100 elementor-top-column elementor-element elementor-element-57abcea\" data-id=\"57abcea\" data-element_type=\"column\">\n\t\t\t<div class=\"elementor-widget-wrap elementor-element-populated\">\n\t\t\t\t\t\t<div class=\"elementor-element elementor-element-8629262 elementor-widget elementor-widget-text-editor\" data-id=\"8629262\" data-element_type=\"widget\" data-widget_type=\"text-editor.default\">\n\t\t\t\t<div class=\"elementor-widget-container\">\n\t\t\t\t\t\t\t\t\t<p>A Pol\u00edcia Civil de Santa Catarina, por meio da Delegacia de Prote\u00e7\u00e3o \u00e0 Crian\u00e7a, ao Adolescente, \u00e0 Mulher e ao Idoso da Capital, da 10\u00aa Delegacia de Pol\u00edcia da Capital e da Central de Plant\u00e3o Policial da Capital (local de crime), deu cumprimento a mandado de busca e apreens\u00e3o, referente aos fatos ocorridos na Escola Infantil Diamantina Bertoline, localizada no bairro Rio Tavares.<\/p><p>Os fatos ocorreram na madrugada do dia 26 de mar\u00e7o, quando a escola foi alvo de picha\u00e7\u00f5es com s\u00edmbolos nazistas, situa\u00e7\u00e3o que gerou inseguran\u00e7a em toda a comunidade. Ap\u00f3s o inicio das investiga\u00e7\u00f5es, os respons\u00e1veis foram identificados e o presente MBA foi expedido. As investiga\u00e7\u00f5es continuam em andamento.<\/p>\t\t\t\t\t\t\t\t<\/div>\n\t\t\t\t<\/div>\n\t\t\t\t\t<\/div>\n\t\t<\/div>\n\t\t\t\t\t<\/div>\n\t\t<\/section>\n\t\t\t\t<\/div>\n\t\t","protected":false},"excerpt":{"rendered":"<p>Pol\u00edcia Civil cumpre mandado de busca e apreens\u00e3o em investiga\u00e7\u00e3o a picha\u00e7\u00f5es em escola da Capital A Pol\u00edcia Civil de Santa Catarina, por meio da Delegacia de Prote\u00e7\u00e3o \u00e0 Crian\u00e7a, ao Adolescente, \u00e0 Mulher e ao Idoso da Capital, da 10\u00aa Delegacia de Pol\u00edcia da Capital e da Central de Plant\u00e3o Policial da Capital (local [&hellip;]<\/p>\n","protected":false},"author":5,"featured_media":13577,"comment_status":"closed","ping_status":"open","sticky":false,"template":"","format":"standard","meta":{"_monsterinsights_skip_tracking":false,"_monsterinsights_sitenote_active":false,"_monsterinsights_sitenote_note":"","_monsterinsights_sitenote_category":0,"footnotes":""},"categories":[1],"tags":[],"class_list":["post-29150","post","type-post","status-publish","format-standard","has-post-thumbnail","hentry","category-sem-categoria"],"_links":{"self":[{"href":"https:\/\/pc.sc.gov.br\/index.php?rest_route=\/wp\/v2\/posts\/29150","targetHints":{"allow":["GET"]}}],"collection":[{"href":"https:\/\/pc.sc.gov.br\/index.php?rest_route=\/wp\/v2\/posts"}],"about":[{"href":"https:\/\/pc.sc.gov.br\/index.php?rest_route=\/wp\/v2\/types\/post"}],"author":[{"embeddable":true,"href":"https:\/\/pc.sc.gov.br\/index.php?rest_route=\/wp\/v2\/users\/5"}],"replies":[{"embeddable":true,"href":"https:\/\/pc.sc.gov.br\/index.php?rest_route=%2Fwp%2Fv2%2Fcomments&post=29150"}],"version-history":[{"count":4,"href":"https:\/\/pc.sc.gov.br\/index.php?rest_route=\/wp\/v2\/posts\/29150\/revisions"}],"predecessor-version":[{"id":29154,"href":"https:\/\/pc.sc.gov.br\/index.php?rest_route=\/wp\/v2\/posts\/29150\/revisions\/29154"}],"wp:featuredmedia":[{"embeddable":true,"href":"https:\/\/pc.sc.gov.br\/index.php?rest_route=\/wp\/v2\/media\/13577"}],"wp:attachment":[{"href":"https:\/\/pc.sc.gov.br\/index.php?rest_route=%2Fwp%2Fv2%2Fmedia&parent=29150"}],"wp:term":[{"taxonomy":"category","embeddable":true,"href":"https:\/\/pc.sc.gov.br\/index.php?rest_route=%2Fwp%2Fv2%2Fcategories&post=29150"},{"taxonomy":"post_tag","embeddable":true,"href":"https:\/\/pc.sc.gov.br\/index.php?rest_route=%2Fwp%2Fv2%2Ftags&post=29150"}],"curies":[{"name":"wp","href":"https:\/\/api.w.org\/{rel}","templated":true}]}}