{"id":29209,"date":"2025-06-06T15:04:27","date_gmt":"2025-06-06T18:04:27","guid":{"rendered":"https:\/\/pc.sc.gov.br\/?p=29209"},"modified":"2025-06-06T15:05:16","modified_gmt":"2025-06-06T18:05:16","slug":"policia-civil-deflagra-operacao-cavalo-paraguaio-e-prende-oito-investigados","status":"publish","type":"post","link":"https:\/\/pc.sc.gov.br\/?p=29209","title":{"rendered":"Pol\u00edcia Civil deflagra opera\u00e7\u00e3o \u201cCavalo Paraguaio\u201d e prende oito investigados"},"content":{"rendered":"\t\t<div data-elementor-type=\"wp-post\" data-elementor-id=\"29209\" class=\"elementor elementor-29209\" data-elementor-post-type=\"post\">\n\t\t\t\t\t\t<section class=\"elementor-section elementor-top-section elementor-element elementor-element-7bb2d74 elementor-section-boxed elementor-section-height-default elementor-section-height-default\" data-id=\"7bb2d74\" data-element_type=\"section\">\n\t\t\t\t\t\t<div class=\"elementor-container elementor-column-gap-default\">\n\t\t\t\t\t<div class=\"elementor-column elementor-col-100 elementor-top-column elementor-element elementor-element-ded2f87\" data-id=\"ded2f87\" data-element_type=\"column\">\n\t\t\t<div class=\"elementor-widget-wrap elementor-element-populated\">\n\t\t\t\t\t\t<div class=\"elementor-element elementor-element-2f9289a elementor-widget elementor-widget-heading\" data-id=\"2f9289a\" data-element_type=\"widget\" data-widget_type=\"heading.default\">\n\t\t\t\t<div class=\"elementor-widget-container\">\n\t\t\t\t\t<h2 class=\"elementor-heading-title elementor-size-default\">Pol\u00edcia Civil deflagra opera\u00e7\u00e3o \u201cCavalo Paraguaio\u201d e prende oito investigados<\/h2>\t\t\t\t<\/div>\n\t\t\t\t<\/div>\n\t\t\t\t\t<\/div>\n\t\t<\/div>\n\t\t\t\t\t<\/div>\n\t\t<\/section>\n\t\t\t\t<section class=\"elementor-section elementor-top-section elementor-element elementor-element-f5693e1 elementor-section-boxed elementor-section-height-default elementor-section-height-default\" data-id=\"f5693e1\" data-element_type=\"section\">\n\t\t\t\t\t\t<div class=\"elementor-container elementor-column-gap-default\">\n\t\t\t\t\t<div class=\"elementor-column elementor-col-100 elementor-top-column elementor-element elementor-element-f91777b\" data-id=\"f91777b\" data-element_type=\"column\">\n\t\t\t<div class=\"elementor-widget-wrap elementor-element-populated\">\n\t\t\t\t\t\t<div class=\"elementor-element elementor-element-7ff9d83 elementor-widget elementor-widget-image\" data-id=\"7ff9d83\" data-element_type=\"widget\" data-widget_type=\"image.default\">\n\t\t\t\t<div class=\"elementor-widget-container\">\n\t\t\t\t\t\t\t\t\t\t\t\t\t\t\t<img fetchpriority=\"high\" decoding=\"async\" width=\"696\" height=\"522\" src=\"https:\/\/pc.sc.gov.br\/\/wp-content\/uploads\/2025\/06\/WhatsApp-Image-2025-06-04-at-11.24.56-1024x768.jpeg\" class=\"attachment-large size-large wp-image-29210\" alt=\"\" srcset=\"https:\/\/pc.sc.gov.br\/\/wp-content\/uploads\/2025\/06\/WhatsApp-Image-2025-06-04-at-11.24.56-1024x768.jpeg 1024w, https:\/\/pc.sc.gov.br\/\/wp-content\/uploads\/2025\/06\/WhatsApp-Image-2025-06-04-at-11.24.56-300x225.jpeg 300w, https:\/\/pc.sc.gov.br\/\/wp-content\/uploads\/2025\/06\/WhatsApp-Image-2025-06-04-at-11.24.56-768x576.jpeg 768w, https:\/\/pc.sc.gov.br\/\/wp-content\/uploads\/2025\/06\/WhatsApp-Image-2025-06-04-at-11.24.56.jpeg 1280w\" sizes=\"(max-width: 696px) 100vw, 696px\" \/>\t\t\t\t\t\t\t\t\t\t\t\t\t\t\t<\/div>\n\t\t\t\t<\/div>\n\t\t\t\t\t<\/div>\n\t\t<\/div>\n\t\t\t\t\t<\/div>\n\t\t<\/section>\n\t\t\t\t<section class=\"elementor-section elementor-top-section elementor-element elementor-element-97220aa elementor-section-boxed elementor-section-height-default elementor-section-height-default\" data-id=\"97220aa\" data-element_type=\"section\">\n\t\t\t\t\t\t<div class=\"elementor-container elementor-column-gap-default\">\n\t\t\t\t\t<div class=\"elementor-column elementor-col-100 elementor-top-column elementor-element elementor-element-a8174ba\" data-id=\"a8174ba\" data-element_type=\"column\">\n\t\t\t<div class=\"elementor-widget-wrap elementor-element-populated\">\n\t\t\t\t\t\t<div class=\"elementor-element elementor-element-56e3b87 elementor-widget elementor-widget-text-editor\" data-id=\"56e3b87\" data-element_type=\"widget\" data-widget_type=\"text-editor.default\">\n\t\t\t\t<div class=\"elementor-widget-container\">\n\t\t\t\t\t\t\t\t\t<p>A Pol\u00edcia Civil de Santa Catarina, por meio da Delegacia de Furtos e Roubos de Ve\u00edculos da DEIC, em conjunto com as Delegacias de Pol\u00edcia de Pescaria Brava, Sang\u00e3o e Capivari de Baixo, deflagrou, nesta quarta-feira (04\/06), a opera\u00e7\u00e3o \u201cCavalo Paraguaio\u201d, com o objetivo de desarticular uma organiza\u00e7\u00e3o criminosa especializada no furto, adultera\u00e7\u00e3o e envio de caminh\u00f5es-tratores e semirreboques para o Paraguai.<\/p><p>O nome da opera\u00e7\u00e3o faz refer\u00eancia ao <em>modus operandi<\/em> do grupo criminoso: os integrantes atravessavam a fronteira do Paraguai com caminh\u00f5es-tratores (&#8220;cavalos mec\u00e2nicos&#8221;) para buscar ve\u00edculos furtados e adulterados em territ\u00f3rio catarinense, retornando posteriormente ao pa\u00eds vizinho com os bens subtra\u00eddos.<\/p><p>As investiga\u00e7\u00f5es revelaram que membros da organiza\u00e7\u00e3o, residentes em Santa Catarina, realizavam levantamentos em p\u00e1tios de oficinas mec\u00e2nicas e postos de combust\u00edveis, repassando essas informa\u00e7\u00f5es para comparsas localizados no Paraguai. A partir disso, eram organizados comboios de motoristas e caminh\u00f5es-tratores que se deslocavam at\u00e9 o sul do estado para a pr\u00e1tica dos furtos.<\/p><p>Ap\u00f3s desativarem sistemas de seguran\u00e7a e monitorarem os alvos, os criminosos invadiam os p\u00e1tios, acoplavam os caminh\u00f5es aos semirreboques ou subtra\u00edam os conjuntos completos, seguindo viagem at\u00e9 o Paraguai. Durante o percurso, substitu\u00edam as placas originais por placas paraguaias e realizavam constantes inspe\u00e7\u00f5es para detectar e remover eventuais rastreadores.<\/p><p>At\u00e9 o momento, foi comprovado o envolvimento do grupo no furto de ao menos 15 (quinze) caminh\u00f5es e semirreboques. Parte desses ve\u00edculos foi recuperada \u2014 inclusive no interior do Paraguai \u2014 j\u00e1 adulterada, gra\u00e7as \u00e0 atua\u00e7\u00e3o integrada das for\u00e7as de seguran\u00e7a.<\/p><p>Esta organiza\u00e7\u00e3o criminosa \u00e9 atualmente considerada a mais atuante e estruturada em Santa Catarina no furto de caminh\u00f5es e semirreboques, com alto grau de especializa\u00e7\u00e3o, articula\u00e7\u00e3o interestadual e transnacional. O l\u00edder do grupo possui mais de 20 anos de hist\u00f3rico criminal e mais de 12 inqu\u00e9ritos policiais instaurados por crimes semelhantes, sendo considerado indiv\u00edduo de alta periculosidade e vasta experi\u00eancia na pr\u00e1tica criminosa.<\/p><p>Destaca-se ainda que um dos integrantes da ORCRIM \u00e9 cidad\u00e3o paraguaio, e possui contra si uma ordem de captura internacional, inclu\u00edda na Difus\u00e3o Vermelha da Interpol, o que evidencia o n\u00edvel de organiza\u00e7\u00e3o e alcance internacional da associa\u00e7\u00e3o criminosa.<\/p><p>A opera\u00e7\u00e3o contou com o apoio da Pol\u00edcia Rodovi\u00e1ria Federal (PRF), da Pol\u00edcia Federal (PF) \u2014 por meio do N\u00facleo de Coopera\u00e7\u00e3o Internacional de Santa Catarina e da Adid\u00e2ncia da Pol\u00edcia Federal em Assun\u00e7\u00e3o \u2013 Paraguai \u2014, do Centro Integrado de Seguran\u00e7a P\u00fablica e Prote\u00e7\u00e3o Ambiental (CISPPA), vinculado \u00e0 Secretaria Nacional de Seguran\u00e7a P\u00fablica (SENASP), do Minist\u00e9rio da Justi\u00e7a e Seguran\u00e7a P\u00fablica, bem como da Pol\u00edcia Civil do Paran\u00e1, atrav\u00e9s do DENARC de Maring\u00e1.<\/p><p>\u00a0<\/p><p>Foram deferidos 9 mandados de pris\u00e3o e 11 mandados de busca e apreens\u00e3o, que foram cumpridos na manh\u00e3 de hoje nas cidades de Sang\u00e3o-SC, Tubar\u00e3o-SC, Maring\u00e1-PR e Santa Terezinha de Itaipu-PR. As investiga\u00e7\u00f5es prosseguem visando a completa responsabiliza\u00e7\u00e3o de todos os envolvidos.<\/p>\t\t\t\t\t\t\t\t<\/div>\n\t\t\t\t<\/div>\n\t\t\t\t\t<\/div>\n\t\t<\/div>\n\t\t\t\t\t<\/div>\n\t\t<\/section>\n\t\t\t\t<\/div>\n\t\t","protected":false},"excerpt":{"rendered":"<p>Pol\u00edcia Civil deflagra opera\u00e7\u00e3o \u201cCavalo Paraguaio\u201d e prende oito investigados A Pol\u00edcia Civil de Santa Catarina, por meio da Delegacia de Furtos e Roubos de Ve\u00edculos da DEIC, em conjunto com as Delegacias de Pol\u00edcia de Pescaria Brava, Sang\u00e3o e Capivari de Baixo, deflagrou, nesta quarta-feira (04\/06), a opera\u00e7\u00e3o \u201cCavalo Paraguaio\u201d, com o objetivo de [&hellip;]<\/p>\n","protected":false},"author":5,"featured_media":29210,"comment_status":"closed","ping_status":"open","sticky":false,"template":"","format":"standard","meta":{"_monsterinsights_skip_tracking":false,"_monsterinsights_sitenote_active":false,"_monsterinsights_sitenote_note":"","_monsterinsights_sitenote_category":0,"footnotes":""},"categories":[1],"tags":[],"class_list":["post-29209","post","type-post","status-publish","format-standard","has-post-thumbnail","hentry","category-sem-categoria"],"_links":{"self":[{"href":"https:\/\/pc.sc.gov.br\/index.php?rest_route=\/wp\/v2\/posts\/29209","targetHints":{"allow":["GET"]}}],"collection":[{"href":"https:\/\/pc.sc.gov.br\/index.php?rest_route=\/wp\/v2\/posts"}],"about":[{"href":"https:\/\/pc.sc.gov.br\/index.php?rest_route=\/wp\/v2\/types\/post"}],"author":[{"embeddable":true,"href":"https:\/\/pc.sc.gov.br\/index.php?rest_route=\/wp\/v2\/users\/5"}],"replies":[{"embeddable":true,"href":"https:\/\/pc.sc.gov.br\/index.php?rest_route=%2Fwp%2Fv2%2Fcomments&post=29209"}],"version-history":[{"count":4,"href":"https:\/\/pc.sc.gov.br\/index.php?rest_route=\/wp\/v2\/posts\/29209\/revisions"}],"predecessor-version":[{"id":29214,"href":"https:\/\/pc.sc.gov.br\/index.php?rest_route=\/wp\/v2\/posts\/29209\/revisions\/29214"}],"wp:featuredmedia":[{"embeddable":true,"href":"https:\/\/pc.sc.gov.br\/index.php?rest_route=\/wp\/v2\/media\/29210"}],"wp:attachment":[{"href":"https:\/\/pc.sc.gov.br\/index.php?rest_route=%2Fwp%2Fv2%2Fmedia&parent=29209"}],"wp:term":[{"taxonomy":"category","embeddable":true,"href":"https:\/\/pc.sc.gov.br\/index.php?rest_route=%2Fwp%2Fv2%2Fcategories&post=29209"},{"taxonomy":"post_tag","embeddable":true,"href":"https:\/\/pc.sc.gov.br\/index.php?rest_route=%2Fwp%2Fv2%2Ftags&post=29209"}],"curies":[{"name":"wp","href":"https:\/\/api.w.org\/{rel}","templated":true}]}}