{"id":2921,"date":"2022-12-21T11:36:11","date_gmt":"2022-12-21T14:36:11","guid":{"rendered":"https:\/\/pc.sc.gov.br\/?p=2921"},"modified":"2022-12-21T11:43:31","modified_gmt":"2022-12-21T14:43:31","slug":"policia-civil-efetua-prisao-de-homem-por-trafico-de-drogas-em-cruzamento-no-centro-de-lages","status":"publish","type":"post","link":"https:\/\/pc.sc.gov.br\/?p=2921","title":{"rendered":"Pol\u00edcia Civil efetua pris\u00e3o de homem por tr\u00e1fico de drogas em cruzamento no Centro de Lages"},"content":{"rendered":"\t\t<div data-elementor-type=\"wp-post\" data-elementor-id=\"2921\" class=\"elementor elementor-2921\" data-elementor-post-type=\"post\">\n\t\t\t\t\t\t<section class=\"elementor-section elementor-top-section elementor-element elementor-element-687f3f4 elementor-section-boxed elementor-section-height-default elementor-section-height-default\" data-id=\"687f3f4\" data-element_type=\"section\">\n\t\t\t\t\t\t<div class=\"elementor-container elementor-column-gap-default\">\n\t\t\t\t\t<div class=\"elementor-column elementor-col-100 elementor-top-column elementor-element elementor-element-d17adae\" data-id=\"d17adae\" data-element_type=\"column\">\n\t\t\t<div class=\"elementor-widget-wrap elementor-element-populated\">\n\t\t\t\t\t\t<div class=\"elementor-element elementor-element-f13a637 elementor-widget elementor-widget-heading\" data-id=\"f13a637\" data-element_type=\"widget\" data-widget_type=\"heading.default\">\n\t\t\t\t<div class=\"elementor-widget-container\">\n\t\t\t\t\t<h2 class=\"elementor-heading-title elementor-size-default\">Pol\u00edcia Civil efetua pris\u00e3o de homem por tr\u00e1fico de drogas em cruzamento no Centro de Lages<\/h2>\t\t\t\t<\/div>\n\t\t\t\t<\/div>\n\t\t\t\t\t<\/div>\n\t\t<\/div>\n\t\t\t\t\t<\/div>\n\t\t<\/section>\n\t\t\t\t<section class=\"elementor-section elementor-top-section elementor-element elementor-element-6c7ee00 elementor-section-boxed elementor-section-height-default elementor-section-height-default\" data-id=\"6c7ee00\" data-element_type=\"section\">\n\t\t\t\t\t\t<div class=\"elementor-container elementor-column-gap-default\">\n\t\t\t\t\t<div class=\"elementor-column elementor-col-100 elementor-top-column elementor-element elementor-element-ccd83e7\" data-id=\"ccd83e7\" data-element_type=\"column\">\n\t\t\t<div class=\"elementor-widget-wrap elementor-element-populated\">\n\t\t\t\t\t\t<div class=\"elementor-element elementor-element-04076c1 elementor-widget elementor-widget-image\" data-id=\"04076c1\" data-element_type=\"widget\" data-widget_type=\"image.default\">\n\t\t\t\t<div class=\"elementor-widget-container\">\n\t\t\t\t\t\t\t\t\t\t\t\t\t\t\t<img fetchpriority=\"high\" decoding=\"async\" width=\"696\" height=\"928\" src=\"https:\/\/pc.sc.gov.br\/\/wp-content\/uploads\/2022\/12\/WhatsApp-Image-2022-12-21-at-11.37.38-1-768x1024.jpeg\" class=\"attachment-large size-large wp-image-2923\" alt=\"Banner da Pol\u00edcia Civil de Santa Catarina.\" srcset=\"https:\/\/pc.sc.gov.br\/\/wp-content\/uploads\/2022\/12\/WhatsApp-Image-2022-12-21-at-11.37.38-1-768x1024.jpeg 768w, https:\/\/pc.sc.gov.br\/\/wp-content\/uploads\/2022\/12\/WhatsApp-Image-2022-12-21-at-11.37.38-1-225x300.jpeg 225w, https:\/\/pc.sc.gov.br\/\/wp-content\/uploads\/2022\/12\/WhatsApp-Image-2022-12-21-at-11.37.38-1.jpeg 960w\" sizes=\"(max-width: 696px) 100vw, 696px\" \/>\t\t\t\t\t\t\t\t\t\t\t\t\t\t\t<\/div>\n\t\t\t\t<\/div>\n\t\t\t\t<div class=\"elementor-element elementor-element-7003649 elementor-widget elementor-widget-text-editor\" data-id=\"7003649\" data-element_type=\"widget\" data-widget_type=\"text-editor.default\">\n\t\t\t\t<div class=\"elementor-widget-container\">\n\t\t\t\t\t\t\t\t\t<p>A Pol\u00edcia Civil, por meio da Divis\u00e3o de Investiga\u00e7\u00e3o Criminal (DIC\/PCSC) de Lages, efetuou na tarde de ter\u00e7a-feira (20) a pris\u00e3o de um homem investigado por envolvimento com o tr\u00e1fico de drogas no centro de Lages.<\/p>\n<p>As investiga\u00e7\u00f5es iniciaram h\u00e1 alguns meses e identificaram que traficantes est\u00e3o adotando uma nova forma de atua\u00e7\u00e3o para se esquivar das a\u00e7\u00f5es policiais: o tr\u00e1fico de drogas via \u201cdelivery\u201d. Ao inv\u00e9s de se instalar em um local fixo, os chamados pontos de tr\u00e1fico, para evitar a a\u00e7\u00e3o policial traficantes est\u00e3o levando a mercadoria at\u00e9 a clientela, que ap\u00f3s um contato, combinam um local para entrega da droga, local este que nem sempre \u00e9 o mesmo.<\/p>\n<p>No caso, as investiga\u00e7\u00f5es identificaram o fornecedor e um dos seus associados. Este permanecia em um sem\u00e1foro no centro da cidade, simulando ser um vendedor ambulante e vendia o entorpecente para motoristas que passavam pelo local, ap\u00f3s combinarem a entrega. O primeiro alvo dos trabalhos foi preso no dia 17 de novembro. Com a continuidade das investiga\u00e7\u00f5es, os policiais conseguiram surpreender o homem enquanto vendia drogas no sem\u00e1foro.&nbsp;<span style=\"font-family: var( --e-global-typography-primary-font-family ), Sans-serif; font-size: var( --e-global-typography-primary-font-size ); font-weight: var( --e-global-typography-primary-font-weight ); letter-spacing: var( --e-global-typography-primary-letter-spacing );\">J\u00e1 com parte das provas da trafic\u00e2ncia produzidas, o homem preso foi conduzido para a DIC\/PCSC, onde foi preso em flagrante por tr\u00e1fico de drogas e associa\u00e7\u00e3o para o tr\u00e1fico. Em seguida, encaminhado para o sistema penitenci\u00e1rio.<\/span><\/p>\n<div>&nbsp;<\/div>\t\t\t\t\t\t\t\t<\/div>\n\t\t\t\t<\/div>\n\t\t\t\t\t<\/div>\n\t\t<\/div>\n\t\t\t\t\t<\/div>\n\t\t<\/section>\n\t\t\t\t<\/div>\n\t\t","protected":false},"excerpt":{"rendered":"<p>Pol\u00edcia Civil efetua pris\u00e3o de homem por tr\u00e1fico de drogas em cruzamento no Centro de Lages A Pol\u00edcia Civil, por meio da Divis\u00e3o de Investiga\u00e7\u00e3o Criminal (DIC\/PCSC) de Lages, efetuou na tarde de ter\u00e7a-feira (20) a pris\u00e3o de um homem investigado por envolvimento com o tr\u00e1fico de drogas no centro de Lages. As investiga\u00e7\u00f5es iniciaram [&hellip;]<\/p>\n","protected":false},"author":10,"featured_media":2923,"comment_status":"closed","ping_status":"open","sticky":false,"template":"","format":"standard","meta":{"_monsterinsights_skip_tracking":false,"_monsterinsights_sitenote_active":false,"_monsterinsights_sitenote_note":"","_monsterinsights_sitenote_category":0,"footnotes":""},"categories":[1],"tags":[],"class_list":["post-2921","post","type-post","status-publish","format-standard","has-post-thumbnail","hentry","category-sem-categoria"],"_links":{"self":[{"href":"https:\/\/pc.sc.gov.br\/index.php?rest_route=\/wp\/v2\/posts\/2921","targetHints":{"allow":["GET"]}}],"collection":[{"href":"https:\/\/pc.sc.gov.br\/index.php?rest_route=\/wp\/v2\/posts"}],"about":[{"href":"https:\/\/pc.sc.gov.br\/index.php?rest_route=\/wp\/v2\/types\/post"}],"author":[{"embeddable":true,"href":"https:\/\/pc.sc.gov.br\/index.php?rest_route=\/wp\/v2\/users\/10"}],"replies":[{"embeddable":true,"href":"https:\/\/pc.sc.gov.br\/index.php?rest_route=%2Fwp%2Fv2%2Fcomments&post=2921"}],"version-history":[{"count":4,"href":"https:\/\/pc.sc.gov.br\/index.php?rest_route=\/wp\/v2\/posts\/2921\/revisions"}],"predecessor-version":[{"id":2927,"href":"https:\/\/pc.sc.gov.br\/index.php?rest_route=\/wp\/v2\/posts\/2921\/revisions\/2927"}],"wp:featuredmedia":[{"embeddable":true,"href":"https:\/\/pc.sc.gov.br\/index.php?rest_route=\/wp\/v2\/media\/2923"}],"wp:attachment":[{"href":"https:\/\/pc.sc.gov.br\/index.php?rest_route=%2Fwp%2Fv2%2Fmedia&parent=2921"}],"wp:term":[{"taxonomy":"category","embeddable":true,"href":"https:\/\/pc.sc.gov.br\/index.php?rest_route=%2Fwp%2Fv2%2Fcategories&post=2921"},{"taxonomy":"post_tag","embeddable":true,"href":"https:\/\/pc.sc.gov.br\/index.php?rest_route=%2Fwp%2Fv2%2Ftags&post=2921"}],"curies":[{"name":"wp","href":"https:\/\/api.w.org\/{rel}","templated":true}]}}