{"id":29381,"date":"2025-06-16T14:29:44","date_gmt":"2025-06-16T17:29:44","guid":{"rendered":"https:\/\/pc.sc.gov.br\/?p=29381"},"modified":"2025-06-16T14:30:44","modified_gmt":"2025-06-16T17:30:44","slug":"policia-civil-esclarece-crime-de-extorsao-mediante-sequestro-que-vitimou-jovem-neste-final-de-semana","status":"publish","type":"post","link":"https:\/\/pc.sc.gov.br\/?p=29381","title":{"rendered":"Pol\u00edcia Civil esclarece crime de extors\u00e3o mediante sequestro que vitimou jovem neste final de semana"},"content":{"rendered":"\t\t<div data-elementor-type=\"wp-post\" data-elementor-id=\"29381\" class=\"elementor elementor-29381\" data-elementor-post-type=\"post\">\n\t\t\t\t\t\t<section class=\"elementor-section elementor-top-section elementor-element elementor-element-d41b5cc elementor-section-boxed elementor-section-height-default elementor-section-height-default\" data-id=\"d41b5cc\" data-element_type=\"section\">\n\t\t\t\t\t\t<div class=\"elementor-container elementor-column-gap-default\">\n\t\t\t\t\t<div class=\"elementor-column elementor-col-100 elementor-top-column elementor-element elementor-element-14fd196\" data-id=\"14fd196\" data-element_type=\"column\">\n\t\t\t<div class=\"elementor-widget-wrap elementor-element-populated\">\n\t\t\t\t\t\t\t<\/div>\n\t\t<\/div>\n\t\t\t\t\t<\/div>\n\t\t<\/section>\n\t\t\t\t<section class=\"elementor-section elementor-top-section elementor-element elementor-element-71a1bc9 elementor-section-boxed elementor-section-height-default elementor-section-height-default\" data-id=\"71a1bc9\" data-element_type=\"section\">\n\t\t\t\t\t\t<div class=\"elementor-container elementor-column-gap-default\">\n\t\t\t\t\t<div class=\"elementor-column elementor-col-100 elementor-top-column elementor-element elementor-element-d5db52f\" data-id=\"d5db52f\" data-element_type=\"column\">\n\t\t\t<div class=\"elementor-widget-wrap elementor-element-populated\">\n\t\t\t\t\t\t<div class=\"elementor-element elementor-element-4f7d3c9 elementor-widget elementor-widget-heading\" data-id=\"4f7d3c9\" data-element_type=\"widget\" data-widget_type=\"heading.default\">\n\t\t\t\t<div class=\"elementor-widget-container\">\n\t\t\t\t\t<h2 class=\"elementor-heading-title elementor-size-default\">Pol\u00edcia Civil esclarece crime de extors\u00e3o mediante sequestro que vitimou jovem neste final de semana<\/h2>\t\t\t\t<\/div>\n\t\t\t\t<\/div>\n\t\t\t\t<div class=\"elementor-element elementor-element-a6247c7 elementor-widget elementor-widget-image\" data-id=\"a6247c7\" data-element_type=\"widget\" data-widget_type=\"image.default\">\n\t\t\t\t<div class=\"elementor-widget-container\">\n\t\t\t\t\t\t\t\t\t\t\t\t\t\t\t<img fetchpriority=\"high\" decoding=\"async\" width=\"696\" height=\"522\" src=\"https:\/\/pc.sc.gov.br\/\/wp-content\/uploads\/2025\/02\/PCSC-PADRAO.jpg\" class=\"attachment-large size-large wp-image-26591\" alt=\"\" srcset=\"https:\/\/pc.sc.gov.br\/\/wp-content\/uploads\/2025\/02\/PCSC-PADRAO.jpg 768w, https:\/\/pc.sc.gov.br\/\/wp-content\/uploads\/2025\/02\/PCSC-PADRAO-300x225.jpg 300w\" sizes=\"(max-width: 696px) 100vw, 696px\" \/>\t\t\t\t\t\t\t\t\t\t\t\t\t\t\t<\/div>\n\t\t\t\t<\/div>\n\t\t\t\t<div class=\"elementor-element elementor-element-c1d65fa elementor-widget elementor-widget-text-editor\" data-id=\"c1d65fa\" data-element_type=\"widget\" data-widget_type=\"text-editor.default\">\n\t\t\t\t<div class=\"elementor-widget-container\">\n\t\t\t\t\t\t\t\t\t<p>A Pol\u00edcia Civil de Santa Catarina, por meio da Delegacia de Roubos e Antissequestro da Diretoria Estadual de Investiga\u00e7\u00f5es Criminais (DRAS\/DEIC), esclareceu um crime de extors\u00e3o mediante sequestro, que se iniciou na noite da \u00faltima sexta-feira (13\/06).<br \/><br \/>O jovem de 21 anos foi atra\u00eddo por um conhecido, para receber o pagamento de uma d\u00edvida, por\u00e9m acabou sendo sequestrado por ele e outros dois homens e for\u00e7ado a fazer transfer\u00eancias banc\u00e1rias de sua conta. Al\u00e9m disso, os sequestradores for\u00e7aram a v\u00edtima a pedir valores para amigos, para que pudessem conseguir mais dinheiro, e utilizaram o cart\u00e3o de cr\u00e9dito em v\u00e1rias compras.<br \/><br \/>Os autores, cerca de tr\u00eas horas depois, acabaram levando a v\u00edtima at\u00e9 uma regi\u00e3o rural e erma, pr\u00f3ximo ao Rio do Bra\u00e7o, em Santo Amaro da Imperatriz, onde o mataram com um disparo de um rev\u00f3lver.<br \/><br \/>Na manh\u00e3 de s\u00e1bado (14\/06), a Pol\u00edcia Civil foi comunicada do acontecido e atrav\u00e9s das investiga\u00e7\u00f5es da unidade especializada da DEIC, em menos de 24 horas identificou e prendeu todos os respons\u00e1veis envolvidos no crime.<br \/><br \/>A Equipe de Investiga\u00e7\u00f5es da DRAS\/DEIC apurou que tr\u00eas homens foram respons\u00e1veis por sequestrar e matar a v\u00edtima, enquanto outros dois foram presos por terem ajudado a movimentar os valores subtra\u00eddos, atrav\u00e9s de suas contas banc\u00e1rias. Segundo o verificado, as rela\u00e7\u00f5es entre os autores e a v\u00edtima estavam relacionadas a d\u00edvidas de jogos de apostas.<br \/><br \/>Um adolescente de 15 anos foi conduzido, por ter receptado objetos da v\u00edtima, enquanto os cinco autores foram presos. Todos os autores t\u00eam entre 20 e 24 anos de idade, sendo que apenas um tinha antecedentes por crime de tr\u00e1fico de drogas.<br \/><br \/>Eles foram autuados em flagrante pelo crime de extors\u00e3o mediante sequestro, agravada pela morte da v\u00edtima, que prev\u00ea pena entre 24 e 30 anos de reclus\u00e3o, e ser\u00e3o apresentados \u00e0 Justi\u00e7a.<\/p>\t\t\t\t\t\t\t\t<\/div>\n\t\t\t\t<\/div>\n\t\t\t\t\t<\/div>\n\t\t<\/div>\n\t\t\t\t\t<\/div>\n\t\t<\/section>\n\t\t\t\t<\/div>\n\t\t","protected":false},"excerpt":{"rendered":"<p>Pol\u00edcia Civil esclarece crime de extors\u00e3o mediante sequestro que vitimou jovem neste final de semana A Pol\u00edcia Civil de Santa Catarina, por meio da Delegacia de Roubos e Antissequestro da Diretoria Estadual de Investiga\u00e7\u00f5es Criminais (DRAS\/DEIC), esclareceu um crime de extors\u00e3o mediante sequestro, que se iniciou na noite da \u00faltima sexta-feira (13\/06). O jovem de [&hellip;]<\/p>\n","protected":false},"author":5,"featured_media":26591,"comment_status":"closed","ping_status":"open","sticky":false,"template":"","format":"standard","meta":{"_monsterinsights_skip_tracking":false,"_monsterinsights_sitenote_active":false,"_monsterinsights_sitenote_note":"","_monsterinsights_sitenote_category":0,"footnotes":""},"categories":[1],"tags":[],"class_list":["post-29381","post","type-post","status-publish","format-standard","has-post-thumbnail","hentry","category-sem-categoria"],"_links":{"self":[{"href":"https:\/\/pc.sc.gov.br\/index.php?rest_route=\/wp\/v2\/posts\/29381","targetHints":{"allow":["GET"]}}],"collection":[{"href":"https:\/\/pc.sc.gov.br\/index.php?rest_route=\/wp\/v2\/posts"}],"about":[{"href":"https:\/\/pc.sc.gov.br\/index.php?rest_route=\/wp\/v2\/types\/post"}],"author":[{"embeddable":true,"href":"https:\/\/pc.sc.gov.br\/index.php?rest_route=\/wp\/v2\/users\/5"}],"replies":[{"embeddable":true,"href":"https:\/\/pc.sc.gov.br\/index.php?rest_route=%2Fwp%2Fv2%2Fcomments&post=29381"}],"version-history":[{"count":4,"href":"https:\/\/pc.sc.gov.br\/index.php?rest_route=\/wp\/v2\/posts\/29381\/revisions"}],"predecessor-version":[{"id":29385,"href":"https:\/\/pc.sc.gov.br\/index.php?rest_route=\/wp\/v2\/posts\/29381\/revisions\/29385"}],"wp:featuredmedia":[{"embeddable":true,"href":"https:\/\/pc.sc.gov.br\/index.php?rest_route=\/wp\/v2\/media\/26591"}],"wp:attachment":[{"href":"https:\/\/pc.sc.gov.br\/index.php?rest_route=%2Fwp%2Fv2%2Fmedia&parent=29381"}],"wp:term":[{"taxonomy":"category","embeddable":true,"href":"https:\/\/pc.sc.gov.br\/index.php?rest_route=%2Fwp%2Fv2%2Fcategories&post=29381"},{"taxonomy":"post_tag","embeddable":true,"href":"https:\/\/pc.sc.gov.br\/index.php?rest_route=%2Fwp%2Fv2%2Ftags&post=29381"}],"curies":[{"name":"wp","href":"https:\/\/api.w.org\/{rel}","templated":true}]}}