{"id":29386,"date":"2025-06-16T14:51:38","date_gmt":"2025-06-16T17:51:38","guid":{"rendered":"https:\/\/pc.sc.gov.br\/?p=29386"},"modified":"2025-06-16T16:44:12","modified_gmt":"2025-06-16T19:44:12","slug":"orgaos-do-governo-atuam-em-operacao-conjunta-no-combate-a-fraudes-em-postos-de-combustiveis","status":"publish","type":"post","link":"https:\/\/pc.sc.gov.br\/?p=29386","title":{"rendered":"\u00d3rg\u00e3os do Governo atuam em opera\u00e7\u00e3o conjunta no combate a fraudes em postos de combust\u00edveis"},"content":{"rendered":"\t\t<div data-elementor-type=\"wp-post\" data-elementor-id=\"29386\" class=\"elementor elementor-29386\" data-elementor-post-type=\"post\">\n\t\t\t\t\t\t<section class=\"elementor-section elementor-top-section elementor-element elementor-element-19d944d elementor-section-boxed elementor-section-height-default elementor-section-height-default\" data-id=\"19d944d\" data-element_type=\"section\">\n\t\t\t\t\t\t<div class=\"elementor-container elementor-column-gap-default\">\n\t\t\t\t\t<div class=\"elementor-column elementor-col-100 elementor-top-column elementor-element elementor-element-2bf716e\" data-id=\"2bf716e\" data-element_type=\"column\">\n\t\t\t<div class=\"elementor-widget-wrap elementor-element-populated\">\n\t\t\t\t\t\t<div class=\"elementor-element elementor-element-5e6ee40 elementor-widget elementor-widget-heading\" data-id=\"5e6ee40\" data-element_type=\"widget\" data-widget_type=\"heading.default\">\n\t\t\t\t<div class=\"elementor-widget-container\">\n\t\t\t\t\t<h2 class=\"elementor-heading-title elementor-size-default\">\u00d3rg\u00e3os do Governo atuam em opera\u00e7\u00e3o conjunta no combate a fraudes em postos de combust\u00edveis<\/h2>\t\t\t\t<\/div>\n\t\t\t\t<\/div>\n\t\t\t\t\t<\/div>\n\t\t<\/div>\n\t\t\t\t\t<\/div>\n\t\t<\/section>\n\t\t\t\t<section class=\"elementor-section elementor-top-section elementor-element elementor-element-427db9f elementor-section-boxed elementor-section-height-default elementor-section-height-default\" data-id=\"427db9f\" data-element_type=\"section\">\n\t\t\t\t\t\t<div class=\"elementor-container elementor-column-gap-default\">\n\t\t\t\t\t<div class=\"elementor-column elementor-col-100 elementor-top-column elementor-element elementor-element-5f0c9df\" data-id=\"5f0c9df\" data-element_type=\"column\">\n\t\t\t<div class=\"elementor-widget-wrap elementor-element-populated\">\n\t\t\t\t\t\t<div class=\"elementor-element elementor-element-8776442 elementor-widget elementor-widget-image\" data-id=\"8776442\" data-element_type=\"widget\" data-widget_type=\"image.default\">\n\t\t\t\t<div class=\"elementor-widget-container\">\n\t\t\t\t\t\t\t\t\t\t\t\t\t\t\t<img fetchpriority=\"high\" decoding=\"async\" width=\"461\" height=\"1024\" src=\"https:\/\/pc.sc.gov.br\/\/wp-content\/uploads\/2025\/06\/WhatsApp-Image-2025-06-13-at-16.03.54-461x1024.jpeg\" class=\"attachment-large size-large wp-image-29387\" alt=\"\" srcset=\"https:\/\/pc.sc.gov.br\/\/wp-content\/uploads\/2025\/06\/WhatsApp-Image-2025-06-13-at-16.03.54-461x1024.jpeg 461w, https:\/\/pc.sc.gov.br\/\/wp-content\/uploads\/2025\/06\/WhatsApp-Image-2025-06-13-at-16.03.54-135x300.jpeg 135w, https:\/\/pc.sc.gov.br\/\/wp-content\/uploads\/2025\/06\/WhatsApp-Image-2025-06-13-at-16.03.54-691x1536.jpeg 691w, https:\/\/pc.sc.gov.br\/\/wp-content\/uploads\/2025\/06\/WhatsApp-Image-2025-06-13-at-16.03.54.jpeg 720w\" sizes=\"(max-width: 461px) 100vw, 461px\" \/>\t\t\t\t\t\t\t\t\t\t\t\t\t\t\t<\/div>\n\t\t\t\t<\/div>\n\t\t\t\t\t<\/div>\n\t\t<\/div>\n\t\t\t\t\t<\/div>\n\t\t<\/section>\n\t\t\t\t<section class=\"elementor-section elementor-top-section elementor-element elementor-element-cd9b7b3 elementor-section-boxed elementor-section-height-default elementor-section-height-default\" data-id=\"cd9b7b3\" data-element_type=\"section\">\n\t\t\t\t\t\t<div class=\"elementor-container elementor-column-gap-default\">\n\t\t\t\t\t<div class=\"elementor-column elementor-col-100 elementor-top-column elementor-element elementor-element-135ade1\" data-id=\"135ade1\" data-element_type=\"column\">\n\t\t\t<div class=\"elementor-widget-wrap elementor-element-populated\">\n\t\t\t\t\t\t<div class=\"elementor-element elementor-element-a4b5265 elementor-widget elementor-widget-text-editor\" data-id=\"a4b5265\" data-element_type=\"widget\" data-widget_type=\"text-editor.default\">\n\t\t\t\t<div class=\"elementor-widget-container\">\n\t\t\t\t\t\t\t\t\t<p>A Pol\u00edcia Civil de Santa Catarina, por meio da Delegacia de Investiga\u00e7\u00e3o de Crimes Contra a Fazenda P\u00fablica da DEIC, juntamente com fiscais do Instituto de Metrologia do Governo de Santa Catarina (Imetro-SC), com a Ag\u00eancia Nacional do Petr\u00f3leo, G\u00e1s Natural e Biocombust\u00edveis (ANP) e a Secretaria de Estado da Fazenda (SEF\/SC) realizaram uma opera\u00e7\u00e3o conjunta para fiscalizar postos de combust\u00edveis. As a\u00e7\u00f5es ocorreram nas cidades de Penha, Porto Belo, Florian\u00f3polis, Laguna e I\u00e7ara.<\/p><p>Do total de 21 bombas medidoras de combust\u00edveis fiscalizadas, quatro foram reprovadas e duas interditadas por vazamento interno. Entre as irregularidades encontradas, destacaram-se: aus\u00eancia de inscri\u00e7\u00f5es obrigat\u00f3rias no bloco medidor; segmento de d\u00edgitos danificados; sistema de desligamento autom\u00e1tico superior a 60 segundos; e bomba que n\u00e3o mant\u00e9m indica\u00e7\u00e3o de abastecimento por 5 minutos ap\u00f3s o desligamento de energia.<\/p><p>O Imetro-SC tamb\u00e9m autuou um dos postos por constatar a viola\u00e7\u00e3o de um plano de selagem em uma bomba de seis bicos. Tal viola\u00e7\u00e3o permitia o acesso a componentes internos da bomba. N\u00e3o foram evidenciadas fraudes nos postos fiscalizados.<\/p><p><b>ANP<\/b><\/p><p>A ANP lavrou tr\u00eas autos de infra\u00e7\u00e3o em dois postos por: n\u00e3o comunicar altera\u00e7\u00f5es cadastrais \u00e0 Ag\u00eancia dentro do prazo legal, n\u00e3o manter o termodens\u00edmetro em perfeito estado de funcionamento nas bombas de etanol e por n\u00e3o realizar drenagem nos tanques de \u00f3leo diesel. Nenhuma inconformidade foi encontrada na qualidade dos combust\u00edveis analisados.<\/p><p><b>Secretaria da Fazenda<\/b><\/p><p>A Secretaria da Fazenda Estadual evidenciou que um dos postos utilizava m\u00e1quina de cart\u00e3o em nome de pessoa f\u00edsica e constatou que a loja n\u00e3o estava emitindo notas fiscais. O posto foi autuado e a m\u00e1quina de cart\u00e3o, apreendida.<\/p><p><b>DFAZ\/DEIC-PCSC<\/b><\/p><p>A Delegacia de Investiga\u00e7\u00e3o de Crimes Contra a Fazenda P\u00fablica da DEIC\/PCSC garantiu a seguran\u00e7a dos agentes durante as dilig\u00eancias e fiscalizou a regularidade dos alvar\u00e1s de funcionamento expedidos pela Pol\u00edcia Civil.<\/p><p>Tamb\u00e9m prestou apoio \u00e0 Sefaz na apura\u00e7\u00e3o de fraudes fiscais e lavratura de boletins de ocorr\u00eancia. Al\u00e9m disso, tentou-se levantar ind\u00edcios de poss\u00edveis outros crimes.<\/p><p>Um dos postos foi autuado por apresentar viola\u00e7\u00e3o no lacre do Inmetro em uma bomba s\u00eaxtupla, com acesso indevido aos componentes eletr\u00f4nicos.<\/p><p><strong>Opera\u00e7\u00e3o Conjunta<\/strong><\/p><p>A opera\u00e7\u00e3o teve como objetivo proteger o consumidor, garantir a concorr\u00eancia leal no mercado de combust\u00edveis e fortalecer a recupera\u00e7\u00e3o de ativos no Estado. O material coletado ser\u00e1 analisado pelos \u00f3rg\u00e3os envolvidos e poder\u00e1 resultar em autua\u00e7\u00f5es administrativas, san\u00e7\u00f5es fiscais, interdi\u00e7\u00f5es e abertura de inqu\u00e9ritos policiais para investigar crimes contra a ordem tribut\u00e1ria, econ\u00f4mica e o consumidor.<\/p>\t\t\t\t\t\t\t\t<\/div>\n\t\t\t\t<\/div>\n\t\t\t\t\t<\/div>\n\t\t<\/div>\n\t\t\t\t\t<\/div>\n\t\t<\/section>\n\t\t\t\t<\/div>\n\t\t","protected":false},"excerpt":{"rendered":"<p>\u00d3rg\u00e3os do Governo atuam em opera\u00e7\u00e3o conjunta no combate a fraudes em postos de combust\u00edveis A Pol\u00edcia Civil de Santa Catarina, por meio da Delegacia de Investiga\u00e7\u00e3o de Crimes Contra a Fazenda P\u00fablica da DEIC, juntamente com fiscais do Instituto de Metrologia do Governo de Santa Catarina (Imetro-SC), com a Ag\u00eancia Nacional do Petr\u00f3leo, G\u00e1s [&hellip;]<\/p>\n","protected":false},"author":5,"featured_media":29387,"comment_status":"closed","ping_status":"open","sticky":false,"template":"","format":"standard","meta":{"_monsterinsights_skip_tracking":false,"_monsterinsights_sitenote_active":false,"_monsterinsights_sitenote_note":"","_monsterinsights_sitenote_category":0,"footnotes":""},"categories":[1],"tags":[],"class_list":["post-29386","post","type-post","status-publish","format-standard","has-post-thumbnail","hentry","category-sem-categoria"],"_links":{"self":[{"href":"https:\/\/pc.sc.gov.br\/index.php?rest_route=\/wp\/v2\/posts\/29386","targetHints":{"allow":["GET"]}}],"collection":[{"href":"https:\/\/pc.sc.gov.br\/index.php?rest_route=\/wp\/v2\/posts"}],"about":[{"href":"https:\/\/pc.sc.gov.br\/index.php?rest_route=\/wp\/v2\/types\/post"}],"author":[{"embeddable":true,"href":"https:\/\/pc.sc.gov.br\/index.php?rest_route=\/wp\/v2\/users\/5"}],"replies":[{"embeddable":true,"href":"https:\/\/pc.sc.gov.br\/index.php?rest_route=%2Fwp%2Fv2%2Fcomments&post=29386"}],"version-history":[{"count":13,"href":"https:\/\/pc.sc.gov.br\/index.php?rest_route=\/wp\/v2\/posts\/29386\/revisions"}],"predecessor-version":[{"id":29401,"href":"https:\/\/pc.sc.gov.br\/index.php?rest_route=\/wp\/v2\/posts\/29386\/revisions\/29401"}],"wp:featuredmedia":[{"embeddable":true,"href":"https:\/\/pc.sc.gov.br\/index.php?rest_route=\/wp\/v2\/media\/29387"}],"wp:attachment":[{"href":"https:\/\/pc.sc.gov.br\/index.php?rest_route=%2Fwp%2Fv2%2Fmedia&parent=29386"}],"wp:term":[{"taxonomy":"category","embeddable":true,"href":"https:\/\/pc.sc.gov.br\/index.php?rest_route=%2Fwp%2Fv2%2Fcategories&post=29386"},{"taxonomy":"post_tag","embeddable":true,"href":"https:\/\/pc.sc.gov.br\/index.php?rest_route=%2Fwp%2Fv2%2Ftags&post=29386"}],"curies":[{"name":"wp","href":"https:\/\/api.w.org\/{rel}","templated":true}]}}