{"id":29402,"date":"2025-06-16T17:24:13","date_gmt":"2025-06-16T20:24:13","guid":{"rendered":"https:\/\/pc.sc.gov.br\/?p=29402"},"modified":"2025-06-16T17:26:37","modified_gmt":"2025-06-16T20:26:37","slug":"acao-conjunta-da-dfaz-deic-com-a-secretaria-da-fazenda-de-sc-promove-retorno-patrimonial-aos-cofres-publicos-catarinenses-e-reforca-o-combate-a-sonegacao-fiscal","status":"publish","type":"post","link":"https:\/\/pc.sc.gov.br\/?p=29402","title":{"rendered":"A\u00e7\u00e3o conjunta da DFAZ\/DEIC com a Secretaria da Fazenda de SC promove retorno patrimonial aos cofres p\u00fablicos catarinenses e refor\u00e7a o combate \u00e0 sonega\u00e7\u00e3o fiscal"},"content":{"rendered":"\t\t<div data-elementor-type=\"wp-post\" data-elementor-id=\"29402\" class=\"elementor elementor-29402\" data-elementor-post-type=\"post\">\n\t\t\t\t\t\t<section class=\"elementor-section elementor-top-section elementor-element elementor-element-8eb2cb4 elementor-section-boxed elementor-section-height-default elementor-section-height-default\" data-id=\"8eb2cb4\" data-element_type=\"section\">\n\t\t\t\t\t\t<div class=\"elementor-container elementor-column-gap-default\">\n\t\t\t\t\t<div class=\"elementor-column elementor-col-100 elementor-top-column elementor-element elementor-element-bbf6dc5\" data-id=\"bbf6dc5\" data-element_type=\"column\">\n\t\t\t<div class=\"elementor-widget-wrap elementor-element-populated\">\n\t\t\t\t\t\t<div class=\"elementor-element elementor-element-c034597 elementor-widget elementor-widget-heading\" data-id=\"c034597\" data-element_type=\"widget\" data-widget_type=\"heading.default\">\n\t\t\t\t<div class=\"elementor-widget-container\">\n\t\t\t\t\t<h2 class=\"elementor-heading-title elementor-size-default\">A\u00e7\u00e3o conjunta da DFAZ\/DEIC com a Secretaria da Fazenda de SC promove retorno patrimonial aos cofres p\u00fablicos catarinenses e refor\u00e7a o combate \u00e0 sonega\u00e7\u00e3o fiscal<\/h2>\t\t\t\t<\/div>\n\t\t\t\t<\/div>\n\t\t\t\t\t<\/div>\n\t\t<\/div>\n\t\t\t\t\t<\/div>\n\t\t<\/section>\n\t\t\t\t<section class=\"elementor-section elementor-top-section elementor-element elementor-element-ca9b77c elementor-section-boxed elementor-section-height-default elementor-section-height-default\" data-id=\"ca9b77c\" data-element_type=\"section\">\n\t\t\t\t\t\t<div class=\"elementor-container elementor-column-gap-default\">\n\t\t\t\t\t<div class=\"elementor-column elementor-col-100 elementor-top-column elementor-element elementor-element-fdb6d1c\" data-id=\"fdb6d1c\" data-element_type=\"column\">\n\t\t\t<div class=\"elementor-widget-wrap elementor-element-populated\">\n\t\t\t\t\t\t<div class=\"elementor-element elementor-element-d1cd8e6 elementor-widget elementor-widget-image\" data-id=\"d1cd8e6\" data-element_type=\"widget\" data-widget_type=\"image.default\">\n\t\t\t\t<div class=\"elementor-widget-container\">\n\t\t\t\t\t\t\t\t\t\t\t\t\t\t\t<img fetchpriority=\"high\" decoding=\"async\" width=\"696\" height=\"928\" src=\"https:\/\/pc.sc.gov.br\/\/wp-content\/uploads\/2025\/06\/WhatsApp-Image-2025-06-16-at-16.20.27-768x1024.jpeg\" class=\"attachment-large size-large wp-image-29405\" alt=\"\" srcset=\"https:\/\/pc.sc.gov.br\/\/wp-content\/uploads\/2025\/06\/WhatsApp-Image-2025-06-16-at-16.20.27-768x1024.jpeg 768w, https:\/\/pc.sc.gov.br\/\/wp-content\/uploads\/2025\/06\/WhatsApp-Image-2025-06-16-at-16.20.27-225x300.jpeg 225w, https:\/\/pc.sc.gov.br\/\/wp-content\/uploads\/2025\/06\/WhatsApp-Image-2025-06-16-at-16.20.27.jpeg 960w\" sizes=\"(max-width: 696px) 100vw, 696px\" \/>\t\t\t\t\t\t\t\t\t\t\t\t\t\t\t<\/div>\n\t\t\t\t<\/div>\n\t\t\t\t\t<\/div>\n\t\t<\/div>\n\t\t\t\t\t<\/div>\n\t\t<\/section>\n\t\t\t\t<section class=\"elementor-section elementor-top-section elementor-element elementor-element-9fd951f elementor-section-boxed elementor-section-height-default elementor-section-height-default\" data-id=\"9fd951f\" data-element_type=\"section\">\n\t\t\t\t\t\t<div class=\"elementor-container elementor-column-gap-default\">\n\t\t\t\t\t<div class=\"elementor-column elementor-col-100 elementor-top-column elementor-element elementor-element-6babef1\" data-id=\"6babef1\" data-element_type=\"column\">\n\t\t\t<div class=\"elementor-widget-wrap elementor-element-populated\">\n\t\t\t\t\t\t<div class=\"elementor-element elementor-element-aaa6be2 elementor-widget elementor-widget-text-editor\" data-id=\"aaa6be2\" data-element_type=\"widget\" data-widget_type=\"text-editor.default\">\n\t\t\t\t<div class=\"elementor-widget-container\">\n\t\t\t\t\t\t\t\t\t<p>Ap\u00f3s a opera\u00e7\u00e3o conjunta entre a Pol\u00edcia Civil de Santa Catarina, por meio da Delegacia de Investiga\u00e7\u00e3o dos Crimes Contra a Fazenda P\u00fablica da Diretoria Estadual de Investiga\u00e7\u00f5es Criminais (DFAZ\/DEIC), a Secretaria de Estado da Fazenda (SEF\/SC) avan\u00e7ou nas apura\u00e7\u00f5es da opera\u00e7\u00e3o \u201cCaduceu\u201d, deflagrada em 30 de outubro de 2024. Inicialmente estimado em R$ 4 milh\u00f5es, o preju\u00edzo causado ao er\u00e1rio por um sofisticado esquema de fraudes fiscais j\u00e1 ultrapassa os R$ 20 milh\u00f5es, conforme apontam as novas dilig\u00eancias e an\u00e1lises t\u00e9cnicas.<\/p><p>Conforme detalhado na fase inicial da opera\u00e7\u00e3o, as investiga\u00e7\u00f5es identificaram empresas noteiras, que s\u00e3o aquelas criadas deliberadamente para emiss\u00e3o fraudulenta de documentos fiscais, pr\u00e1tica executada para a sonega\u00e7\u00e3o de impostos, o acobertamento do tr\u00e2nsito irregular de mercadorias e a gera\u00e7\u00e3o indevida de cr\u00e9ditos de ICMS. Com a an\u00e1lise dos materiais apreendidos, foi poss\u00edvel identificar os reais benefici\u00e1rios e mentores das fraudes, entre eles contabilistas e empresas que se valeram do esquema.<\/p><p>Nesse contexto, a SEF\/SC est\u00e1 expedindo as autua\u00e7\u00f5es fiscais, incluindo como respons\u00e1veis tribut\u00e1rios n\u00e3o apenas as empresas noteiras, mas tamb\u00e9m os contabilistas e demais envolvidos que arquitetaram e se beneficiaram do esquema, em conformidade com a legisla\u00e7\u00e3o vigente. O objetivo das autua\u00e7\u00f5es \u00e9 recuperar valores sonegados e coibir futuras irregularidades.<\/p><p>As investiga\u00e7\u00f5es tamb\u00e9m revelaram que pagamentos relacionados a essas notas fiscais fraudulentamente emitidas foram feitos a pessoas f\u00edsicas e jur\u00eddicas interpostas, configurando ind\u00edcios de lavagem de dinheiro\u00a0que est\u00e3o sendo apurados em conjunto com as autoridades policiais.<\/p><p>Os primeiros resultados da opera\u00e7\u00e3o j\u00e1 come\u00e7aram a aparecer, com contribuintes regularizando d\u00e9bitos fiscais por meio de pagamento \u00e0 vista ou parcelamento das autua\u00e7\u00f5es. A SEF\/SC refor\u00e7a que continuar\u00e1 atuando de forma integrada com os \u00f3rg\u00e3os de seguran\u00e7a p\u00fablica para garantir que os recursos p\u00fablicos sejam destinados \u00e0 sociedade, como pol\u00edticas de sa\u00fade, educa\u00e7\u00e3o e seguran\u00e7a.<\/p><p>Dessa forma, a Dfaz\/Deic e SEF\/SC, por meio da Opera\u00e7\u00e3o Caduceu, demonstram, mais uma vez, o compromisso do Estado de Santa Catarina no combate \u00e0 sonega\u00e7\u00e3o e na promo\u00e7\u00e3o da justi\u00e7a fiscal, assegurando a concorr\u00eancia leal e a prote\u00e7\u00e3o do consumidor.<\/p>\t\t\t\t\t\t\t\t<\/div>\n\t\t\t\t<\/div>\n\t\t\t\t\t<\/div>\n\t\t<\/div>\n\t\t\t\t\t<\/div>\n\t\t<\/section>\n\t\t\t\t<\/div>\n\t\t","protected":false},"excerpt":{"rendered":"<p>A\u00e7\u00e3o conjunta da DFAZ\/DEIC com a Secretaria da Fazenda de SC promove retorno patrimonial aos cofres p\u00fablicos catarinenses e refor\u00e7a o combate \u00e0 sonega\u00e7\u00e3o fiscal Ap\u00f3s a opera\u00e7\u00e3o conjunta entre a Pol\u00edcia Civil de Santa Catarina, por meio da Delegacia de Investiga\u00e7\u00e3o dos Crimes Contra a Fazenda P\u00fablica da Diretoria Estadual de Investiga\u00e7\u00f5es Criminais (DFAZ\/DEIC), [&hellip;]<\/p>\n","protected":false},"author":5,"featured_media":29405,"comment_status":"closed","ping_status":"open","sticky":false,"template":"","format":"standard","meta":{"_monsterinsights_skip_tracking":false,"_monsterinsights_sitenote_active":false,"_monsterinsights_sitenote_note":"","_monsterinsights_sitenote_category":0,"footnotes":""},"categories":[1],"tags":[],"class_list":["post-29402","post","type-post","status-publish","format-standard","has-post-thumbnail","hentry","category-sem-categoria"],"_links":{"self":[{"href":"https:\/\/pc.sc.gov.br\/index.php?rest_route=\/wp\/v2\/posts\/29402","targetHints":{"allow":["GET"]}}],"collection":[{"href":"https:\/\/pc.sc.gov.br\/index.php?rest_route=\/wp\/v2\/posts"}],"about":[{"href":"https:\/\/pc.sc.gov.br\/index.php?rest_route=\/wp\/v2\/types\/post"}],"author":[{"embeddable":true,"href":"https:\/\/pc.sc.gov.br\/index.php?rest_route=\/wp\/v2\/users\/5"}],"replies":[{"embeddable":true,"href":"https:\/\/pc.sc.gov.br\/index.php?rest_route=%2Fwp%2Fv2%2Fcomments&post=29402"}],"version-history":[{"count":4,"href":"https:\/\/pc.sc.gov.br\/index.php?rest_route=\/wp\/v2\/posts\/29402\/revisions"}],"predecessor-version":[{"id":29409,"href":"https:\/\/pc.sc.gov.br\/index.php?rest_route=\/wp\/v2\/posts\/29402\/revisions\/29409"}],"wp:featuredmedia":[{"embeddable":true,"href":"https:\/\/pc.sc.gov.br\/index.php?rest_route=\/wp\/v2\/media\/29405"}],"wp:attachment":[{"href":"https:\/\/pc.sc.gov.br\/index.php?rest_route=%2Fwp%2Fv2%2Fmedia&parent=29402"}],"wp:term":[{"taxonomy":"category","embeddable":true,"href":"https:\/\/pc.sc.gov.br\/index.php?rest_route=%2Fwp%2Fv2%2Fcategories&post=29402"},{"taxonomy":"post_tag","embeddable":true,"href":"https:\/\/pc.sc.gov.br\/index.php?rest_route=%2Fwp%2Fv2%2Ftags&post=29402"}],"curies":[{"name":"wp","href":"https:\/\/api.w.org\/{rel}","templated":true}]}}