{"id":29410,"date":"2025-06-16T18:51:39","date_gmt":"2025-06-16T21:51:39","guid":{"rendered":"https:\/\/pc.sc.gov.br\/?p=29410"},"modified":"2025-06-16T18:52:13","modified_gmt":"2025-06-16T21:52:13","slug":"policia-civil-de-criciuma-identifica-e-realiza-prisao-de-homem-envolvido-em-roubo-armado-de-veiculo","status":"publish","type":"post","link":"https:\/\/pc.sc.gov.br\/?p=29410","title":{"rendered":"Pol\u00edcia Civil de Crici\u00fama identifica e realiza pris\u00e3o de homem envolvido em roubo armado de ve\u00edculo"},"content":{"rendered":"\t\t<div data-elementor-type=\"wp-post\" data-elementor-id=\"29410\" class=\"elementor elementor-29410\" data-elementor-post-type=\"post\">\n\t\t\t\t\t\t<section class=\"elementor-section elementor-top-section elementor-element elementor-element-e58cd3e elementor-section-boxed elementor-section-height-default elementor-section-height-default\" data-id=\"e58cd3e\" data-element_type=\"section\">\n\t\t\t\t\t\t<div class=\"elementor-container elementor-column-gap-default\">\n\t\t\t\t\t<div class=\"elementor-column elementor-col-100 elementor-top-column elementor-element elementor-element-52de5ce\" data-id=\"52de5ce\" data-element_type=\"column\">\n\t\t\t<div class=\"elementor-widget-wrap elementor-element-populated\">\n\t\t\t\t\t\t<div class=\"elementor-element elementor-element-46482fa elementor-widget elementor-widget-heading\" data-id=\"46482fa\" data-element_type=\"widget\" data-widget_type=\"heading.default\">\n\t\t\t\t<div class=\"elementor-widget-container\">\n\t\t\t\t\t<h2 class=\"elementor-heading-title elementor-size-default\">Pol\u00edcia Civil de Crici\u00fama identifica e realiza pris\u00e3o de homem envolvido em roubo armado de ve\u00edculo<\/h2>\t\t\t\t<\/div>\n\t\t\t\t<\/div>\n\t\t\t\t\t<\/div>\n\t\t<\/div>\n\t\t\t\t\t<\/div>\n\t\t<\/section>\n\t\t\t\t<section class=\"elementor-section elementor-top-section elementor-element elementor-element-fb45583 elementor-section-boxed elementor-section-height-default elementor-section-height-default\" data-id=\"fb45583\" data-element_type=\"section\">\n\t\t\t\t\t\t<div class=\"elementor-container elementor-column-gap-default\">\n\t\t\t\t\t<div class=\"elementor-column elementor-col-100 elementor-top-column elementor-element elementor-element-b9a543c\" data-id=\"b9a543c\" data-element_type=\"column\">\n\t\t\t<div class=\"elementor-widget-wrap elementor-element-populated\">\n\t\t\t\t\t\t<div class=\"elementor-element elementor-element-a89c82e elementor-widget elementor-widget-image\" data-id=\"a89c82e\" data-element_type=\"widget\" data-widget_type=\"image.default\">\n\t\t\t\t<div class=\"elementor-widget-container\">\n\t\t\t\t\t\t\t\t\t\t\t\t\t\t\t<img fetchpriority=\"high\" decoding=\"async\" width=\"574\" height=\"1024\" src=\"https:\/\/pc.sc.gov.br\/\/wp-content\/uploads\/2025\/06\/WhatsApp-Image-2025-06-16-at-18.15.19-574x1024.jpeg\" class=\"attachment-large size-large wp-image-29411\" alt=\"\" srcset=\"https:\/\/pc.sc.gov.br\/\/wp-content\/uploads\/2025\/06\/WhatsApp-Image-2025-06-16-at-18.15.19-574x1024.jpeg 574w, https:\/\/pc.sc.gov.br\/\/wp-content\/uploads\/2025\/06\/WhatsApp-Image-2025-06-16-at-18.15.19-168x300.jpeg 168w, https:\/\/pc.sc.gov.br\/\/wp-content\/uploads\/2025\/06\/WhatsApp-Image-2025-06-16-at-18.15.19-768x1370.jpeg 768w, https:\/\/pc.sc.gov.br\/\/wp-content\/uploads\/2025\/06\/WhatsApp-Image-2025-06-16-at-18.15.19-861x1536.jpeg 861w, https:\/\/pc.sc.gov.br\/\/wp-content\/uploads\/2025\/06\/WhatsApp-Image-2025-06-16-at-18.15.19.jpeg 897w\" sizes=\"(max-width: 574px) 100vw, 574px\" \/>\t\t\t\t\t\t\t\t\t\t\t\t\t\t\t<\/div>\n\t\t\t\t<\/div>\n\t\t\t\t\t<\/div>\n\t\t<\/div>\n\t\t\t\t\t<\/div>\n\t\t<\/section>\n\t\t\t\t<section class=\"elementor-section elementor-top-section elementor-element elementor-element-ada5bfa elementor-section-boxed elementor-section-height-default elementor-section-height-default\" data-id=\"ada5bfa\" data-element_type=\"section\">\n\t\t\t\t\t\t<div class=\"elementor-container elementor-column-gap-default\">\n\t\t\t\t\t<div class=\"elementor-column elementor-col-100 elementor-top-column elementor-element elementor-element-9b20bd8\" data-id=\"9b20bd8\" data-element_type=\"column\">\n\t\t\t<div class=\"elementor-widget-wrap elementor-element-populated\">\n\t\t\t\t\t\t<div class=\"elementor-element elementor-element-76b568c elementor-widget elementor-widget-text-editor\" data-id=\"76b568c\" data-element_type=\"widget\" data-widget_type=\"text-editor.default\">\n\t\t\t\t<div class=\"elementor-widget-container\">\n\t\t\t\t\t\t\t\t\t<p>A Pol\u00edcia Civil de Santa Catarina, por meio da Delegacia de Repress\u00e3o a Roubos\u00a0(DRR\/DIC Crici\u00fama), encerrou apura\u00e7\u00e3o policial e, nesta tarde (16\/06), realizou a captura de investigado (21 anos) por roubo com uso de arma de fogo de ve\u00edculo, ocorrido em janeiro no bairro Morro Estev\u00e3o, na cidade de Crici\u00fama.<\/p><p>Ao fechar seu estabelecimento comercial, a v\u00edtima foi surpreendida por dois homens armados em uma motocicleta que exigiram a entrega do carro. O ve\u00edculo foi subtra\u00eddo e os autores seguiram em sentido incerto. As investiga\u00e7\u00f5es iniciaram logo ap\u00f3s o crime. O carro foi recuperado no dia seguinte.<\/p><p>Os investigadores tiveram sucesso na identifica\u00e7\u00e3o de um dos envolvidos. Houve representa\u00e7\u00e3o policial pela pris\u00e3o tempor\u00e1ria do investigado, deferida pelo Poder Judici\u00e1rio com parecer favor\u00e1vel do Minist\u00e9rio P\u00fablico.<\/p><p>Ap\u00f3s alguns dias buscando a localiza\u00e7\u00e3o do suspeito, nesta tarde, os policiais conseguiram sua captura no bairro Renascer, em Crici\u00fama. O investigado foi encaminhado ao Pres\u00eddio Santa Augusta. O inqu\u00e9rito ser\u00e1 finalizado nos pr\u00f3ximos dias.<\/p>\t\t\t\t\t\t\t\t<\/div>\n\t\t\t\t<\/div>\n\t\t\t\t\t<\/div>\n\t\t<\/div>\n\t\t\t\t\t<\/div>\n\t\t<\/section>\n\t\t\t\t<\/div>\n\t\t","protected":false},"excerpt":{"rendered":"<p>Pol\u00edcia Civil de Crici\u00fama identifica e realiza pris\u00e3o de homem envolvido em roubo armado de ve\u00edculo A Pol\u00edcia Civil de Santa Catarina, por meio da Delegacia de Repress\u00e3o a Roubos\u00a0(DRR\/DIC Crici\u00fama), encerrou apura\u00e7\u00e3o policial e, nesta tarde (16\/06), realizou a captura de investigado (21 anos) por roubo com uso de arma de fogo de ve\u00edculo, [&hellip;]<\/p>\n","protected":false},"author":5,"featured_media":29411,"comment_status":"closed","ping_status":"open","sticky":false,"template":"","format":"standard","meta":{"_monsterinsights_skip_tracking":false,"_monsterinsights_sitenote_active":false,"_monsterinsights_sitenote_note":"","_monsterinsights_sitenote_category":0,"footnotes":""},"categories":[1],"tags":[],"class_list":["post-29410","post","type-post","status-publish","format-standard","has-post-thumbnail","hentry","category-sem-categoria"],"_links":{"self":[{"href":"https:\/\/pc.sc.gov.br\/index.php?rest_route=\/wp\/v2\/posts\/29410","targetHints":{"allow":["GET"]}}],"collection":[{"href":"https:\/\/pc.sc.gov.br\/index.php?rest_route=\/wp\/v2\/posts"}],"about":[{"href":"https:\/\/pc.sc.gov.br\/index.php?rest_route=\/wp\/v2\/types\/post"}],"author":[{"embeddable":true,"href":"https:\/\/pc.sc.gov.br\/index.php?rest_route=\/wp\/v2\/users\/5"}],"replies":[{"embeddable":true,"href":"https:\/\/pc.sc.gov.br\/index.php?rest_route=%2Fwp%2Fv2%2Fcomments&post=29410"}],"version-history":[{"count":4,"href":"https:\/\/pc.sc.gov.br\/index.php?rest_route=\/wp\/v2\/posts\/29410\/revisions"}],"predecessor-version":[{"id":29415,"href":"https:\/\/pc.sc.gov.br\/index.php?rest_route=\/wp\/v2\/posts\/29410\/revisions\/29415"}],"wp:featuredmedia":[{"embeddable":true,"href":"https:\/\/pc.sc.gov.br\/index.php?rest_route=\/wp\/v2\/media\/29411"}],"wp:attachment":[{"href":"https:\/\/pc.sc.gov.br\/index.php?rest_route=%2Fwp%2Fv2%2Fmedia&parent=29410"}],"wp:term":[{"taxonomy":"category","embeddable":true,"href":"https:\/\/pc.sc.gov.br\/index.php?rest_route=%2Fwp%2Fv2%2Fcategories&post=29410"},{"taxonomy":"post_tag","embeddable":true,"href":"https:\/\/pc.sc.gov.br\/index.php?rest_route=%2Fwp%2Fv2%2Ftags&post=29410"}],"curies":[{"name":"wp","href":"https:\/\/api.w.org\/{rel}","templated":true}]}}