{"id":29416,"date":"2025-06-17T13:12:50","date_gmt":"2025-06-17T16:12:50","guid":{"rendered":"https:\/\/pc.sc.gov.br\/?p=29416"},"modified":"2025-06-17T13:14:24","modified_gmt":"2025-06-17T16:14:24","slug":"delegacia-de-capturas-da-deic-prende-foragido-por-crime-esportivo-praticado-com-emprego-de-violencia-e-roubo-qualificado-em-joinville","status":"publish","type":"post","link":"https:\/\/pc.sc.gov.br\/?p=29416","title":{"rendered":"Em Joinville, Delegacia de Capturas da DEIC prende foragido por crime esportivo praticado com emprego de viol\u00eancia e roubo qualificado"},"content":{"rendered":"\t\t<div data-elementor-type=\"wp-post\" data-elementor-id=\"29416\" class=\"elementor elementor-29416\" data-elementor-post-type=\"post\">\n\t\t\t\t\t\t<section class=\"elementor-section elementor-top-section elementor-element elementor-element-6b03b34 elementor-section-boxed elementor-section-height-default elementor-section-height-default\" data-id=\"6b03b34\" data-element_type=\"section\">\n\t\t\t\t\t\t<div class=\"elementor-container elementor-column-gap-default\">\n\t\t\t\t\t<div class=\"elementor-column elementor-col-100 elementor-top-column elementor-element elementor-element-858deea\" data-id=\"858deea\" data-element_type=\"column\">\n\t\t\t<div class=\"elementor-widget-wrap elementor-element-populated\">\n\t\t\t\t\t\t<div class=\"elementor-element elementor-element-c452eb6 elementor-widget elementor-widget-heading\" data-id=\"c452eb6\" data-element_type=\"widget\" data-widget_type=\"heading.default\">\n\t\t\t\t<div class=\"elementor-widget-container\">\n\t\t\t\t\t<h2 class=\"elementor-heading-title elementor-size-default\">Em Joinville, Delegacia de Capturas da DEIC prende foragido por crime esportivo praticado com emprego de viol\u00eancia e roubo qualificado <\/h2>\t\t\t\t<\/div>\n\t\t\t\t<\/div>\n\t\t\t\t\t<\/div>\n\t\t<\/div>\n\t\t\t\t\t<\/div>\n\t\t<\/section>\n\t\t\t\t<section class=\"elementor-section elementor-top-section elementor-element elementor-element-125637e elementor-section-boxed elementor-section-height-default elementor-section-height-default\" data-id=\"125637e\" data-element_type=\"section\">\n\t\t\t\t\t\t<div class=\"elementor-container elementor-column-gap-default\">\n\t\t\t\t\t<div class=\"elementor-column elementor-col-100 elementor-top-column elementor-element elementor-element-39a6f28\" data-id=\"39a6f28\" data-element_type=\"column\">\n\t\t\t<div class=\"elementor-widget-wrap elementor-element-populated\">\n\t\t\t\t\t\t<div class=\"elementor-element elementor-element-61e41cf elementor-widget elementor-widget-image\" data-id=\"61e41cf\" data-element_type=\"widget\" data-widget_type=\"image.default\">\n\t\t\t\t<div class=\"elementor-widget-container\">\n\t\t\t\t\t\t\t\t\t\t\t\t\t\t\t<img fetchpriority=\"high\" decoding=\"async\" width=\"696\" height=\"521\" src=\"https:\/\/pc.sc.gov.br\/\/wp-content\/uploads\/2024\/06\/DEIC-1024x767.jpg\" class=\"attachment-large size-large wp-image-21428\" alt=\"\" srcset=\"https:\/\/pc.sc.gov.br\/\/wp-content\/uploads\/2024\/06\/DEIC-1024x767.jpg 1024w, https:\/\/pc.sc.gov.br\/\/wp-content\/uploads\/2024\/06\/DEIC-300x225.jpg 300w, https:\/\/pc.sc.gov.br\/\/wp-content\/uploads\/2024\/06\/DEIC-768x575.jpg 768w, https:\/\/pc.sc.gov.br\/\/wp-content\/uploads\/2024\/06\/DEIC.jpg 1280w\" sizes=\"(max-width: 696px) 100vw, 696px\" \/>\t\t\t\t\t\t\t\t\t\t\t\t\t\t\t<\/div>\n\t\t\t\t<\/div>\n\t\t\t\t\t<\/div>\n\t\t<\/div>\n\t\t\t\t\t<\/div>\n\t\t<\/section>\n\t\t\t\t<section class=\"elementor-section elementor-top-section elementor-element elementor-element-cb8719c elementor-section-boxed elementor-section-height-default elementor-section-height-default\" data-id=\"cb8719c\" data-element_type=\"section\">\n\t\t\t\t\t\t<div class=\"elementor-container elementor-column-gap-default\">\n\t\t\t\t\t<div class=\"elementor-column elementor-col-100 elementor-top-column elementor-element elementor-element-c42c0ba\" data-id=\"c42c0ba\" data-element_type=\"column\">\n\t\t\t<div class=\"elementor-widget-wrap elementor-element-populated\">\n\t\t\t\t\t\t<div class=\"elementor-element elementor-element-1cb0d01 elementor-widget elementor-widget-text-editor\" data-id=\"1cb0d01\" data-element_type=\"widget\" data-widget_type=\"text-editor.default\">\n\t\t\t\t<div class=\"elementor-widget-container\">\n\t\t\t\t\t\t\t\t\t<p>Na segunda-feira (16\/06), a Pol\u00edcia Civil de Santa Catarina, por meio da Delegacia de Capturas da Diretoria Estadual de Investiga\u00e7\u00f5es Criminais (DECAP\/DEIC), prendeu um integrante de torcida organizada com mandado de pris\u00e3o preventiva, expedido pelos crimes de tumulto desportivo (art. 201 da LGE) e roubo majorado (art. 157, \u00a72\u00ba, II, do CP).<\/p><p>O mandado de pris\u00e3o preventiva foi expedido ap\u00f3s competente trabalho investigativo da Delega\u00e7\u00e3o de Prote\u00e7\u00e3o ao Torcedor e de Grandes Eventos (DPTGE\/DIOE\/PCPA). Al\u00e9m disso, outros dois autores foram presos na ocasi\u00e3o pela Pol\u00edcia Paraense. Ap\u00f3s o fato, o homem fugiu da cidade e passou a se esconder em Santa Catarina.<\/p><p>Ap\u00f3s solicita\u00e7\u00e3o de apoio, dilig\u00eancias foram realizadas pela DECAP\/DEIC e ele foi localizado e preso na cidade de Joinville. Den\u00fancias e informa\u00e7\u00f5es relacionadas a foragidos da Justi\u00e7a podem ser encaminhadas para o e-mail deic-capturas@pc.sc.gov.br.<\/p><p>Al\u00e9m disso, pelo\u00a0<a href=\"https:\/\/sistemas.pc.sc.gov.br\/foragidos\/\"><strong>Portal Foragidos da PCSC<\/strong><\/a>\u00a0\u00e9 poss\u00edvel conhecer a rela\u00e7\u00e3o de procurados pela Justi\u00e7a. A Pol\u00edcia Civil de Santa Catarina garante o anonimato de quem prestar informa\u00e7\u00f5es sobre foragidos.<\/p><p><strong>Entenda o caso<\/strong><\/p><p>A v\u00edtima retornava do seu emprego, no dia 22\/02\/2025, em um s\u00e1bado que antecedia o jogo de futebol, quando, ao trafegar de bicicleta na Av. J\u00falio C\u00e9sar, foi brutalmente agredido apenas por vestir uma camiseta de time diverso. A v\u00edtima foi golpeada, desmaiou em via p\u00fablica e, mesmo inconsciente, foi arrastada pelo asfalto em uma cena de extrema viol\u00eancia. Durante o ataque, os agressores subtra\u00edram sua camisa, aparelho celular e a quantia de R$ 300,00.<\/p><p>Por n\u00e3o integrar nenhuma torcida organizada, n\u00e3o buscar atendimento m\u00e9dico imediato e tampouco registrar ocorr\u00eancia policial, a v\u00edtima somente foi localizada ap\u00f3s minucioso trabalho de intelig\u00eancia e dilig\u00eancias de campo da equipe da DPTGE. Ap\u00f3s sua identifica\u00e7\u00e3o, iniciou-se investiga\u00e7\u00e3o detalhada, com an\u00e1lise t\u00e9cnica de imagens e oitivas, permitindo a individualiza\u00e7\u00e3o dos autores das agress\u00f5es e dos crimes patrimoniais.<\/p><p>Al\u00e9m das pris\u00f5es realizadas, a Pol\u00edcia Civil do Par\u00e1 conseguiu localizar e restituir \u00e0 v\u00edtima o aparelho celular roubado, promovendo um ato de repara\u00e7\u00e3o e justi\u00e7a.<\/p>\t\t\t\t\t\t\t\t<\/div>\n\t\t\t\t<\/div>\n\t\t\t\t\t<\/div>\n\t\t<\/div>\n\t\t\t\t\t<\/div>\n\t\t<\/section>\n\t\t\t\t<\/div>\n\t\t","protected":false},"excerpt":{"rendered":"<p>Em Joinville, Delegacia de Capturas da DEIC prende foragido por crime esportivo praticado com emprego de viol\u00eancia e roubo qualificado Na segunda-feira (16\/06), a Pol\u00edcia Civil de Santa Catarina, por meio da Delegacia de Capturas da Diretoria Estadual de Investiga\u00e7\u00f5es Criminais (DECAP\/DEIC), prendeu um integrante de torcida organizada com mandado de pris\u00e3o preventiva, expedido pelos [&hellip;]<\/p>\n","protected":false},"author":5,"featured_media":10917,"comment_status":"closed","ping_status":"open","sticky":false,"template":"","format":"standard","meta":{"_monsterinsights_skip_tracking":false,"_monsterinsights_sitenote_active":false,"_monsterinsights_sitenote_note":"","_monsterinsights_sitenote_category":0,"footnotes":""},"categories":[1],"tags":[],"class_list":["post-29416","post","type-post","status-publish","format-standard","has-post-thumbnail","hentry","category-sem-categoria"],"_links":{"self":[{"href":"https:\/\/pc.sc.gov.br\/index.php?rest_route=\/wp\/v2\/posts\/29416","targetHints":{"allow":["GET"]}}],"collection":[{"href":"https:\/\/pc.sc.gov.br\/index.php?rest_route=\/wp\/v2\/posts"}],"about":[{"href":"https:\/\/pc.sc.gov.br\/index.php?rest_route=\/wp\/v2\/types\/post"}],"author":[{"embeddable":true,"href":"https:\/\/pc.sc.gov.br\/index.php?rest_route=\/wp\/v2\/users\/5"}],"replies":[{"embeddable":true,"href":"https:\/\/pc.sc.gov.br\/index.php?rest_route=%2Fwp%2Fv2%2Fcomments&post=29416"}],"version-history":[{"count":8,"href":"https:\/\/pc.sc.gov.br\/index.php?rest_route=\/wp\/v2\/posts\/29416\/revisions"}],"predecessor-version":[{"id":29424,"href":"https:\/\/pc.sc.gov.br\/index.php?rest_route=\/wp\/v2\/posts\/29416\/revisions\/29424"}],"wp:featuredmedia":[{"embeddable":true,"href":"https:\/\/pc.sc.gov.br\/index.php?rest_route=\/wp\/v2\/media\/10917"}],"wp:attachment":[{"href":"https:\/\/pc.sc.gov.br\/index.php?rest_route=%2Fwp%2Fv2%2Fmedia&parent=29416"}],"wp:term":[{"taxonomy":"category","embeddable":true,"href":"https:\/\/pc.sc.gov.br\/index.php?rest_route=%2Fwp%2Fv2%2Fcategories&post=29416"},{"taxonomy":"post_tag","embeddable":true,"href":"https:\/\/pc.sc.gov.br\/index.php?rest_route=%2Fwp%2Fv2%2Ftags&post=29416"}],"curies":[{"name":"wp","href":"https:\/\/api.w.org\/{rel}","templated":true}]}}