{"id":29443,"date":"2025-06-17T15:52:42","date_gmt":"2025-06-17T18:52:42","guid":{"rendered":"https:\/\/pc.sc.gov.br\/?p=29443"},"modified":"2025-06-17T15:54:11","modified_gmt":"2025-06-17T18:54:11","slug":"policia-civil-deflagra-operacao-policial-contra-o-trafico-de-drogas-em-bom-retiro","status":"publish","type":"post","link":"https:\/\/pc.sc.gov.br\/?p=29443","title":{"rendered":"Pol\u00edcia Civil deflagra opera\u00e7\u00e3o policial contra o tr\u00e1fico de drogas em Bom Retiro"},"content":{"rendered":"\t\t<div data-elementor-type=\"wp-post\" data-elementor-id=\"29443\" class=\"elementor elementor-29443\" data-elementor-post-type=\"post\">\n\t\t\t\t\t\t<section class=\"elementor-section elementor-top-section elementor-element elementor-element-e2c55ab elementor-section-boxed elementor-section-height-default elementor-section-height-default\" data-id=\"e2c55ab\" data-element_type=\"section\">\n\t\t\t\t\t\t<div class=\"elementor-container elementor-column-gap-default\">\n\t\t\t\t\t<div class=\"elementor-column elementor-col-100 elementor-top-column elementor-element elementor-element-b157876\" data-id=\"b157876\" data-element_type=\"column\">\n\t\t\t<div class=\"elementor-widget-wrap elementor-element-populated\">\n\t\t\t\t\t\t<div class=\"elementor-element elementor-element-c58635e elementor-widget elementor-widget-heading\" data-id=\"c58635e\" data-element_type=\"widget\" data-widget_type=\"heading.default\">\n\t\t\t\t<div class=\"elementor-widget-container\">\n\t\t\t\t\t<h2 class=\"elementor-heading-title elementor-size-default\">Pol\u00edcia Civil deflagra opera\u00e7\u00e3o policial contra o tr\u00e1fico de drogas em Bom Retiro <\/h2>\t\t\t\t<\/div>\n\t\t\t\t<\/div>\n\t\t\t\t\t<\/div>\n\t\t<\/div>\n\t\t\t\t\t<\/div>\n\t\t<\/section>\n\t\t\t\t<section class=\"elementor-section elementor-top-section elementor-element elementor-element-e0d86df elementor-section-boxed elementor-section-height-default elementor-section-height-default\" data-id=\"e0d86df\" data-element_type=\"section\">\n\t\t\t\t\t\t<div class=\"elementor-container elementor-column-gap-default\">\n\t\t\t\t\t<div class=\"elementor-column elementor-col-100 elementor-top-column elementor-element elementor-element-88a6336\" data-id=\"88a6336\" data-element_type=\"column\">\n\t\t\t<div class=\"elementor-widget-wrap elementor-element-populated\">\n\t\t\t\t\t\t<div class=\"elementor-element elementor-element-77e5763 elementor-widget elementor-widget-image\" data-id=\"77e5763\" data-element_type=\"widget\" data-widget_type=\"image.default\">\n\t\t\t\t<div class=\"elementor-widget-container\">\n\t\t\t\t\t\t\t\t\t\t\t\t\t\t\t<img fetchpriority=\"high\" decoding=\"async\" width=\"696\" height=\"392\" src=\"https:\/\/pc.sc.gov.br\/\/wp-content\/uploads\/2025\/06\/WhatsApp-Image-2025-06-17-at-11.01.35-1024x576.jpeg\" class=\"attachment-large size-large wp-image-29444\" alt=\"\" srcset=\"https:\/\/pc.sc.gov.br\/\/wp-content\/uploads\/2025\/06\/WhatsApp-Image-2025-06-17-at-11.01.35-1024x576.jpeg 1024w, https:\/\/pc.sc.gov.br\/\/wp-content\/uploads\/2025\/06\/WhatsApp-Image-2025-06-17-at-11.01.35-300x169.jpeg 300w, https:\/\/pc.sc.gov.br\/\/wp-content\/uploads\/2025\/06\/WhatsApp-Image-2025-06-17-at-11.01.35-768x432.jpeg 768w, https:\/\/pc.sc.gov.br\/\/wp-content\/uploads\/2025\/06\/WhatsApp-Image-2025-06-17-at-11.01.35.jpeg 1280w\" sizes=\"(max-width: 696px) 100vw, 696px\" \/>\t\t\t\t\t\t\t\t\t\t\t\t\t\t\t<\/div>\n\t\t\t\t<\/div>\n\t\t\t\t\t<\/div>\n\t\t<\/div>\n\t\t\t\t\t<\/div>\n\t\t<\/section>\n\t\t\t\t<section class=\"elementor-section elementor-top-section elementor-element elementor-element-cc174bf elementor-section-boxed elementor-section-height-default elementor-section-height-default\" data-id=\"cc174bf\" data-element_type=\"section\">\n\t\t\t\t\t\t<div class=\"elementor-container elementor-column-gap-default\">\n\t\t\t\t\t<div class=\"elementor-column elementor-col-100 elementor-top-column elementor-element elementor-element-1053275\" data-id=\"1053275\" data-element_type=\"column\">\n\t\t\t<div class=\"elementor-widget-wrap elementor-element-populated\">\n\t\t\t\t\t\t<div class=\"elementor-element elementor-element-e09e214 elementor-widget elementor-widget-text-editor\" data-id=\"e09e214\" data-element_type=\"widget\" data-widget_type=\"text-editor.default\">\n\t\t\t\t<div class=\"elementor-widget-container\">\n\t\t\t\t\t\t\t\t\t<p>Nesta ter\u00e7a-feira (17\/06), a Pol\u00edcia Civil de Santa Catarina, por meio da Delegacia de Pol\u00edcia de Bom Retiro, deflagrou opera\u00e7\u00e3o policial visando combater os crimes de tr\u00e1fico de drogas e associa\u00e7\u00e3o para o tr\u00e1fico de drogas (previstos nos artigos 33 e 35 da Lei 11.343\/06). A a\u00e7\u00e3o aconteceu em Bom Retiro e contou com apoio da Delegacia de Investiga\u00e7\u00e3o Criminal de Lages, da Pol\u00edcia Militar e da Pol\u00edcia Rodovi\u00e1ria Federal.<\/p><p>Foram cumpridos cinco mandados de busca e apreens\u00e3o, expedidos pela Vara Regional de Garantias de Lages. Durante as buscas, foram apreendidos drogas (maconha e crack) e dinheiro \u2013 proveniente do crime de tr\u00e1fico de drogas.<\/p><p>Com a apreens\u00e3o dos il\u00edcitos, foram presos dois investigados flagrados na posse de drogas e outros il\u00edcitos. Eles foram autuados pelos crimes de tr\u00e1fico de drogas, associa\u00e7\u00e3o para o tr\u00e1fico de drogas e lavagem de dinheiro.<\/p><p>Ap\u00f3s as pris\u00f5es, os conduzidos foram encaminhados para o Pres\u00eddio de Lages \u2013 local onde permanecer\u00e3o recolhidos \u00e0 disposi\u00e7\u00e3o da Justi\u00e7a.<\/p>\t\t\t\t\t\t\t\t<\/div>\n\t\t\t\t<\/div>\n\t\t\t\t\t<\/div>\n\t\t<\/div>\n\t\t\t\t\t<\/div>\n\t\t<\/section>\n\t\t\t\t<\/div>\n\t\t","protected":false},"excerpt":{"rendered":"<p>Pol\u00edcia Civil deflagra opera\u00e7\u00e3o policial contra o tr\u00e1fico de drogas em Bom Retiro Nesta ter\u00e7a-feira (17\/06), a Pol\u00edcia Civil de Santa Catarina, por meio da Delegacia de Pol\u00edcia de Bom Retiro, deflagrou opera\u00e7\u00e3o policial visando combater os crimes de tr\u00e1fico de drogas e associa\u00e7\u00e3o para o tr\u00e1fico de drogas (previstos nos artigos 33 e 35 [&hellip;]<\/p>\n","protected":false},"author":5,"featured_media":29444,"comment_status":"closed","ping_status":"open","sticky":false,"template":"","format":"standard","meta":{"_monsterinsights_skip_tracking":false,"_monsterinsights_sitenote_active":false,"_monsterinsights_sitenote_note":"","_monsterinsights_sitenote_category":0,"footnotes":""},"categories":[1],"tags":[],"class_list":["post-29443","post","type-post","status-publish","format-standard","has-post-thumbnail","hentry","category-sem-categoria"],"_links":{"self":[{"href":"https:\/\/pc.sc.gov.br\/index.php?rest_route=\/wp\/v2\/posts\/29443","targetHints":{"allow":["GET"]}}],"collection":[{"href":"https:\/\/pc.sc.gov.br\/index.php?rest_route=\/wp\/v2\/posts"}],"about":[{"href":"https:\/\/pc.sc.gov.br\/index.php?rest_route=\/wp\/v2\/types\/post"}],"author":[{"embeddable":true,"href":"https:\/\/pc.sc.gov.br\/index.php?rest_route=\/wp\/v2\/users\/5"}],"replies":[{"embeddable":true,"href":"https:\/\/pc.sc.gov.br\/index.php?rest_route=%2Fwp%2Fv2%2Fcomments&post=29443"}],"version-history":[{"count":4,"href":"https:\/\/pc.sc.gov.br\/index.php?rest_route=\/wp\/v2\/posts\/29443\/revisions"}],"predecessor-version":[{"id":29448,"href":"https:\/\/pc.sc.gov.br\/index.php?rest_route=\/wp\/v2\/posts\/29443\/revisions\/29448"}],"wp:featuredmedia":[{"embeddable":true,"href":"https:\/\/pc.sc.gov.br\/index.php?rest_route=\/wp\/v2\/media\/29444"}],"wp:attachment":[{"href":"https:\/\/pc.sc.gov.br\/index.php?rest_route=%2Fwp%2Fv2%2Fmedia&parent=29443"}],"wp:term":[{"taxonomy":"category","embeddable":true,"href":"https:\/\/pc.sc.gov.br\/index.php?rest_route=%2Fwp%2Fv2%2Fcategories&post=29443"},{"taxonomy":"post_tag","embeddable":true,"href":"https:\/\/pc.sc.gov.br\/index.php?rest_route=%2Fwp%2Fv2%2Ftags&post=29443"}],"curies":[{"name":"wp","href":"https:\/\/api.w.org\/{rel}","templated":true}]}}