{"id":29469,"date":"2025-06-18T16:53:43","date_gmt":"2025-06-18T19:53:43","guid":{"rendered":"https:\/\/pc.sc.gov.br\/?p=29469"},"modified":"2025-06-18T16:56:21","modified_gmt":"2025-06-18T19:56:21","slug":"policia-civil-cumpre-mandados-no-morro-do-horacio-na-capital-e-um-homem-e-preso","status":"publish","type":"post","link":"https:\/\/pc.sc.gov.br\/?p=29469","title":{"rendered":"Pol\u00edcia Civil cumpre mandados no Morro do Hor\u00e1cio na Capital e um homem \u00e9 preso"},"content":{"rendered":"\t\t<div data-elementor-type=\"wp-post\" data-elementor-id=\"29469\" class=\"elementor elementor-29469\" data-elementor-post-type=\"post\">\n\t\t\t\t\t\t<section class=\"elementor-section elementor-top-section elementor-element elementor-element-01091b5 elementor-section-boxed elementor-section-height-default elementor-section-height-default\" data-id=\"01091b5\" data-element_type=\"section\">\n\t\t\t\t\t\t<div class=\"elementor-container elementor-column-gap-default\">\n\t\t\t\t\t<div class=\"elementor-column elementor-col-100 elementor-top-column elementor-element elementor-element-f218f4f\" data-id=\"f218f4f\" data-element_type=\"column\">\n\t\t\t<div class=\"elementor-widget-wrap elementor-element-populated\">\n\t\t\t\t\t\t<div class=\"elementor-element elementor-element-e86dca6 elementor-widget elementor-widget-heading\" data-id=\"e86dca6\" data-element_type=\"widget\" data-widget_type=\"heading.default\">\n\t\t\t\t<div class=\"elementor-widget-container\">\n\t\t\t\t\t<h2 class=\"elementor-heading-title elementor-size-default\">Pol\u00edcia Civil cumpre mandados no Morro do Hor\u00e1cio na Capital e um homem \u00e9 preso<\/h2>\t\t\t\t<\/div>\n\t\t\t\t<\/div>\n\t\t\t\t\t<\/div>\n\t\t<\/div>\n\t\t\t\t\t<\/div>\n\t\t<\/section>\n\t\t\t\t<section class=\"elementor-section elementor-top-section elementor-element elementor-element-5274586 elementor-section-boxed elementor-section-height-default elementor-section-height-default\" data-id=\"5274586\" data-element_type=\"section\">\n\t\t\t\t\t\t<div class=\"elementor-container elementor-column-gap-default\">\n\t\t\t\t\t<div class=\"elementor-column elementor-col-100 elementor-top-column elementor-element elementor-element-f2e1265\" data-id=\"f2e1265\" data-element_type=\"column\">\n\t\t\t<div class=\"elementor-widget-wrap elementor-element-populated\">\n\t\t\t\t\t\t<div class=\"elementor-element elementor-element-fc25601 elementor-widget elementor-widget-image\" data-id=\"fc25601\" data-element_type=\"widget\" data-widget_type=\"image.default\">\n\t\t\t\t<div class=\"elementor-widget-container\">\n\t\t\t\t\t\t\t\t\t\t\t\t\t\t\t<img fetchpriority=\"high\" decoding=\"async\" width=\"696\" height=\"928\" src=\"https:\/\/pc.sc.gov.br\/\/wp-content\/uploads\/2025\/06\/WhatsApp-Image-2025-06-18-at-16.43.15-768x1024.jpeg\" class=\"attachment-large size-large wp-image-29470\" alt=\"\" srcset=\"https:\/\/pc.sc.gov.br\/\/wp-content\/uploads\/2025\/06\/WhatsApp-Image-2025-06-18-at-16.43.15-768x1024.jpeg 768w, https:\/\/pc.sc.gov.br\/\/wp-content\/uploads\/2025\/06\/WhatsApp-Image-2025-06-18-at-16.43.15-225x300.jpeg 225w, https:\/\/pc.sc.gov.br\/\/wp-content\/uploads\/2025\/06\/WhatsApp-Image-2025-06-18-at-16.43.15-1152x1536.jpeg 1152w, https:\/\/pc.sc.gov.br\/\/wp-content\/uploads\/2025\/06\/WhatsApp-Image-2025-06-18-at-16.43.15.jpeg 1200w\" sizes=\"(max-width: 696px) 100vw, 696px\" \/>\t\t\t\t\t\t\t\t\t\t\t\t\t\t\t<\/div>\n\t\t\t\t<\/div>\n\t\t\t\t\t<\/div>\n\t\t<\/div>\n\t\t\t\t\t<\/div>\n\t\t<\/section>\n\t\t\t\t<section class=\"elementor-section elementor-top-section elementor-element elementor-element-bd254c6 elementor-section-boxed elementor-section-height-default elementor-section-height-default\" data-id=\"bd254c6\" data-element_type=\"section\">\n\t\t\t\t\t\t<div class=\"elementor-container elementor-column-gap-default\">\n\t\t\t\t\t<div class=\"elementor-column elementor-col-100 elementor-top-column elementor-element elementor-element-41ae070\" data-id=\"41ae070\" data-element_type=\"column\">\n\t\t\t<div class=\"elementor-widget-wrap elementor-element-populated\">\n\t\t\t\t\t\t<div class=\"elementor-element elementor-element-a2f9762 elementor-widget elementor-widget-text-editor\" data-id=\"a2f9762\" data-element_type=\"widget\" data-widget_type=\"text-editor.default\">\n\t\t\t\t<div class=\"elementor-widget-container\">\n\t\t\t\t\t\t\t\t\t<p>A Pol\u00edcia Civil de Santa Catarina, por meio do Departamento de Investiga\u00e7\u00e3o Criminal da Capital (DIC\/DRR), deflagrou, na manh\u00e3 desta quarta-feira (18\/06), uma opera\u00e7\u00e3o para o cumprimento de mandados de pris\u00e3o tempor\u00e1ria e de busca e apreens\u00e3o na comunidade do Morro do Hor\u00e1cio, em Florian\u00f3polis.<\/p>\n<p data-start=\"471\" data-end=\"706\">A a\u00e7\u00e3o \u00e9 resultado da investiga\u00e7\u00e3o conduzida pela Delegacia de Repress\u00e3o a Roubos da Capital, ap\u00f3s o recente epis\u00f3dio envolvendo o Delegado-Geral da Pol\u00edcia Civil, que teve seu ve\u00edculo interceptado por criminosos enquanto trafegava por trecho que cruza a referida comunidade.<\/p>\n<p data-start=\"708\" data-end=\"987\">Durante o cumprimento das dilig\u00eancias, um dos investigados foi preso e conduzido \u00e0 unidade especializada da Pol\u00edcia Civil, onde prestou depoimento e, em seguida, foi encaminhado ao Sistema Prisional. As investiga\u00e7\u00f5es seguem em curso, com o objetivo de garantir a responsabiliza\u00e7\u00e3o de todos os envolvidos no crime.<\/p>\n<p><b>No v\u00eddeo, o delegado Guilherme Mariath da Delegacia de Repress\u00e3o a Roubos da Capital fala mais sobre o caso:<\/b><\/p>\t\t\t\t\t\t\t\t<\/div>\n\t\t\t\t<\/div>\n\t\t\t\t\t<\/div>\n\t\t<\/div>\n\t\t\t\t\t<\/div>\n\t\t<\/section>\n\t\t\t\t<section class=\"elementor-section elementor-top-section elementor-element elementor-element-7013eaa elementor-section-boxed elementor-section-height-default elementor-section-height-default\" data-id=\"7013eaa\" data-element_type=\"section\">\n\t\t\t\t\t\t<div class=\"elementor-container elementor-column-gap-default\">\n\t\t\t\t\t<div class=\"elementor-column elementor-col-100 elementor-top-column elementor-element elementor-element-d5638c4\" data-id=\"d5638c4\" data-element_type=\"column\">\n\t\t\t<div class=\"elementor-widget-wrap elementor-element-populated\">\n\t\t\t\t\t\t<div class=\"elementor-element elementor-element-ce2ee92 elementor-widget elementor-widget-video\" data-id=\"ce2ee92\" data-element_type=\"widget\" data-settings=\"{&quot;video_type&quot;:&quot;hosted&quot;,&quot;controls&quot;:&quot;yes&quot;}\" data-widget_type=\"video.default\">\n\t\t\t\t<div class=\"elementor-widget-container\">\n\t\t\t\t\t\t\t<div class=\"e-hosted-video elementor-wrapper elementor-open-inline\">\n\t\t\t\t\t<video class=\"elementor-video\" src=\"https:\/\/pc.sc.gov.br\/wp-content\/uploads\/2025\/06\/WhatsApp-Video-2025-06-18-at-14.04.48.mp4\" controls=\"\" preload=\"metadata\"><\/video>\n\t\t\t\t<\/div>\n\t\t\t\t\t\t<\/div>\n\t\t\t\t<\/div>\n\t\t\t\t\t<\/div>\n\t\t<\/div>\n\t\t\t\t\t<\/div>\n\t\t<\/section>\n\t\t\t\t<\/div>\n\t\t","protected":false},"excerpt":{"rendered":"<p>Pol\u00edcia Civil cumpre mandados no Morro do Hor\u00e1cio na Capital e um homem \u00e9 preso A Pol\u00edcia Civil de Santa Catarina, por meio do Departamento de Investiga\u00e7\u00e3o Criminal da Capital (DIC\/DRR), deflagrou, na manh\u00e3 desta quarta-feira (18\/06), uma opera\u00e7\u00e3o para o cumprimento de mandados de pris\u00e3o tempor\u00e1ria e de busca e apreens\u00e3o na comunidade do [&hellip;]<\/p>\n","protected":false},"author":5,"featured_media":29470,"comment_status":"closed","ping_status":"open","sticky":false,"template":"","format":"standard","meta":{"_monsterinsights_skip_tracking":false,"_monsterinsights_sitenote_active":false,"_monsterinsights_sitenote_note":"","_monsterinsights_sitenote_category":0,"footnotes":""},"categories":[1],"tags":[],"class_list":["post-29469","post","type-post","status-publish","format-standard","has-post-thumbnail","hentry","category-sem-categoria"],"_links":{"self":[{"href":"https:\/\/pc.sc.gov.br\/index.php?rest_route=\/wp\/v2\/posts\/29469","targetHints":{"allow":["GET"]}}],"collection":[{"href":"https:\/\/pc.sc.gov.br\/index.php?rest_route=\/wp\/v2\/posts"}],"about":[{"href":"https:\/\/pc.sc.gov.br\/index.php?rest_route=\/wp\/v2\/types\/post"}],"author":[{"embeddable":true,"href":"https:\/\/pc.sc.gov.br\/index.php?rest_route=\/wp\/v2\/users\/5"}],"replies":[{"embeddable":true,"href":"https:\/\/pc.sc.gov.br\/index.php?rest_route=%2Fwp%2Fv2%2Fcomments&post=29469"}],"version-history":[{"count":4,"href":"https:\/\/pc.sc.gov.br\/index.php?rest_route=\/wp\/v2\/posts\/29469\/revisions"}],"predecessor-version":[{"id":29476,"href":"https:\/\/pc.sc.gov.br\/index.php?rest_route=\/wp\/v2\/posts\/29469\/revisions\/29476"}],"wp:featuredmedia":[{"embeddable":true,"href":"https:\/\/pc.sc.gov.br\/index.php?rest_route=\/wp\/v2\/media\/29470"}],"wp:attachment":[{"href":"https:\/\/pc.sc.gov.br\/index.php?rest_route=%2Fwp%2Fv2%2Fmedia&parent=29469"}],"wp:term":[{"taxonomy":"category","embeddable":true,"href":"https:\/\/pc.sc.gov.br\/index.php?rest_route=%2Fwp%2Fv2%2Fcategories&post=29469"},{"taxonomy":"post_tag","embeddable":true,"href":"https:\/\/pc.sc.gov.br\/index.php?rest_route=%2Fwp%2Fv2%2Ftags&post=29469"}],"curies":[{"name":"wp","href":"https:\/\/api.w.org\/{rel}","templated":true}]}}