{"id":29477,"date":"2025-06-18T17:23:30","date_gmt":"2025-06-18T20:23:30","guid":{"rendered":"https:\/\/pc.sc.gov.br\/?p=29477"},"modified":"2025-06-18T17:24:32","modified_gmt":"2025-06-18T20:24:32","slug":"policia-civil-deflagra-2a-fase-de-operacao-e-apreende-drogas-e-estufas-de-skunk-em-florianopolis","status":"publish","type":"post","link":"https:\/\/pc.sc.gov.br\/?p=29477","title":{"rendered":"Pol\u00edcia Civil deflagra 2\u00aa fase de opera\u00e7\u00e3o e apreende drogas e estufas de skunk em Florian\u00f3polis"},"content":{"rendered":"\t\t<div data-elementor-type=\"wp-post\" data-elementor-id=\"29477\" class=\"elementor elementor-29477\" data-elementor-post-type=\"post\">\n\t\t\t\t\t\t<section class=\"elementor-section elementor-top-section elementor-element elementor-element-86ffb42 elementor-section-boxed elementor-section-height-default elementor-section-height-default\" data-id=\"86ffb42\" data-element_type=\"section\">\n\t\t\t\t\t\t<div class=\"elementor-container elementor-column-gap-default\">\n\t\t\t\t\t<div class=\"elementor-column elementor-col-100 elementor-top-column elementor-element elementor-element-72d53de\" data-id=\"72d53de\" data-element_type=\"column\">\n\t\t\t<div class=\"elementor-widget-wrap elementor-element-populated\">\n\t\t\t\t\t\t<div class=\"elementor-element elementor-element-90238a8 elementor-widget elementor-widget-heading\" data-id=\"90238a8\" data-element_type=\"widget\" data-widget_type=\"heading.default\">\n\t\t\t\t<div class=\"elementor-widget-container\">\n\t\t\t\t\t<h2 class=\"elementor-heading-title elementor-size-default\">Pol\u00edcia Civil deflagra 2\u00aa fase de opera\u00e7\u00e3o e apreende drogas e estufas de skunk em Florian\u00f3polis<\/h2>\t\t\t\t<\/div>\n\t\t\t\t<\/div>\n\t\t\t\t\t<\/div>\n\t\t<\/div>\n\t\t\t\t\t<\/div>\n\t\t<\/section>\n\t\t\t\t<section class=\"elementor-section elementor-top-section elementor-element elementor-element-86a4231 elementor-section-boxed elementor-section-height-default elementor-section-height-default\" data-id=\"86a4231\" data-element_type=\"section\">\n\t\t\t\t\t\t<div class=\"elementor-container elementor-column-gap-default\">\n\t\t\t\t\t<div class=\"elementor-column elementor-col-100 elementor-top-column elementor-element elementor-element-b299e55\" data-id=\"b299e55\" data-element_type=\"column\">\n\t\t\t<div class=\"elementor-widget-wrap elementor-element-populated\">\n\t\t\t\t\t\t<div class=\"elementor-element elementor-element-0dcaf09 elementor-widget elementor-widget-image\" data-id=\"0dcaf09\" data-element_type=\"widget\" data-widget_type=\"image.default\">\n\t\t\t\t<div class=\"elementor-widget-container\">\n\t\t\t\t\t\t\t\t\t\t\t\t\t\t\t<img fetchpriority=\"high\" decoding=\"async\" width=\"696\" height=\"522\" src=\"https:\/\/pc.sc.gov.br\/\/wp-content\/uploads\/2025\/06\/WhatsApp-Image-2025-06-18-at-16.43.09-1024x768.jpeg\" class=\"attachment-large size-large wp-image-29479\" alt=\"\" srcset=\"https:\/\/pc.sc.gov.br\/\/wp-content\/uploads\/2025\/06\/WhatsApp-Image-2025-06-18-at-16.43.09-1024x768.jpeg 1024w, https:\/\/pc.sc.gov.br\/\/wp-content\/uploads\/2025\/06\/WhatsApp-Image-2025-06-18-at-16.43.09-300x225.jpeg 300w, https:\/\/pc.sc.gov.br\/\/wp-content\/uploads\/2025\/06\/WhatsApp-Image-2025-06-18-at-16.43.09-768x576.jpeg 768w, https:\/\/pc.sc.gov.br\/\/wp-content\/uploads\/2025\/06\/WhatsApp-Image-2025-06-18-at-16.43.09.jpeg 1280w\" sizes=\"(max-width: 696px) 100vw, 696px\" \/>\t\t\t\t\t\t\t\t\t\t\t\t\t\t\t<\/div>\n\t\t\t\t<\/div>\n\t\t\t\t\t<\/div>\n\t\t<\/div>\n\t\t\t\t\t<\/div>\n\t\t<\/section>\n\t\t\t\t<section class=\"elementor-section elementor-top-section elementor-element elementor-element-9f4988d elementor-section-boxed elementor-section-height-default elementor-section-height-default\" data-id=\"9f4988d\" data-element_type=\"section\">\n\t\t\t\t\t\t<div class=\"elementor-container elementor-column-gap-default\">\n\t\t\t\t\t<div class=\"elementor-column elementor-col-100 elementor-top-column elementor-element elementor-element-eebc903\" data-id=\"eebc903\" data-element_type=\"column\">\n\t\t\t<div class=\"elementor-widget-wrap elementor-element-populated\">\n\t\t\t\t\t\t<div class=\"elementor-element elementor-element-307adbc elementor-widget elementor-widget-text-editor\" data-id=\"307adbc\" data-element_type=\"widget\" data-widget_type=\"text-editor.default\">\n\t\t\t\t<div class=\"elementor-widget-container\">\n\t\t\t\t\t\t\t\t\t<p>A Pol\u00edcia Civil de Santa Catarina, por meio da Delegacia de Combate \u00e0s Drogas do Departamento de Investiga\u00e7\u00e3o Criminal de Florian\u00f3polis (DECOD\/DIC), deflagrou, nos dias 17 e 18 de junho, a 2\u00aa fase da opera\u00e7\u00e3o, voltada \u00e0 repress\u00e3o qualificada \u00e0 produ\u00e7\u00e3o e ao tr\u00e1fico de drogas na capital catarinense.<br><br>A opera\u00e7\u00e3o teve in\u00edcio a partir de investiga\u00e7\u00f5es conduzidas pela especializada, que h\u00e1 dois meses identificou e localizou uma estufa de grande porte no bairro Praia da Daniela. O im\u00f3vel, de alto padr\u00e3o, havia sido adaptado para o cultivo intensivo de skunk e para a produ\u00e7\u00e3o de \u00f3leo de cannabis. Na 1\u00aa fase da a\u00e7\u00e3o, foram apreendidos cerca de 350 p\u00e9s de cannabis em diferentes est\u00e1gios de crescimento, al\u00e9m de aproximadamente 12 litros de \u00f3leo da droga e diversos equipamentos utilizados no processo de extra\u00e7\u00e3o e manufatura.<br><br>Com base no material probat\u00f3rio reunido, a DECOD avan\u00e7ou nas investiga\u00e7\u00f5es e deflagrou a 2\u00aa etapa da opera\u00e7\u00e3o, sendo expedidos sete mandados de busca e apreens\u00e3o e cinco mandados de pris\u00e3o tempor\u00e1ria. Foram cumpridos os mandados de busca e apreens\u00e3o em bairros das regi\u00f5es norte e sul da Ilha de Santa Catarina.<br><br>Durante as dilig\u00eancias, quatro indiv\u00edduos foram presos em flagrante, al\u00e9m do cumprimento de dois mandados de pris\u00f5es tempor\u00e1rios. Foram localizadas mais duas estufas clandestinas em funcionamento, bem como significativa quantidade de skunk, haxixe e \u00f3leo de cannabis.<br><br>A opera\u00e7\u00e3o contou com o apoio da Pol\u00edcia Penal do Estado de Santa Catarina, por meio de sua equipe especializada com c\u00e3es de faro.<br><br>A DECOD reitera o convite \u00e0 popula\u00e7\u00e3o para que participe. As informa\u00e7\u00f5es podem ser enviadas anonimamente por meio do n\u00famero 181, pelo WhatsApp da Pol\u00edcia Civil de Santa Catarina (48 98844-0011), ou diretamente \u00e0 DECOD no WhatsApp 3664-2948. <\/p>\t\t\t\t\t\t\t\t<\/div>\n\t\t\t\t<\/div>\n\t\t\t\t\t<\/div>\n\t\t<\/div>\n\t\t\t\t\t<\/div>\n\t\t<\/section>\n\t\t\t\t<section class=\"elementor-section elementor-top-section elementor-element elementor-element-7bef80c elementor-section-boxed elementor-section-height-default elementor-section-height-default\" data-id=\"7bef80c\" data-element_type=\"section\">\n\t\t\t\t\t\t<div class=\"elementor-container elementor-column-gap-default\">\n\t\t\t\t\t<div class=\"elementor-column elementor-col-100 elementor-top-column elementor-element elementor-element-e50cb76\" data-id=\"e50cb76\" data-element_type=\"column\">\n\t\t\t<div class=\"elementor-widget-wrap elementor-element-populated\">\n\t\t\t\t\t\t<div class=\"elementor-element elementor-element-c2023a8 elementor-widget elementor-widget-image\" data-id=\"c2023a8\" data-element_type=\"widget\" data-widget_type=\"image.default\">\n\t\t\t\t<div class=\"elementor-widget-container\">\n\t\t\t\t\t\t\t\t\t\t\t\t\t\t\t<img decoding=\"async\" width=\"696\" height=\"522\" src=\"https:\/\/pc.sc.gov.br\/\/wp-content\/uploads\/2025\/06\/WhatsApp-Image-2025-06-18-at-16.43.10-1024x768.jpeg\" class=\"attachment-large size-large wp-image-29478\" alt=\"\" srcset=\"https:\/\/pc.sc.gov.br\/\/wp-content\/uploads\/2025\/06\/WhatsApp-Image-2025-06-18-at-16.43.10-1024x768.jpeg 1024w, https:\/\/pc.sc.gov.br\/\/wp-content\/uploads\/2025\/06\/WhatsApp-Image-2025-06-18-at-16.43.10-300x225.jpeg 300w, https:\/\/pc.sc.gov.br\/\/wp-content\/uploads\/2025\/06\/WhatsApp-Image-2025-06-18-at-16.43.10-768x576.jpeg 768w, https:\/\/pc.sc.gov.br\/\/wp-content\/uploads\/2025\/06\/WhatsApp-Image-2025-06-18-at-16.43.10.jpeg 1280w\" sizes=\"(max-width: 696px) 100vw, 696px\" \/>\t\t\t\t\t\t\t\t\t\t\t\t\t\t\t<\/div>\n\t\t\t\t<\/div>\n\t\t\t\t\t<\/div>\n\t\t<\/div>\n\t\t\t\t\t<\/div>\n\t\t<\/section>\n\t\t\t\t<\/div>\n\t\t","protected":false},"excerpt":{"rendered":"<p>Pol\u00edcia Civil deflagra 2\u00aa fase de opera\u00e7\u00e3o e apreende drogas e estufas de skunk em Florian\u00f3polis A Pol\u00edcia Civil de Santa Catarina, por meio da Delegacia de Combate \u00e0s Drogas do Departamento de Investiga\u00e7\u00e3o Criminal de Florian\u00f3polis (DECOD\/DIC), deflagrou, nos dias 17 e 18 de junho, a 2\u00aa fase da opera\u00e7\u00e3o, voltada \u00e0 repress\u00e3o qualificada [&hellip;]<\/p>\n","protected":false},"author":5,"featured_media":29478,"comment_status":"closed","ping_status":"open","sticky":false,"template":"","format":"standard","meta":{"_monsterinsights_skip_tracking":false,"_monsterinsights_sitenote_active":false,"_monsterinsights_sitenote_note":"","_monsterinsights_sitenote_category":0,"footnotes":""},"categories":[1],"tags":[],"class_list":["post-29477","post","type-post","status-publish","format-standard","has-post-thumbnail","hentry","category-sem-categoria"],"_links":{"self":[{"href":"https:\/\/pc.sc.gov.br\/index.php?rest_route=\/wp\/v2\/posts\/29477","targetHints":{"allow":["GET"]}}],"collection":[{"href":"https:\/\/pc.sc.gov.br\/index.php?rest_route=\/wp\/v2\/posts"}],"about":[{"href":"https:\/\/pc.sc.gov.br\/index.php?rest_route=\/wp\/v2\/types\/post"}],"author":[{"embeddable":true,"href":"https:\/\/pc.sc.gov.br\/index.php?rest_route=\/wp\/v2\/users\/5"}],"replies":[{"embeddable":true,"href":"https:\/\/pc.sc.gov.br\/index.php?rest_route=%2Fwp%2Fv2%2Fcomments&post=29477"}],"version-history":[{"count":4,"href":"https:\/\/pc.sc.gov.br\/index.php?rest_route=\/wp\/v2\/posts\/29477\/revisions"}],"predecessor-version":[{"id":29483,"href":"https:\/\/pc.sc.gov.br\/index.php?rest_route=\/wp\/v2\/posts\/29477\/revisions\/29483"}],"wp:featuredmedia":[{"embeddable":true,"href":"https:\/\/pc.sc.gov.br\/index.php?rest_route=\/wp\/v2\/media\/29478"}],"wp:attachment":[{"href":"https:\/\/pc.sc.gov.br\/index.php?rest_route=%2Fwp%2Fv2%2Fmedia&parent=29477"}],"wp:term":[{"taxonomy":"category","embeddable":true,"href":"https:\/\/pc.sc.gov.br\/index.php?rest_route=%2Fwp%2Fv2%2Fcategories&post=29477"},{"taxonomy":"post_tag","embeddable":true,"href":"https:\/\/pc.sc.gov.br\/index.php?rest_route=%2Fwp%2Fv2%2Ftags&post=29477"}],"curies":[{"name":"wp","href":"https:\/\/api.w.org\/{rel}","templated":true}]}}