{"id":2949,"date":"2022-12-21T13:29:05","date_gmt":"2022-12-21T16:29:05","guid":{"rendered":"https:\/\/pc.sc.gov.br\/?p=2949"},"modified":"2022-12-21T13:36:40","modified_gmt":"2022-12-21T16:36:40","slug":"diretoria-da-policia-civil-da-regiao-oeste-divulga-numeros-dos-trabalhos-realizados-em-2022","status":"publish","type":"post","link":"https:\/\/pc.sc.gov.br\/?p=2949","title":{"rendered":"Diretoria da Pol\u00edcia Civil da regi\u00e3o Oeste divulga n\u00fameros dos trabalhos realizados em 2022"},"content":{"rendered":"\t\t<div data-elementor-type=\"wp-post\" data-elementor-id=\"2949\" class=\"elementor elementor-2949\" data-elementor-post-type=\"post\">\n\t\t\t\t\t\t<section class=\"elementor-section elementor-top-section elementor-element elementor-element-5a8a730 elementor-section-boxed elementor-section-height-default elementor-section-height-default\" data-id=\"5a8a730\" data-element_type=\"section\">\n\t\t\t\t\t\t<div class=\"elementor-container elementor-column-gap-default\">\n\t\t\t\t\t<div class=\"elementor-column elementor-col-100 elementor-top-column elementor-element elementor-element-66e1a93\" data-id=\"66e1a93\" data-element_type=\"column\">\n\t\t\t<div class=\"elementor-widget-wrap elementor-element-populated\">\n\t\t\t\t\t\t<div class=\"elementor-element elementor-element-54dd38f elementor-widget elementor-widget-heading\" data-id=\"54dd38f\" data-element_type=\"widget\" data-widget_type=\"heading.default\">\n\t\t\t\t<div class=\"elementor-widget-container\">\n\t\t\t\t\t<h2 class=\"elementor-heading-title elementor-size-default\">Diretoria da Pol\u00edcia Civil da regi\u00e3o Oeste divulga n\u00fameros dos trabalhos realizados em 2022<\/h2>\t\t\t\t<\/div>\n\t\t\t\t<\/div>\n\t\t\t\t<div class=\"elementor-element elementor-element-dcba2d8 elementor-widget elementor-widget-image\" data-id=\"dcba2d8\" data-element_type=\"widget\" data-widget_type=\"image.default\">\n\t\t\t\t<div class=\"elementor-widget-container\">\n\t\t\t\t\t\t\t\t\t\t\t\t\t\t\t<img fetchpriority=\"high\" decoding=\"async\" width=\"696\" height=\"392\" src=\"https:\/\/pc.sc.gov.br\/\/wp-content\/uploads\/2022\/12\/001_difron-1-1024x576.png\" class=\"attachment-large size-large wp-image-2930\" alt=\"\" srcset=\"https:\/\/pc.sc.gov.br\/\/wp-content\/uploads\/2022\/12\/001_difron-1-1024x576.png 1024w, https:\/\/pc.sc.gov.br\/\/wp-content\/uploads\/2022\/12\/001_difron-1-300x169.png 300w, https:\/\/pc.sc.gov.br\/\/wp-content\/uploads\/2022\/12\/001_difron-1-768x432.png 768w, https:\/\/pc.sc.gov.br\/\/wp-content\/uploads\/2022\/12\/001_difron-1-1536x864.png 1536w, https:\/\/pc.sc.gov.br\/\/wp-content\/uploads\/2022\/12\/001_difron-1.png 1920w\" sizes=\"(max-width: 696px) 100vw, 696px\" \/>\t\t\t\t\t\t\t\t\t\t\t\t\t\t\t<\/div>\n\t\t\t\t<\/div>\n\t\t\t\t<div class=\"elementor-element elementor-element-d874238 elementor-widget elementor-widget-text-editor\" data-id=\"d874238\" data-element_type=\"widget\" data-widget_type=\"text-editor.default\">\n\t\t\t\t<div class=\"elementor-widget-container\">\n\t\t\t\t\t\t\t\t\t<p>A Pol\u00edcia Civil, por meio da Diretoria de Pol\u00edcia da Fronteira (DIFRON\/PCSC), apresentou nesta quarta-feira (21) os indicadores de criminalidade referentes ao ano de 2022 na circunscri\u00e7\u00e3o das seis Delegarias Regionais de Pol\u00edcia de Chapec\u00f3, Xanxer\u00ea, Conc\u00f3rdia, S\u00e3o Louren\u00e7o do Oeste, Maravilha e S\u00e3o Miguel do Oeste, abrangendo os 89 munic\u00edpios da regi\u00e3o Oeste de Santa Catarina.<\/p><p>Os n\u00fameros divulgados demonstram um aumento de 239% no n\u00famero de opera\u00e7\u00f5es policiais, destacando-se os n\u00fameros de opera\u00e7\u00f5es realizadas pelas Delegacias Regionais de Pol\u00edcia de Xanxer\u00ea, Chapec\u00f3 e Maravilha, que alcan\u00e7aram, respectivamente, as tr\u00eas primeiras coloca\u00e7\u00f5es em n\u00fameros absolutos de opera\u00e7\u00e3o em todo o Estado. J\u00e1 no tocante ao n\u00famero de pris\u00f5es realizadas, registrou-se um aumento de 65%, totalizando 915 pris\u00f5es durante o ano.<\/p><p>Em rela\u00e7\u00e3o aos \u00edndices de criminalidade, registrou-se uma queda significativa em diversos indicadores, sobretudo \u00e0queles vinculados a crimes violentos, destacando-se a redu\u00e7\u00e3o de 50% nos \u00edndices de latroc\u00ednio, 40% nos \u00edndices de homic\u00eddios e 16% nos \u00edndices de roubos, representando dados referentes aos 89 munic\u00edpios que comp\u00f5em a regi\u00e3o Oeste.<\/p><p><strong>Opera\u00e7\u00e3o \u201cDifron Segura\u201d<\/strong><\/p><p>Destaca-se tamb\u00e9m que no ano de 2022 deu-se in\u00edcio \u00e0 opera\u00e7\u00e3o \u201cDifron Segura\u201d, uma opera\u00e7\u00e3o permanente criada pela Diretoria de Pol\u00edcia da Fronteira que foi deflagrada com o objetivo de cumprir mandados de pris\u00e3o em aberto e reprimir de forma qualificada diversos delitos no Oeste. Nas tr\u00eas fases da opera\u00e7\u00e3o \u201cDifron Segura\u201d foram cumpridos 302 mandados judiciais e 197 pessoas foram presas, resultando no preju\u00edzo aproximado ao crime de R$ 700.000,00. Frisa-se, por sua vez, que as pris\u00f5es realizadas durante a opera\u00e7\u00e3o representam aproximadamente 21,5% das pessoas presas em toda a regi\u00e3o Oeste no ano de 2022.<\/p><p>Em rela\u00e7\u00e3o \u00e0s melhorias estruturais junto \u00e0 Diretoria de Pol\u00edcia da Fronteira, no ano de 2022 ocorreu um incremento de 69 viaturas policiais, 30 policiais civis e 6 armas longas. \u201cOs indicadores na grande maioria s\u00e3o muito positivos, comprovando a efici\u00eancia do trabalho realizado pelos policiais civis da regi\u00e3o Oeste do Estado\u201d, afirma o diretor de pol\u00edcia da Fronteira, delegado de pol\u00edcia Fernando Callfass.<\/p>\t\t\t\t\t\t\t\t<\/div>\n\t\t\t\t<\/div>\n\t\t\t\t<div class=\"elementor-element elementor-element-1c60dc9 elementor-widget elementor-widget-image\" data-id=\"1c60dc9\" data-element_type=\"widget\" data-widget_type=\"image.default\">\n\t\t\t\t<div class=\"elementor-widget-container\">\n\t\t\t\t\t\t\t\t\t\t\t\t\t\t\t<img decoding=\"async\" width=\"696\" height=\"392\" src=\"https:\/\/pc.sc.gov.br\/\/wp-content\/uploads\/2022\/12\/002_difron-1-1024x576.png\" class=\"attachment-large size-large wp-image-2931\" alt=\"\" srcset=\"https:\/\/pc.sc.gov.br\/\/wp-content\/uploads\/2022\/12\/002_difron-1-1024x576.png 1024w, https:\/\/pc.sc.gov.br\/\/wp-content\/uploads\/2022\/12\/002_difron-1-300x169.png 300w, https:\/\/pc.sc.gov.br\/\/wp-content\/uploads\/2022\/12\/002_difron-1-768x432.png 768w, https:\/\/pc.sc.gov.br\/\/wp-content\/uploads\/2022\/12\/002_difron-1-1536x864.png 1536w, https:\/\/pc.sc.gov.br\/\/wp-content\/uploads\/2022\/12\/002_difron-1.png 1920w\" sizes=\"(max-width: 696px) 100vw, 696px\" \/>\t\t\t\t\t\t\t\t\t\t\t\t\t\t\t<\/div>\n\t\t\t\t<\/div>\n\t\t\t\t<div class=\"elementor-element elementor-element-8486879 elementor-widget elementor-widget-image\" data-id=\"8486879\" data-element_type=\"widget\" data-widget_type=\"image.default\">\n\t\t\t\t<div class=\"elementor-widget-container\">\n\t\t\t\t\t\t\t\t\t\t\t\t\t\t\t<img decoding=\"async\" width=\"696\" height=\"392\" src=\"https:\/\/pc.sc.gov.br\/\/wp-content\/uploads\/2022\/12\/003_difron-1-1024x576.png\" class=\"attachment-large size-large wp-image-2932\" alt=\"\" srcset=\"https:\/\/pc.sc.gov.br\/\/wp-content\/uploads\/2022\/12\/003_difron-1-1024x576.png 1024w, https:\/\/pc.sc.gov.br\/\/wp-content\/uploads\/2022\/12\/003_difron-1-300x169.png 300w, https:\/\/pc.sc.gov.br\/\/wp-content\/uploads\/2022\/12\/003_difron-1-768x432.png 768w, https:\/\/pc.sc.gov.br\/\/wp-content\/uploads\/2022\/12\/003_difron-1-1536x864.png 1536w, https:\/\/pc.sc.gov.br\/\/wp-content\/uploads\/2022\/12\/003_difron-1.png 1920w\" sizes=\"(max-width: 696px) 100vw, 696px\" \/>\t\t\t\t\t\t\t\t\t\t\t\t\t\t\t<\/div>\n\t\t\t\t<\/div>\n\t\t\t\t\t<\/div>\n\t\t<\/div>\n\t\t\t\t\t<\/div>\n\t\t<\/section>\n\t\t\t\t<\/div>\n\t\t","protected":false},"excerpt":{"rendered":"<p>Diretoria da Pol\u00edcia Civil da regi\u00e3o Oeste divulga n\u00fameros dos trabalhos realizados em 2022 A Pol\u00edcia Civil, por meio da Diretoria de Pol\u00edcia da Fronteira (DIFRON\/PCSC), apresentou nesta quarta-feira (21) os indicadores de criminalidade referentes ao ano de 2022 na circunscri\u00e7\u00e3o das seis Delegarias Regionais de Pol\u00edcia de Chapec\u00f3, Xanxer\u00ea, Conc\u00f3rdia, S\u00e3o Louren\u00e7o do Oeste, [&hellip;]<\/p>\n","protected":false},"author":5,"featured_media":2930,"comment_status":"closed","ping_status":"open","sticky":false,"template":"","format":"standard","meta":{"_monsterinsights_skip_tracking":false,"_monsterinsights_sitenote_active":false,"_monsterinsights_sitenote_note":"","_monsterinsights_sitenote_category":0,"footnotes":""},"categories":[1],"tags":[],"class_list":["post-2949","post","type-post","status-publish","format-standard","has-post-thumbnail","hentry","category-sem-categoria"],"_links":{"self":[{"href":"https:\/\/pc.sc.gov.br\/index.php?rest_route=\/wp\/v2\/posts\/2949","targetHints":{"allow":["GET"]}}],"collection":[{"href":"https:\/\/pc.sc.gov.br\/index.php?rest_route=\/wp\/v2\/posts"}],"about":[{"href":"https:\/\/pc.sc.gov.br\/index.php?rest_route=\/wp\/v2\/types\/post"}],"author":[{"embeddable":true,"href":"https:\/\/pc.sc.gov.br\/index.php?rest_route=\/wp\/v2\/users\/5"}],"replies":[{"embeddable":true,"href":"https:\/\/pc.sc.gov.br\/index.php?rest_route=%2Fwp%2Fv2%2Fcomments&post=2949"}],"version-history":[{"count":5,"href":"https:\/\/pc.sc.gov.br\/index.php?rest_route=\/wp\/v2\/posts\/2949\/revisions"}],"predecessor-version":[{"id":2955,"href":"https:\/\/pc.sc.gov.br\/index.php?rest_route=\/wp\/v2\/posts\/2949\/revisions\/2955"}],"wp:featuredmedia":[{"embeddable":true,"href":"https:\/\/pc.sc.gov.br\/index.php?rest_route=\/wp\/v2\/media\/2930"}],"wp:attachment":[{"href":"https:\/\/pc.sc.gov.br\/index.php?rest_route=%2Fwp%2Fv2%2Fmedia&parent=2949"}],"wp:term":[{"taxonomy":"category","embeddable":true,"href":"https:\/\/pc.sc.gov.br\/index.php?rest_route=%2Fwp%2Fv2%2Fcategories&post=2949"},{"taxonomy":"post_tag","embeddable":true,"href":"https:\/\/pc.sc.gov.br\/index.php?rest_route=%2Fwp%2Fv2%2Ftags&post=2949"}],"curies":[{"name":"wp","href":"https:\/\/api.w.org\/{rel}","templated":true}]}}