{"id":29505,"date":"2025-06-18T18:28:15","date_gmt":"2025-06-18T21:28:15","guid":{"rendered":"https:\/\/pc.sc.gov.br\/?p=29505"},"modified":"2025-06-18T18:29:27","modified_gmt":"2025-06-18T21:29:27","slug":"policia-civil-deflagra-operacao-responsa-para-desarticular-associacao-criminosa-especializada-no-roubo-de-veiculos-de-luxo-em-jaragua-do-sul","status":"publish","type":"post","link":"https:\/\/pc.sc.gov.br\/?p=29505","title":{"rendered":"Pol\u00edcia Civil deflagra opera\u00e7\u00e3o \u201cResponsa\u201d para desarticular associa\u00e7\u00e3o criminosa especializada no roubo de ve\u00edculos de luxo em Jaragu\u00e1 do Sul"},"content":{"rendered":"\t\t<div data-elementor-type=\"wp-post\" data-elementor-id=\"29505\" class=\"elementor elementor-29505\" data-elementor-post-type=\"post\">\n\t\t\t\t\t\t<section class=\"elementor-section elementor-top-section elementor-element elementor-element-6f39082 elementor-section-boxed elementor-section-height-default elementor-section-height-default\" data-id=\"6f39082\" data-element_type=\"section\">\n\t\t\t\t\t\t<div class=\"elementor-container elementor-column-gap-default\">\n\t\t\t\t\t<div class=\"elementor-column elementor-col-100 elementor-top-column elementor-element elementor-element-dda9c1c\" data-id=\"dda9c1c\" data-element_type=\"column\">\n\t\t\t<div class=\"elementor-widget-wrap elementor-element-populated\">\n\t\t\t\t\t\t<div class=\"elementor-element elementor-element-6496202 elementor-widget elementor-widget-heading\" data-id=\"6496202\" data-element_type=\"widget\" data-widget_type=\"heading.default\">\n\t\t\t\t<div class=\"elementor-widget-container\">\n\t\t\t\t\t<h2 class=\"elementor-heading-title elementor-size-default\">Pol\u00edcia Civil deflagra opera\u00e7\u00e3o \u201cResponsa\u201d para desarticular associa\u00e7\u00e3o criminosa especializada no roubo de ve\u00edculos de luxo em Jaragu\u00e1 do Sul <\/h2>\t\t\t\t<\/div>\n\t\t\t\t<\/div>\n\t\t\t\t\t<\/div>\n\t\t<\/div>\n\t\t\t\t\t<\/div>\n\t\t<\/section>\n\t\t\t\t<section class=\"elementor-section elementor-top-section elementor-element elementor-element-6b47287 elementor-section-boxed elementor-section-height-default elementor-section-height-default\" data-id=\"6b47287\" data-element_type=\"section\">\n\t\t\t\t\t\t<div class=\"elementor-container elementor-column-gap-default\">\n\t\t\t\t\t<div class=\"elementor-column elementor-col-100 elementor-top-column elementor-element elementor-element-e6ee397\" data-id=\"e6ee397\" data-element_type=\"column\">\n\t\t\t<div class=\"elementor-widget-wrap elementor-element-populated\">\n\t\t\t\t\t\t<div class=\"elementor-element elementor-element-66e1160 elementor-widget elementor-widget-image\" data-id=\"66e1160\" data-element_type=\"widget\" data-widget_type=\"image.default\">\n\t\t\t\t<div class=\"elementor-widget-container\">\n\t\t\t\t\t\t\t\t\t\t\t\t\t\t\t<img fetchpriority=\"high\" decoding=\"async\" width=\"696\" height=\"391\" src=\"https:\/\/pc.sc.gov.br\/\/wp-content\/uploads\/2025\/06\/WhatsApp-Image-2025-06-17-at-18.17.00-1024x575.jpeg\" class=\"attachment-large size-large wp-image-29506\" alt=\"\" srcset=\"https:\/\/pc.sc.gov.br\/\/wp-content\/uploads\/2025\/06\/WhatsApp-Image-2025-06-17-at-18.17.00-1024x575.jpeg 1024w, https:\/\/pc.sc.gov.br\/\/wp-content\/uploads\/2025\/06\/WhatsApp-Image-2025-06-17-at-18.17.00-300x169.jpeg 300w, https:\/\/pc.sc.gov.br\/\/wp-content\/uploads\/2025\/06\/WhatsApp-Image-2025-06-17-at-18.17.00-768x432.jpeg 768w, https:\/\/pc.sc.gov.br\/\/wp-content\/uploads\/2025\/06\/WhatsApp-Image-2025-06-17-at-18.17.00-1536x863.jpeg 1536w, https:\/\/pc.sc.gov.br\/\/wp-content\/uploads\/2025\/06\/WhatsApp-Image-2025-06-17-at-18.17.00.jpeg 1600w\" sizes=\"(max-width: 696px) 100vw, 696px\" \/>\t\t\t\t\t\t\t\t\t\t\t\t\t\t\t<\/div>\n\t\t\t\t<\/div>\n\t\t\t\t\t<\/div>\n\t\t<\/div>\n\t\t\t\t\t<\/div>\n\t\t<\/section>\n\t\t\t\t<section class=\"elementor-section elementor-top-section elementor-element elementor-element-4c9fd18 elementor-section-boxed elementor-section-height-default elementor-section-height-default\" data-id=\"4c9fd18\" data-element_type=\"section\">\n\t\t\t\t\t\t<div class=\"elementor-container elementor-column-gap-default\">\n\t\t\t\t\t<div class=\"elementor-column elementor-col-100 elementor-top-column elementor-element elementor-element-32600ba\" data-id=\"32600ba\" data-element_type=\"column\">\n\t\t\t<div class=\"elementor-widget-wrap elementor-element-populated\">\n\t\t\t\t\t\t<div class=\"elementor-element elementor-element-eb9ac6b elementor-widget elementor-widget-text-editor\" data-id=\"eb9ac6b\" data-element_type=\"widget\" data-widget_type=\"text-editor.default\">\n\t\t\t\t<div class=\"elementor-widget-container\">\n\t\t\t\t\t\t\t\t\t<p>Na ter\u00e7a-feira (17\/06), a Pol\u00edcia Civil de Santa Catarina, por meio da Divis\u00e3o de Investiga\u00e7\u00e3o Criminal (DIC) de Jaragu\u00e1 do Sul, deflagrou a opera\u00e7\u00e3o &#8220;Responsa&#8221;, visando desarticular uma associa\u00e7\u00e3o criminosa especializada no roubo de ve\u00edculos de luxo.<br><span style=\"letter-spacing: -0.2px;\"><br>A opera\u00e7\u00e3o resultou no cumprimento de 12 mandados de pris\u00e3o preventiva e 11 mandados de busca e apreens\u00e3o, todos na cidade de Joinville (SC). O grupo criminoso foi respons\u00e1vel por tentativa de roubo ocorrida no dia 22 de abril de 2025, quando um grupo de pessoas armadas tentaram subtrair nove ve\u00edculos de luxo de uma garagem de autom\u00f3veis localizada em Jaragu\u00e1 do Sul. No entanto, a consuma\u00e7\u00e3o do crime foi impedida pela a\u00e7\u00e3o das for\u00e7as de seguran\u00e7a da regi\u00e3o, que perseguiram e cercaram os criminosos imediatamente ap\u00f3s a subtra\u00e7\u00e3o dos ve\u00edculos.<br><\/span><span style=\"letter-spacing: -0.2px;\"><br>Diante do fato, a DIC de Jaragu\u00e1 do Sul instaurou inqu\u00e9rito para apurar a a\u00e7\u00e3o criminosa. A investiga\u00e7\u00e3o demonstrou que al\u00e9m dos presos no dia do assalto, outras 12 pessoas participaram diretamente do roubo.<br><\/span><span style=\"letter-spacing: -0.2px;\"><br>Na data desta ter\u00e7a-feira (17\/06), dando cumprimento a mandados de pris\u00e3o expedidos pelo Poder Judici\u00e1rio e contando com cerca de 40 policiais da 15\u00aa Delegacia Regional, dez indiv\u00edduos foram presos e outros dois continuam sendo procurados.<br><\/span><span style=\"letter-spacing: -0.2px;\"><br>De acordo com o delegado respons\u00e1vel pela investiga\u00e7\u00e3o, Cal\u00e9u Mello, \u201ca opera\u00e7\u00e3o \u00e9 fruto de um trabalho intenso de investiga\u00e7\u00e3o e intelig\u00eancia policial, que teve como objetivo n\u00e3o apenas esclarecer o crime, mas tamb\u00e9m desarticular toda a cadeia criminosa envolvida\u201d.<\/span><\/p>\t\t\t\t\t\t\t\t<\/div>\n\t\t\t\t<\/div>\n\t\t\t\t\t<\/div>\n\t\t<\/div>\n\t\t\t\t\t<\/div>\n\t\t<\/section>\n\t\t\t\t<\/div>\n\t\t","protected":false},"excerpt":{"rendered":"<p>Pol\u00edcia Civil deflagra opera\u00e7\u00e3o \u201cResponsa\u201d para desarticular associa\u00e7\u00e3o criminosa especializada no roubo de ve\u00edculos de luxo em Jaragu\u00e1 do Sul Na ter\u00e7a-feira (17\/06), a Pol\u00edcia Civil de Santa Catarina, por meio da Divis\u00e3o de Investiga\u00e7\u00e3o Criminal (DIC) de Jaragu\u00e1 do Sul, deflagrou a opera\u00e7\u00e3o &#8220;Responsa&#8221;, visando desarticular uma associa\u00e7\u00e3o criminosa especializada no roubo de ve\u00edculos [&hellip;]<\/p>\n","protected":false},"author":5,"featured_media":29506,"comment_status":"closed","ping_status":"open","sticky":false,"template":"","format":"standard","meta":{"_monsterinsights_skip_tracking":false,"_monsterinsights_sitenote_active":false,"_monsterinsights_sitenote_note":"","_monsterinsights_sitenote_category":0,"footnotes":""},"categories":[1],"tags":[],"class_list":["post-29505","post","type-post","status-publish","format-standard","has-post-thumbnail","hentry","category-sem-categoria"],"_links":{"self":[{"href":"https:\/\/pc.sc.gov.br\/index.php?rest_route=\/wp\/v2\/posts\/29505","targetHints":{"allow":["GET"]}}],"collection":[{"href":"https:\/\/pc.sc.gov.br\/index.php?rest_route=\/wp\/v2\/posts"}],"about":[{"href":"https:\/\/pc.sc.gov.br\/index.php?rest_route=\/wp\/v2\/types\/post"}],"author":[{"embeddable":true,"href":"https:\/\/pc.sc.gov.br\/index.php?rest_route=\/wp\/v2\/users\/5"}],"replies":[{"embeddable":true,"href":"https:\/\/pc.sc.gov.br\/index.php?rest_route=%2Fwp%2Fv2%2Fcomments&post=29505"}],"version-history":[{"count":7,"href":"https:\/\/pc.sc.gov.br\/index.php?rest_route=\/wp\/v2\/posts\/29505\/revisions"}],"predecessor-version":[{"id":29513,"href":"https:\/\/pc.sc.gov.br\/index.php?rest_route=\/wp\/v2\/posts\/29505\/revisions\/29513"}],"wp:featuredmedia":[{"embeddable":true,"href":"https:\/\/pc.sc.gov.br\/index.php?rest_route=\/wp\/v2\/media\/29506"}],"wp:attachment":[{"href":"https:\/\/pc.sc.gov.br\/index.php?rest_route=%2Fwp%2Fv2%2Fmedia&parent=29505"}],"wp:term":[{"taxonomy":"category","embeddable":true,"href":"https:\/\/pc.sc.gov.br\/index.php?rest_route=%2Fwp%2Fv2%2Fcategories&post=29505"},{"taxonomy":"post_tag","embeddable":true,"href":"https:\/\/pc.sc.gov.br\/index.php?rest_route=%2Fwp%2Fv2%2Ftags&post=29505"}],"curies":[{"name":"wp","href":"https:\/\/api.w.org\/{rel}","templated":true}]}}