{"id":29518,"date":"2025-06-24T15:48:54","date_gmt":"2025-06-24T18:48:54","guid":{"rendered":"https:\/\/pc.sc.gov.br\/?p=29518"},"modified":"2025-06-24T15:50:08","modified_gmt":"2025-06-24T18:50:08","slug":"policia-civil-deflagra-operacao-contra-organizacao-criminosa-especializada-em-crimes-de-furtos-e-roubos-de-cargas-e-de-estabelecimentos-comerciais","status":"publish","type":"post","link":"https:\/\/pc.sc.gov.br\/?p=29518","title":{"rendered":"Pol\u00edcia Civil deflagra opera\u00e7\u00e3o contra organiza\u00e7\u00e3o criminosa especializada em crimes de furtos e roubos de cargas e de estabelecimentos comerciais"},"content":{"rendered":"\t\t<div data-elementor-type=\"wp-post\" data-elementor-id=\"29518\" class=\"elementor elementor-29518\" data-elementor-post-type=\"post\">\n\t\t\t\t\t\t<section class=\"elementor-section elementor-top-section elementor-element elementor-element-eb764a0 elementor-section-boxed elementor-section-height-default elementor-section-height-default\" data-id=\"eb764a0\" data-element_type=\"section\">\n\t\t\t\t\t\t<div class=\"elementor-container elementor-column-gap-default\">\n\t\t\t\t\t<div class=\"elementor-column elementor-col-100 elementor-top-column elementor-element elementor-element-c948575\" data-id=\"c948575\" data-element_type=\"column\">\n\t\t\t<div class=\"elementor-widget-wrap elementor-element-populated\">\n\t\t\t\t\t\t<div class=\"elementor-element elementor-element-b1eca89 elementor-widget elementor-widget-heading\" data-id=\"b1eca89\" data-element_type=\"widget\" data-widget_type=\"heading.default\">\n\t\t\t\t<div class=\"elementor-widget-container\">\n\t\t\t\t\t<h2 class=\"elementor-heading-title elementor-size-default\">Pol\u00edcia Civil deflagra opera\u00e7\u00e3o contra organiza\u00e7\u00e3o criminosa especializada em crimes de furtos e roubos de cargas e de estabelecimentos comerciais<\/h2>\t\t\t\t<\/div>\n\t\t\t\t<\/div>\n\t\t\t\t\t<\/div>\n\t\t<\/div>\n\t\t\t\t\t<\/div>\n\t\t<\/section>\n\t\t\t\t<section class=\"elementor-section elementor-top-section elementor-element elementor-element-84ac391 elementor-section-boxed elementor-section-height-default elementor-section-height-default\" data-id=\"84ac391\" data-element_type=\"section\">\n\t\t\t\t\t\t<div class=\"elementor-container elementor-column-gap-default\">\n\t\t\t\t\t<div class=\"elementor-column elementor-col-100 elementor-top-column elementor-element elementor-element-235cb63\" data-id=\"235cb63\" data-element_type=\"column\">\n\t\t\t<div class=\"elementor-widget-wrap elementor-element-populated\">\n\t\t\t\t\t\t<div class=\"elementor-element elementor-element-f3b7e38 elementor-widget elementor-widget-image\" data-id=\"f3b7e38\" data-element_type=\"widget\" data-widget_type=\"image.default\">\n\t\t\t\t<div class=\"elementor-widget-container\">\n\t\t\t\t\t\t\t\t\t\t\t\t\t\t\t<img fetchpriority=\"high\" decoding=\"async\" width=\"696\" height=\"392\" src=\"https:\/\/pc.sc.gov.br\/\/wp-content\/uploads\/2025\/06\/WhatsApp-Image-2025-06-24-at-14.20.01-1024x576.jpeg\" class=\"attachment-large size-large wp-image-29520\" alt=\"\" srcset=\"https:\/\/pc.sc.gov.br\/\/wp-content\/uploads\/2025\/06\/WhatsApp-Image-2025-06-24-at-14.20.01-1024x576.jpeg 1024w, https:\/\/pc.sc.gov.br\/\/wp-content\/uploads\/2025\/06\/WhatsApp-Image-2025-06-24-at-14.20.01-300x169.jpeg 300w, https:\/\/pc.sc.gov.br\/\/wp-content\/uploads\/2025\/06\/WhatsApp-Image-2025-06-24-at-14.20.01-768x432.jpeg 768w, https:\/\/pc.sc.gov.br\/\/wp-content\/uploads\/2025\/06\/WhatsApp-Image-2025-06-24-at-14.20.01.jpeg 1280w\" sizes=\"(max-width: 696px) 100vw, 696px\" \/>\t\t\t\t\t\t\t\t\t\t\t\t\t\t\t<\/div>\n\t\t\t\t<\/div>\n\t\t\t\t\t<\/div>\n\t\t<\/div>\n\t\t\t\t\t<\/div>\n\t\t<\/section>\n\t\t\t\t<section class=\"elementor-section elementor-top-section elementor-element elementor-element-3717221 elementor-section-boxed elementor-section-height-default elementor-section-height-default\" data-id=\"3717221\" data-element_type=\"section\">\n\t\t\t\t\t\t<div class=\"elementor-container elementor-column-gap-default\">\n\t\t\t\t\t<div class=\"elementor-column elementor-col-100 elementor-top-column elementor-element elementor-element-d0dbbe7\" data-id=\"d0dbbe7\" data-element_type=\"column\">\n\t\t\t<div class=\"elementor-widget-wrap elementor-element-populated\">\n\t\t\t\t\t\t<div class=\"elementor-element elementor-element-4dbdfb7 elementor-widget elementor-widget-text-editor\" data-id=\"4dbdfb7\" data-element_type=\"widget\" data-widget_type=\"text-editor.default\">\n\t\t\t\t<div class=\"elementor-widget-container\">\n\t\t\t\t\t\t\t\t\t<p>Nesta ter\u00e7a-feira (24\/06), a Pol\u00edcia Civil de Santa Catarina, por meio da Delegacia de Furtos e Roubos de Cargas da Diretoria Estadual de Investiga\u00e7\u00f5es Criminais (DFRC\/DEIC), deflagrou opera\u00e7\u00e3o policial com o objetivo de cumprir onze mandados de preventiva e vinte mandados de busca e apreens\u00e3o contra uma organiza\u00e7\u00e3o criminosa especializada em furtos e roubos de cargas e estabelecimentos comerciais, com atua\u00e7\u00e3o principalmente na regi\u00e3o norte de Santa Catarina.<\/p><p>Em meados de mar\u00e7o deste ano, foi registrado um roubo de uma carga de pe\u00e7as automotivas no munic\u00edpio de Balne\u00e1rio Pi\u00e7arras. Dias ap\u00f3s, os policiais DFRC\/DEIC, com o aux\u00edlio de policiais civis de S\u00e3o Francisco do Sul e de Barra Velha, localizaram e recuperaram a carga subtra\u00edda no interior de um galp\u00e3o situado em S\u00e3o Francisco do Sul.<\/p><p>No mesmo local, os policiais ainda localizaram parte de outra carga de eletrodom\u00e9sticos que foi subtra\u00edda em janeiro do corrente ano no munic\u00edpio de Guaramirim, al\u00e9m de dois semirreboques com registro de furto e com placas falsas, totalizando quase R$2.000.000,00 (dois milh\u00f5es de reais) em objetos recuperados.<\/p><p>Em seguida, a DFRC\/DEIC realizou uma s\u00e9rie de dilig\u00eancias e identificou uma organiza\u00e7\u00e3o criminosa especializada em furtos, roubos e recepta\u00e7\u00f5es de cargas e de estabelecimentos comerciais e adultera\u00e7\u00f5es de sinais identificadores. Nesse sentido, foi poss\u00edvel comprovar que a organiza\u00e7\u00e3o criminosa corrompeu o motorista que alegou ter sido assaltado em Balne\u00e1rio Pi\u00e7arras, sendo comprovado que ele, na verdade, desviou a carga em proveito da organiza\u00e7\u00e3o.<\/p><p>Al\u00e9m disso, foi poss\u00edvel comprovar que a mesma organiza\u00e7\u00e3o foi a respons\u00e1vel por receptar uma carga subtra\u00edda em janeiro no munic\u00edpio de Guaramirim e por subtrair uma carga de frango no estado do Paran\u00e1. Ainda, foi demonstrado que a mesma organiza\u00e7\u00e3o foi respons\u00e1vel por subtrair centenas de objetos de dois estabelecimentos comerciais situados em Araquari e pela revenda de tais objetos.<\/p><p>Para corroborar o exposto, apurou-se que a organiza\u00e7\u00e3o criminosa tamb\u00e9m contava com uma empresa de transportes constitu\u00edda para lavar o dinheiro obtido ilicitamente e, da mesma forma, que alguns membros tamb\u00e9m utilizavam o nome de familiares com o mesmo objetivo.<\/p><p>Diante dos elementos colhidos, a DFRC\/DEIC representou ao Poder Judici\u00e1rio de S\u00e3o Francisco do Sul pela decreta\u00e7\u00e3o da pris\u00e3o preventiva de onze autores, pela concess\u00e3o de 20 mandados de busca e apreens\u00e3o e pela inser\u00e7\u00e3o de restri\u00e7\u00e3o de circula\u00e7\u00e3o em pelo menos 10(dez) ve\u00edculos, incluindo 03(tr\u00eas) caminh\u00f5es-tratores, 05(cinco) semirreboques e 02(dois) ve\u00edculos automotores, pedidos estes que foram acolhidos pelo Poder Judici\u00e1rio ap\u00f3s manifesta\u00e7\u00e3o favor\u00e1vel do Minist\u00e9rio P\u00fablico.<\/p><p>Na presente data, os policiais civis deram cumprimento aos mandados de pris\u00e3o e de busca e apreens\u00e3o nas cidades de S\u00e3o Francisco do Sul, Joinville, Araquari, Os\u00f3rio\/RS e Gravata\u00ed\/RS, sendo recuperados diversos itens subtra\u00eddos. Al\u00e9m disso, foram apreendidas dezenas de muni\u00e7\u00f5es, diversos celulares e uma vultosa quantia de dinheiro em esp\u00e9cie na resid\u00eancia de um dos investigados.<\/p><p>Participaram da opera\u00e7\u00e3o policiais civis de diversas unidades da DEIC, das DRP de Joinville, Jaragu\u00e1 do Sul e Ararangu\u00e1, al\u00e9m de policiais civis de Os\u00f3rio e Gravata\u00ed.<\/p><p>As investiga\u00e7\u00f5es prosseguem com a an\u00e1lise de todo o material colhido na opera\u00e7\u00e3o, sendo que os autores poder\u00e3o responder pela pr\u00e1tica dos crimes de organiza\u00e7\u00e3o criminosa, furto qualificado, roubo majorado, recepta\u00e7\u00e3o qualificada, adultera\u00e7\u00e3o de sinal identificador de ve\u00edculo automotor e lavagem de dinheiro.<\/p>\t\t\t\t\t\t\t\t<\/div>\n\t\t\t\t<\/div>\n\t\t\t\t\t<\/div>\n\t\t<\/div>\n\t\t\t\t\t<\/div>\n\t\t<\/section>\n\t\t\t\t<section class=\"elementor-section elementor-top-section elementor-element elementor-element-5f116e3 elementor-section-boxed elementor-section-height-default elementor-section-height-default\" data-id=\"5f116e3\" data-element_type=\"section\">\n\t\t\t\t\t\t<div class=\"elementor-container elementor-column-gap-default\">\n\t\t\t\t\t<div class=\"elementor-column elementor-col-100 elementor-top-column elementor-element elementor-element-1850509\" data-id=\"1850509\" data-element_type=\"column\">\n\t\t\t<div class=\"elementor-widget-wrap elementor-element-populated\">\n\t\t\t\t\t\t<div class=\"elementor-element elementor-element-ad07550 elementor-widget elementor-widget-image\" data-id=\"ad07550\" data-element_type=\"widget\" data-widget_type=\"image.default\">\n\t\t\t\t<div class=\"elementor-widget-container\">\n\t\t\t\t\t\t\t\t\t\t\t\t\t\t\t<img decoding=\"async\" width=\"576\" height=\"1024\" src=\"https:\/\/pc.sc.gov.br\/\/wp-content\/uploads\/2025\/06\/WhatsApp-Image-2025-06-24-at-14.20.00-576x1024.jpeg\" class=\"attachment-large size-large wp-image-29521\" alt=\"\" srcset=\"https:\/\/pc.sc.gov.br\/\/wp-content\/uploads\/2025\/06\/WhatsApp-Image-2025-06-24-at-14.20.00-576x1024.jpeg 576w, https:\/\/pc.sc.gov.br\/\/wp-content\/uploads\/2025\/06\/WhatsApp-Image-2025-06-24-at-14.20.00-169x300.jpeg 169w, https:\/\/pc.sc.gov.br\/\/wp-content\/uploads\/2025\/06\/WhatsApp-Image-2025-06-24-at-14.20.00-768x1365.jpeg 768w, https:\/\/pc.sc.gov.br\/\/wp-content\/uploads\/2025\/06\/WhatsApp-Image-2025-06-24-at-14.20.00-864x1536.jpeg 864w, https:\/\/pc.sc.gov.br\/\/wp-content\/uploads\/2025\/06\/WhatsApp-Image-2025-06-24-at-14.20.00.jpeg 900w\" sizes=\"(max-width: 576px) 100vw, 576px\" \/>\t\t\t\t\t\t\t\t\t\t\t\t\t\t\t<\/div>\n\t\t\t\t<\/div>\n\t\t\t\t\t<\/div>\n\t\t<\/div>\n\t\t\t\t\t<\/div>\n\t\t<\/section>\n\t\t\t\t<section class=\"elementor-section elementor-top-section elementor-element elementor-element-ea21370 elementor-section-boxed elementor-section-height-default elementor-section-height-default\" data-id=\"ea21370\" data-element_type=\"section\">\n\t\t\t\t\t\t<div class=\"elementor-container elementor-column-gap-default\">\n\t\t\t\t\t<div class=\"elementor-column elementor-col-100 elementor-top-column elementor-element elementor-element-04ba376\" data-id=\"04ba376\" data-element_type=\"column\">\n\t\t\t<div class=\"elementor-widget-wrap elementor-element-populated\">\n\t\t\t\t\t\t<div class=\"elementor-element elementor-element-9ffddde elementor-widget elementor-widget-image\" data-id=\"9ffddde\" data-element_type=\"widget\" data-widget_type=\"image.default\">\n\t\t\t\t<div class=\"elementor-widget-container\">\n\t\t\t\t\t\t\t\t\t\t\t\t\t\t\t<img decoding=\"async\" width=\"696\" height=\"928\" src=\"https:\/\/pc.sc.gov.br\/\/wp-content\/uploads\/2025\/06\/WhatsApp-Image-2025-06-24-at-14.20.02-768x1024.jpeg\" class=\"attachment-large size-large wp-image-29519\" alt=\"\" srcset=\"https:\/\/pc.sc.gov.br\/\/wp-content\/uploads\/2025\/06\/WhatsApp-Image-2025-06-24-at-14.20.02-768x1024.jpeg 768w, https:\/\/pc.sc.gov.br\/\/wp-content\/uploads\/2025\/06\/WhatsApp-Image-2025-06-24-at-14.20.02-225x300.jpeg 225w, https:\/\/pc.sc.gov.br\/\/wp-content\/uploads\/2025\/06\/WhatsApp-Image-2025-06-24-at-14.20.02-1152x1536.jpeg 1152w, https:\/\/pc.sc.gov.br\/\/wp-content\/uploads\/2025\/06\/WhatsApp-Image-2025-06-24-at-14.20.02.jpeg 1200w\" sizes=\"(max-width: 696px) 100vw, 696px\" \/>\t\t\t\t\t\t\t\t\t\t\t\t\t\t\t<\/div>\n\t\t\t\t<\/div>\n\t\t\t\t\t<\/div>\n\t\t<\/div>\n\t\t\t\t\t<\/div>\n\t\t<\/section>\n\t\t\t\t<\/div>\n\t\t","protected":false},"excerpt":{"rendered":"<p>Pol\u00edcia Civil deflagra opera\u00e7\u00e3o contra organiza\u00e7\u00e3o criminosa especializada em crimes de furtos e roubos de cargas e de estabelecimentos comerciais Nesta ter\u00e7a-feira (24\/06), a Pol\u00edcia Civil de Santa Catarina, por meio da Delegacia de Furtos e Roubos de Cargas da Diretoria Estadual de Investiga\u00e7\u00f5es Criminais (DFRC\/DEIC), deflagrou opera\u00e7\u00e3o policial com o objetivo de cumprir onze [&hellip;]<\/p>\n","protected":false},"author":5,"featured_media":29521,"comment_status":"closed","ping_status":"open","sticky":false,"template":"","format":"standard","meta":{"_monsterinsights_skip_tracking":false,"_monsterinsights_sitenote_active":false,"_monsterinsights_sitenote_note":"","_monsterinsights_sitenote_category":0,"footnotes":""},"categories":[1],"tags":[],"class_list":["post-29518","post","type-post","status-publish","format-standard","has-post-thumbnail","hentry","category-sem-categoria"],"_links":{"self":[{"href":"https:\/\/pc.sc.gov.br\/index.php?rest_route=\/wp\/v2\/posts\/29518","targetHints":{"allow":["GET"]}}],"collection":[{"href":"https:\/\/pc.sc.gov.br\/index.php?rest_route=\/wp\/v2\/posts"}],"about":[{"href":"https:\/\/pc.sc.gov.br\/index.php?rest_route=\/wp\/v2\/types\/post"}],"author":[{"embeddable":true,"href":"https:\/\/pc.sc.gov.br\/index.php?rest_route=\/wp\/v2\/users\/5"}],"replies":[{"embeddable":true,"href":"https:\/\/pc.sc.gov.br\/index.php?rest_route=%2Fwp%2Fv2%2Fcomments&post=29518"}],"version-history":[{"count":4,"href":"https:\/\/pc.sc.gov.br\/index.php?rest_route=\/wp\/v2\/posts\/29518\/revisions"}],"predecessor-version":[{"id":29525,"href":"https:\/\/pc.sc.gov.br\/index.php?rest_route=\/wp\/v2\/posts\/29518\/revisions\/29525"}],"wp:featuredmedia":[{"embeddable":true,"href":"https:\/\/pc.sc.gov.br\/index.php?rest_route=\/wp\/v2\/media\/29521"}],"wp:attachment":[{"href":"https:\/\/pc.sc.gov.br\/index.php?rest_route=%2Fwp%2Fv2%2Fmedia&parent=29518"}],"wp:term":[{"taxonomy":"category","embeddable":true,"href":"https:\/\/pc.sc.gov.br\/index.php?rest_route=%2Fwp%2Fv2%2Fcategories&post=29518"},{"taxonomy":"post_tag","embeddable":true,"href":"https:\/\/pc.sc.gov.br\/index.php?rest_route=%2Fwp%2Fv2%2Ftags&post=29518"}],"curies":[{"name":"wp","href":"https:\/\/api.w.org\/{rel}","templated":true}]}}