{"id":29526,"date":"2025-06-24T17:34:21","date_gmt":"2025-06-24T20:34:21","guid":{"rendered":"https:\/\/pc.sc.gov.br\/?p=29526"},"modified":"2025-06-24T17:40:35","modified_gmt":"2025-06-24T20:40:35","slug":"policia-civil-divulga-resultados-da-operacao-festa-do-pinhao-2025-e-evento-termina-sem-ocorrencias-em-lages","status":"publish","type":"post","link":"https:\/\/pc.sc.gov.br\/?p=29526","title":{"rendered":"Pol\u00edcia Civil divulga resultados da opera\u00e7\u00e3o \u201cFesta do Pinh\u00e3o 2025\u201d e evento termina sem ocorr\u00eancias em Lages"},"content":{"rendered":"\t\t<div data-elementor-type=\"wp-post\" data-elementor-id=\"29526\" class=\"elementor elementor-29526\" data-elementor-post-type=\"post\">\n\t\t\t\t\t\t<section class=\"elementor-section elementor-top-section elementor-element elementor-element-c8506a1 elementor-section-boxed elementor-section-height-default elementor-section-height-default\" data-id=\"c8506a1\" data-element_type=\"section\">\n\t\t\t\t\t\t<div class=\"elementor-container elementor-column-gap-default\">\n\t\t\t\t\t<div class=\"elementor-column elementor-col-100 elementor-top-column elementor-element elementor-element-0d84bfa\" data-id=\"0d84bfa\" data-element_type=\"column\">\n\t\t\t<div class=\"elementor-widget-wrap elementor-element-populated\">\n\t\t\t\t\t\t<div class=\"elementor-element elementor-element-7972b11 elementor-widget elementor-widget-heading\" data-id=\"7972b11\" data-element_type=\"widget\" data-widget_type=\"heading.default\">\n\t\t\t\t<div class=\"elementor-widget-container\">\n\t\t\t\t\t<h2 class=\"elementor-heading-title elementor-size-default\">Pol\u00edcia Civil divulga resultados da opera\u00e7\u00e3o \u201cFesta do Pinh\u00e3o 2025\u201d e evento termina sem ocorr\u00eancias em Lages<\/h2>\t\t\t\t<\/div>\n\t\t\t\t<\/div>\n\t\t\t\t\t<\/div>\n\t\t<\/div>\n\t\t\t\t\t<\/div>\n\t\t<\/section>\n\t\t\t\t<section class=\"elementor-section elementor-top-section elementor-element elementor-element-02eae34 elementor-section-boxed elementor-section-height-default elementor-section-height-default\" data-id=\"02eae34\" data-element_type=\"section\">\n\t\t\t\t\t\t<div class=\"elementor-container elementor-column-gap-default\">\n\t\t\t\t\t<div class=\"elementor-column elementor-col-100 elementor-top-column elementor-element elementor-element-ff24de4\" data-id=\"ff24de4\" data-element_type=\"column\">\n\t\t\t<div class=\"elementor-widget-wrap elementor-element-populated\">\n\t\t\t\t\t\t<div class=\"elementor-element elementor-element-4a88473 elementor-widget elementor-widget-image\" data-id=\"4a88473\" data-element_type=\"widget\" data-widget_type=\"image.default\">\n\t\t\t\t<div class=\"elementor-widget-container\">\n\t\t\t\t\t\t\t\t\t\t\t\t\t\t\t<img fetchpriority=\"high\" decoding=\"async\" width=\"696\" height=\"464\" src=\"https:\/\/pc.sc.gov.br\/\/wp-content\/uploads\/2025\/06\/54572234501_8a31880052_c.jpg\" class=\"attachment-large size-large wp-image-29527\" alt=\"\" srcset=\"https:\/\/pc.sc.gov.br\/\/wp-content\/uploads\/2025\/06\/54572234501_8a31880052_c.jpg 799w, https:\/\/pc.sc.gov.br\/\/wp-content\/uploads\/2025\/06\/54572234501_8a31880052_c-300x200.jpg 300w, https:\/\/pc.sc.gov.br\/\/wp-content\/uploads\/2025\/06\/54572234501_8a31880052_c-768x512.jpg 768w\" sizes=\"(max-width: 696px) 100vw, 696px\" \/>\t\t\t\t\t\t\t\t\t\t\t\t\t\t\t<\/div>\n\t\t\t\t<\/div>\n\t\t\t\t\t<\/div>\n\t\t<\/div>\n\t\t\t\t\t<\/div>\n\t\t<\/section>\n\t\t\t\t<section class=\"elementor-section elementor-top-section elementor-element elementor-element-af1e149 elementor-section-boxed elementor-section-height-default elementor-section-height-default\" data-id=\"af1e149\" data-element_type=\"section\">\n\t\t\t\t\t\t<div class=\"elementor-container elementor-column-gap-default\">\n\t\t\t\t\t<div class=\"elementor-column elementor-col-100 elementor-top-column elementor-element elementor-element-6f8d987\" data-id=\"6f8d987\" data-element_type=\"column\">\n\t\t\t<div class=\"elementor-widget-wrap elementor-element-populated\">\n\t\t\t\t\t\t<div class=\"elementor-element elementor-element-39c5ccc elementor-widget elementor-widget-text-editor\" data-id=\"39c5ccc\" data-element_type=\"widget\" data-widget_type=\"text-editor.default\">\n\t\t\t\t<div class=\"elementor-widget-container\">\n\t\t\t\t\t\t\t\t\t<p>A Pol\u00edcia Civil de Santa Catarina, por meio da 8\u00aa Delegacia Regional de Pol\u00edcia de Lages, divulgou nesta segunda-feira (23\/06) o balan\u00e7o das a\u00e7\u00f5es realizadas durante a 35\u00aa Festa Nacional do Pinh\u00e3o, que ocorreu entre os dias 6 e 22 de junho, no munic\u00edpio de Lages, na Serra Catarinense.<\/p>\n<p>A opera\u00e7\u00e3o contou com o empenho de 60 policiais civis, entre servidores da regi\u00e3o e efetivo convocado especialmente para a opera\u00e7\u00e3o. Al\u00e9m de manter as atividades rotineiras da institui\u00e7\u00e3o, a Pol\u00edcia Civil atuou diretamente na seguran\u00e7a e fiscaliza\u00e7\u00e3o do evento.<\/p>\n<p>Um dos destaques da opera\u00e7\u00e3o \u00e9 que <span data-start=\"783\" data-end=\"945\" style=\"\">n\u00e3o foi registrado nenhum procedimento policial relacionado a ocorr\u00eancias dentro da \u00e1rea do parque da festa nem no est\u00e1dio onde aconteceram os shows nacionais<\/span>.<\/p>\n<p><strong>Alvar\u00e1s e licen\u00e7as<\/strong><\/p>\n<p>Foram expedidos dois alvar\u00e1s especiais vinculados \u00e0 realiza\u00e7\u00e3o da festa, garantindo que os estabelecimentos e atividades comerciais atuassem dentro da legalidade.<\/p>\n<p><strong>Ocorr\u00eancias durante o evento<\/strong><\/p>\n<p>Durante os dias de evento, nenhum procedimento policial foi lavrado na Central de Pol\u00edcia relacionado diretamente \u00e0 \u00e1rea da Festa do Pinh\u00e3o, indicando que a presen\u00e7a ostensiva das for\u00e7as de seguran\u00e7a contribuiu para a preven\u00e7\u00e3o de crimes no per\u00edmetro do parque.<\/p>\n<p>J\u00e1 na Central Regional de Plant\u00e3o Policial, foram registrados 42 procedimentos, incluindo dois autos de apreens\u00e3o de adolescentes e 40 autos de pris\u00e3o em flagrante.<\/p>\n<p><strong>Atua\u00e7\u00e3o integrada<\/strong><\/p>\n<p>A delegada regional de Lages, Luciana Rodermel, destacou a import\u00e2ncia da atua\u00e7\u00e3o integrada entre os \u00f3rg\u00e3os de seguran\u00e7a para o \u00eaxito da opera\u00e7\u00e3o e ressaltou que o planejamento antecipado e a presen\u00e7a qualificada dos agentes contribu\u00edram para a redu\u00e7\u00e3o de crimes no entorno do evento.<\/p>\t\t\t\t\t\t\t\t<\/div>\n\t\t\t\t<\/div>\n\t\t\t\t\t<\/div>\n\t\t<\/div>\n\t\t\t\t\t<\/div>\n\t\t<\/section>\n\t\t\t\t<section class=\"elementor-section elementor-top-section elementor-element elementor-element-a660757 elementor-section-boxed elementor-section-height-default elementor-section-height-default\" data-id=\"a660757\" data-element_type=\"section\">\n\t\t\t\t\t\t<div class=\"elementor-container elementor-column-gap-default\">\n\t\t\t\t\t<div class=\"elementor-column elementor-col-100 elementor-top-column elementor-element elementor-element-f5a6be4\" data-id=\"f5a6be4\" data-element_type=\"column\">\n\t\t\t<div class=\"elementor-widget-wrap elementor-element-populated\">\n\t\t\t\t\t\t<div class=\"elementor-element elementor-element-76babfb elementor-widget elementor-widget-image\" data-id=\"76babfb\" data-element_type=\"widget\" data-widget_type=\"image.default\">\n\t\t\t\t<div class=\"elementor-widget-container\">\n\t\t\t\t\t\t\t\t\t\t\t\t\t\t\t<img decoding=\"async\" width=\"696\" height=\"928\" src=\"https:\/\/pc.sc.gov.br\/\/wp-content\/uploads\/2025\/06\/WhatsApp-Image-2025-06-24-at-17.35.27-768x1024.jpeg\" class=\"attachment-large size-large wp-image-29532\" alt=\"\" srcset=\"https:\/\/pc.sc.gov.br\/\/wp-content\/uploads\/2025\/06\/WhatsApp-Image-2025-06-24-at-17.35.27-768x1024.jpeg 768w, https:\/\/pc.sc.gov.br\/\/wp-content\/uploads\/2025\/06\/WhatsApp-Image-2025-06-24-at-17.35.27-225x300.jpeg 225w, https:\/\/pc.sc.gov.br\/\/wp-content\/uploads\/2025\/06\/WhatsApp-Image-2025-06-24-at-17.35.27-1152x1536.jpeg 1152w, https:\/\/pc.sc.gov.br\/\/wp-content\/uploads\/2025\/06\/WhatsApp-Image-2025-06-24-at-17.35.27.jpeg 1200w\" sizes=\"(max-width: 696px) 100vw, 696px\" \/>\t\t\t\t\t\t\t\t\t\t\t\t\t\t\t<\/div>\n\t\t\t\t<\/div>\n\t\t\t\t\t<\/div>\n\t\t<\/div>\n\t\t\t\t\t<\/div>\n\t\t<\/section>\n\t\t\t\t<\/div>\n\t\t","protected":false},"excerpt":{"rendered":"<p>Pol\u00edcia Civil divulga resultados da opera\u00e7\u00e3o \u201cFesta do Pinh\u00e3o 2025\u201d e evento termina sem ocorr\u00eancias em Lages A Pol\u00edcia Civil de Santa Catarina, por meio da 8\u00aa Delegacia Regional de Pol\u00edcia de Lages, divulgou nesta segunda-feira (23\/06) o balan\u00e7o das a\u00e7\u00f5es realizadas durante a 35\u00aa Festa Nacional do Pinh\u00e3o, que ocorreu entre os dias 6 [&hellip;]<\/p>\n","protected":false},"author":5,"featured_media":29527,"comment_status":"closed","ping_status":"open","sticky":false,"template":"","format":"standard","meta":{"_monsterinsights_skip_tracking":false,"_monsterinsights_sitenote_active":false,"_monsterinsights_sitenote_note":"","_monsterinsights_sitenote_category":0,"footnotes":""},"categories":[1],"tags":[],"class_list":["post-29526","post","type-post","status-publish","format-standard","has-post-thumbnail","hentry","category-sem-categoria"],"_links":{"self":[{"href":"https:\/\/pc.sc.gov.br\/index.php?rest_route=\/wp\/v2\/posts\/29526","targetHints":{"allow":["GET"]}}],"collection":[{"href":"https:\/\/pc.sc.gov.br\/index.php?rest_route=\/wp\/v2\/posts"}],"about":[{"href":"https:\/\/pc.sc.gov.br\/index.php?rest_route=\/wp\/v2\/types\/post"}],"author":[{"embeddable":true,"href":"https:\/\/pc.sc.gov.br\/index.php?rest_route=\/wp\/v2\/users\/5"}],"replies":[{"embeddable":true,"href":"https:\/\/pc.sc.gov.br\/index.php?rest_route=%2Fwp%2Fv2%2Fcomments&post=29526"}],"version-history":[{"count":7,"href":"https:\/\/pc.sc.gov.br\/index.php?rest_route=\/wp\/v2\/posts\/29526\/revisions"}],"predecessor-version":[{"id":29535,"href":"https:\/\/pc.sc.gov.br\/index.php?rest_route=\/wp\/v2\/posts\/29526\/revisions\/29535"}],"wp:featuredmedia":[{"embeddable":true,"href":"https:\/\/pc.sc.gov.br\/index.php?rest_route=\/wp\/v2\/media\/29527"}],"wp:attachment":[{"href":"https:\/\/pc.sc.gov.br\/index.php?rest_route=%2Fwp%2Fv2%2Fmedia&parent=29526"}],"wp:term":[{"taxonomy":"category","embeddable":true,"href":"https:\/\/pc.sc.gov.br\/index.php?rest_route=%2Fwp%2Fv2%2Fcategories&post=29526"},{"taxonomy":"post_tag","embeddable":true,"href":"https:\/\/pc.sc.gov.br\/index.php?rest_route=%2Fwp%2Fv2%2Ftags&post=29526"}],"curies":[{"name":"wp","href":"https:\/\/api.w.org\/{rel}","templated":true}]}}