{"id":29548,"date":"2025-06-25T16:33:42","date_gmt":"2025-06-25T19:33:42","guid":{"rendered":"https:\/\/pc.sc.gov.br\/?p=29548"},"modified":"2025-06-25T16:34:36","modified_gmt":"2025-06-25T19:34:36","slug":"policia-civil-apreende-armas-de-fogo-municoes-e-silenciador-em-navegantes","status":"publish","type":"post","link":"https:\/\/pc.sc.gov.br\/?p=29548","title":{"rendered":"Pol\u00edcia Civil apreende armas de fogo, muni\u00e7\u00f5es e silenciador em Navegantes"},"content":{"rendered":"\t\t<div data-elementor-type=\"wp-post\" data-elementor-id=\"29548\" class=\"elementor elementor-29548\" data-elementor-post-type=\"post\">\n\t\t\t\t\t\t<section class=\"elementor-section elementor-top-section elementor-element elementor-element-f37031a elementor-section-boxed elementor-section-height-default elementor-section-height-default\" data-id=\"f37031a\" data-element_type=\"section\">\n\t\t\t\t\t\t<div class=\"elementor-container elementor-column-gap-default\">\n\t\t\t\t\t<div class=\"elementor-column elementor-col-100 elementor-top-column elementor-element elementor-element-afcb466\" data-id=\"afcb466\" data-element_type=\"column\">\n\t\t\t<div class=\"elementor-widget-wrap elementor-element-populated\">\n\t\t\t\t\t\t<div class=\"elementor-element elementor-element-3e5eaca elementor-widget elementor-widget-heading\" data-id=\"3e5eaca\" data-element_type=\"widget\" data-widget_type=\"heading.default\">\n\t\t\t\t<div class=\"elementor-widget-container\">\n\t\t\t\t\t<h2 class=\"elementor-heading-title elementor-size-default\">Pol\u00edcia Civil apreende armas de fogo, muni\u00e7\u00f5es e silenciador em Navegantes<\/h2>\t\t\t\t<\/div>\n\t\t\t\t<\/div>\n\t\t\t\t\t<\/div>\n\t\t<\/div>\n\t\t\t\t\t<\/div>\n\t\t<\/section>\n\t\t\t\t<section class=\"elementor-section elementor-top-section elementor-element elementor-element-7241c13 elementor-section-boxed elementor-section-height-default elementor-section-height-default\" data-id=\"7241c13\" data-element_type=\"section\">\n\t\t\t\t\t\t<div class=\"elementor-container elementor-column-gap-default\">\n\t\t\t\t\t<div class=\"elementor-column elementor-col-100 elementor-top-column elementor-element elementor-element-d46784e\" data-id=\"d46784e\" data-element_type=\"column\">\n\t\t\t<div class=\"elementor-widget-wrap elementor-element-populated\">\n\t\t\t\t\t\t<div class=\"elementor-element elementor-element-621ad2b elementor-widget elementor-widget-image\" data-id=\"621ad2b\" data-element_type=\"widget\" data-widget_type=\"image.default\">\n\t\t\t\t<div class=\"elementor-widget-container\">\n\t\t\t\t\t\t\t\t\t\t\t\t\t\t\t<img fetchpriority=\"high\" decoding=\"async\" width=\"696\" height=\"404\" src=\"https:\/\/pc.sc.gov.br\/\/wp-content\/uploads\/2025\/05\/54556333709_8b72d1c43b_c-e1761332681406.jpg\" class=\"attachment-large size-large wp-image-29110\" alt=\"\" srcset=\"https:\/\/pc.sc.gov.br\/\/wp-content\/uploads\/2025\/05\/54556333709_8b72d1c43b_c-e1761332681406.jpg 789w, https:\/\/pc.sc.gov.br\/\/wp-content\/uploads\/2025\/05\/54556333709_8b72d1c43b_c-e1761332681406-300x174.jpg 300w, https:\/\/pc.sc.gov.br\/\/wp-content\/uploads\/2025\/05\/54556333709_8b72d1c43b_c-e1761332681406-768x446.jpg 768w\" sizes=\"(max-width: 696px) 100vw, 696px\" \/>\t\t\t\t\t\t\t\t\t\t\t\t\t\t\t<\/div>\n\t\t\t\t<\/div>\n\t\t\t\t\t<\/div>\n\t\t<\/div>\n\t\t\t\t\t<\/div>\n\t\t<\/section>\n\t\t\t\t<section class=\"elementor-section elementor-top-section elementor-element elementor-element-a960486 elementor-section-boxed elementor-section-height-default elementor-section-height-default\" data-id=\"a960486\" data-element_type=\"section\">\n\t\t\t\t\t\t<div class=\"elementor-container elementor-column-gap-default\">\n\t\t\t\t\t<div class=\"elementor-column elementor-col-100 elementor-top-column elementor-element elementor-element-a471c75\" data-id=\"a471c75\" data-element_type=\"column\">\n\t\t\t<div class=\"elementor-widget-wrap elementor-element-populated\">\n\t\t\t\t\t\t<div class=\"elementor-element elementor-element-646c11d elementor-widget elementor-widget-text-editor\" data-id=\"646c11d\" data-element_type=\"widget\" data-widget_type=\"text-editor.default\">\n\t\t\t\t<div class=\"elementor-widget-container\">\n\t\t\t\t\t\t\t\t\t<p>Na segunda-feira (23\/06), a Pol\u00edcia Civil de Santa Catarina, por meio da Delegacia de Pol\u00edcia da Comarca de Navegantes, cumpriu mandado de busca e apreens\u00e3o, que resultou na apreens\u00e3o de quatro armas de fogo, 125 muni\u00e7\u00f5es e um supressor de ru\u00eddos (silenciador).<\/p><p><strong>Entenda o caso<\/strong><\/p><p>Ap\u00f3s o registro de boletim de ocorr\u00eancia sobre disparos de arma de fogo \u2013 inclusive resultando em um c\u00e3o ferido \u2013, amea\u00e7a e viola\u00e7\u00e3o de domic\u00edlio, foi instaurado inqu\u00e9rito policial.<\/p><p>O procedimento policial ser\u00e1 finalizado nos pr\u00f3ximos dias e o investigado est\u00e1 sendo indiciado pela pr\u00e1tica dos crimes de disparo de arma de fogo em via p\u00fablica, amea\u00e7a, viola\u00e7\u00e3o de domic\u00edlio e porte ilegal de arma de fogo e acess\u00f3rios.<\/p><p><strong>Investiga\u00e7\u00e3o que gera resultado<\/strong><\/p><p>Somente neste ano, os trabalhos de investiga\u00e7\u00e3o da DPCo de Navegantes resultaram na apreens\u00e3o de dez armas de fogo, visando tornar o munic\u00edpio mais seguro.<\/p><p>A Pol\u00edcia Civil mant\u00e9m canais de comunica\u00e7\u00e3o com a sociedade e informa\u00e7\u00f5es podem ser repassadas por meio dos telefones 181. O anonimato \u00e9 garantido.<\/p>\t\t\t\t\t\t\t\t<\/div>\n\t\t\t\t<\/div>\n\t\t\t\t\t<\/div>\n\t\t<\/div>\n\t\t\t\t\t<\/div>\n\t\t<\/section>\n\t\t\t\t<\/div>\n\t\t","protected":false},"excerpt":{"rendered":"<p>Pol\u00edcia Civil apreende armas de fogo, muni\u00e7\u00f5es e silenciador em Navegantes Na segunda-feira (23\/06), a Pol\u00edcia Civil de Santa Catarina, por meio da Delegacia de Pol\u00edcia da Comarca de Navegantes, cumpriu mandado de busca e apreens\u00e3o, que resultou na apreens\u00e3o de quatro armas de fogo, 125 muni\u00e7\u00f5es e um supressor de ru\u00eddos (silenciador). Entenda o [&hellip;]<\/p>\n","protected":false},"author":5,"featured_media":29110,"comment_status":"closed","ping_status":"open","sticky":false,"template":"","format":"standard","meta":{"_monsterinsights_skip_tracking":false,"_monsterinsights_sitenote_active":false,"_monsterinsights_sitenote_note":"","_monsterinsights_sitenote_category":0,"footnotes":""},"categories":[1],"tags":[],"class_list":["post-29548","post","type-post","status-publish","format-standard","has-post-thumbnail","hentry","category-sem-categoria"],"_links":{"self":[{"href":"https:\/\/pc.sc.gov.br\/index.php?rest_route=\/wp\/v2\/posts\/29548","targetHints":{"allow":["GET"]}}],"collection":[{"href":"https:\/\/pc.sc.gov.br\/index.php?rest_route=\/wp\/v2\/posts"}],"about":[{"href":"https:\/\/pc.sc.gov.br\/index.php?rest_route=\/wp\/v2\/types\/post"}],"author":[{"embeddable":true,"href":"https:\/\/pc.sc.gov.br\/index.php?rest_route=\/wp\/v2\/users\/5"}],"replies":[{"embeddable":true,"href":"https:\/\/pc.sc.gov.br\/index.php?rest_route=%2Fwp%2Fv2%2Fcomments&post=29548"}],"version-history":[{"count":4,"href":"https:\/\/pc.sc.gov.br\/index.php?rest_route=\/wp\/v2\/posts\/29548\/revisions"}],"predecessor-version":[{"id":29552,"href":"https:\/\/pc.sc.gov.br\/index.php?rest_route=\/wp\/v2\/posts\/29548\/revisions\/29552"}],"wp:featuredmedia":[{"embeddable":true,"href":"https:\/\/pc.sc.gov.br\/index.php?rest_route=\/wp\/v2\/media\/29110"}],"wp:attachment":[{"href":"https:\/\/pc.sc.gov.br\/index.php?rest_route=%2Fwp%2Fv2%2Fmedia&parent=29548"}],"wp:term":[{"taxonomy":"category","embeddable":true,"href":"https:\/\/pc.sc.gov.br\/index.php?rest_route=%2Fwp%2Fv2%2Fcategories&post=29548"},{"taxonomy":"post_tag","embeddable":true,"href":"https:\/\/pc.sc.gov.br\/index.php?rest_route=%2Fwp%2Fv2%2Ftags&post=29548"}],"curies":[{"name":"wp","href":"https:\/\/api.w.org\/{rel}","templated":true}]}}