{"id":29559,"date":"2025-06-25T17:49:02","date_gmt":"2025-06-25T20:49:02","guid":{"rendered":"https:\/\/pc.sc.gov.br\/?p=29559"},"modified":"2025-06-25T17:49:45","modified_gmt":"2025-06-25T20:49:45","slug":"acao-conjunta-entre-policia-civil-e-vigilancia-sanitaria-interdita-laboratorio-clandestino-de-producao-de-refis-para-cigarros-eletronicos-na-capital","status":"publish","type":"post","link":"https:\/\/pc.sc.gov.br\/?p=29559","title":{"rendered":"A\u00e7\u00e3o conjunta entre Pol\u00edcia Civil e Vigil\u00e2ncia Sanit\u00e1ria interdita laborat\u00f3rio clandestino de produ\u00e7\u00e3o de refis para cigarros eletr\u00f4nicos na Capital"},"content":{"rendered":"\t\t<div data-elementor-type=\"wp-post\" data-elementor-id=\"29559\" class=\"elementor elementor-29559\" data-elementor-post-type=\"post\">\n\t\t\t\t\t\t<section class=\"elementor-section elementor-top-section elementor-element elementor-element-04d271b elementor-section-boxed elementor-section-height-default elementor-section-height-default\" data-id=\"04d271b\" data-element_type=\"section\">\n\t\t\t\t\t\t<div class=\"elementor-container elementor-column-gap-default\">\n\t\t\t\t\t<div class=\"elementor-column elementor-col-100 elementor-top-column elementor-element elementor-element-baf8e66\" data-id=\"baf8e66\" data-element_type=\"column\">\n\t\t\t<div class=\"elementor-widget-wrap elementor-element-populated\">\n\t\t\t\t\t\t<div class=\"elementor-element elementor-element-95ddf77 elementor-widget elementor-widget-heading\" data-id=\"95ddf77\" data-element_type=\"widget\" data-widget_type=\"heading.default\">\n\t\t\t\t<div class=\"elementor-widget-container\">\n\t\t\t\t\t<h2 class=\"elementor-heading-title elementor-size-default\">A\u00e7\u00e3o conjunta entre Pol\u00edcia Civil e Vigil\u00e2ncia Sanit\u00e1ria interdita laborat\u00f3rio clandestino de produ\u00e7\u00e3o de refis para cigarros eletr\u00f4nicos na Capital<\/h2>\t\t\t\t<\/div>\n\t\t\t\t<\/div>\n\t\t\t\t\t<\/div>\n\t\t<\/div>\n\t\t\t\t\t<\/div>\n\t\t<\/section>\n\t\t\t\t<section class=\"elementor-section elementor-top-section elementor-element elementor-element-02f86d8 elementor-section-boxed elementor-section-height-default elementor-section-height-default\" data-id=\"02f86d8\" data-element_type=\"section\">\n\t\t\t\t\t\t<div class=\"elementor-container elementor-column-gap-default\">\n\t\t\t\t\t<div class=\"elementor-column elementor-col-100 elementor-top-column elementor-element elementor-element-c72de52\" data-id=\"c72de52\" data-element_type=\"column\">\n\t\t\t<div class=\"elementor-widget-wrap elementor-element-populated\">\n\t\t\t\t\t\t<div class=\"elementor-element elementor-element-dbee610 elementor-widget elementor-widget-image\" data-id=\"dbee610\" data-element_type=\"widget\" data-widget_type=\"image.default\">\n\t\t\t\t<div class=\"elementor-widget-container\">\n\t\t\t\t\t\t\t\t\t\t\t\t\t\t\t<img fetchpriority=\"high\" decoding=\"async\" width=\"696\" height=\"928\" src=\"https:\/\/pc.sc.gov.br\/\/wp-content\/uploads\/2025\/06\/WhatsApp-Image-2025-06-25-at-10.22.27-768x1024.jpeg\" class=\"attachment-large size-large wp-image-29560\" alt=\"\" srcset=\"https:\/\/pc.sc.gov.br\/\/wp-content\/uploads\/2025\/06\/WhatsApp-Image-2025-06-25-at-10.22.27-768x1024.jpeg 768w, https:\/\/pc.sc.gov.br\/\/wp-content\/uploads\/2025\/06\/WhatsApp-Image-2025-06-25-at-10.22.27-225x300.jpeg 225w, https:\/\/pc.sc.gov.br\/\/wp-content\/uploads\/2025\/06\/WhatsApp-Image-2025-06-25-at-10.22.27-1152x1536.jpeg 1152w, https:\/\/pc.sc.gov.br\/\/wp-content\/uploads\/2025\/06\/WhatsApp-Image-2025-06-25-at-10.22.27.jpeg 1200w\" sizes=\"(max-width: 696px) 100vw, 696px\" \/>\t\t\t\t\t\t\t\t\t\t\t\t\t\t\t<\/div>\n\t\t\t\t<\/div>\n\t\t\t\t\t<\/div>\n\t\t<\/div>\n\t\t\t\t\t<\/div>\n\t\t<\/section>\n\t\t\t\t<section class=\"elementor-section elementor-top-section elementor-element elementor-element-7dbd466 elementor-section-boxed elementor-section-height-default elementor-section-height-default\" data-id=\"7dbd466\" data-element_type=\"section\">\n\t\t\t\t\t\t<div class=\"elementor-container elementor-column-gap-default\">\n\t\t\t\t\t<div class=\"elementor-column elementor-col-100 elementor-top-column elementor-element elementor-element-4dfd7cb\" data-id=\"4dfd7cb\" data-element_type=\"column\">\n\t\t\t<div class=\"elementor-widget-wrap elementor-element-populated\">\n\t\t\t\t\t\t<div class=\"elementor-element elementor-element-51830df elementor-widget elementor-widget-text-editor\" data-id=\"51830df\" data-element_type=\"widget\" data-widget_type=\"text-editor.default\">\n\t\t\t\t<div class=\"elementor-widget-container\">\n\t\t\t\t\t\t\t\t\t<p>Em a\u00e7\u00e3o conjunta, a Pol\u00edcia Civil de Santa Catarina e a Prefeitura de Florian\u00f3polis interditaram, na noite desta segunda-feira (23), um laborat\u00f3rio clandestino de produ\u00e7\u00e3o de ess\u00eancias para cigarros eletr\u00f4nicos, localizado nos fundos de uma tabacaria no bairro Agron\u00f4mica, na Capital. A a\u00e7\u00e3o foi coordenada pela Vigil\u00e2ncia Sanit\u00e1ria, com apoio da Delegacia de Combate \u00e0s Drogas da Capital, da 5\u00aa Delegacia de Pol\u00edcia da Capital e da Guarda Municipal da Capital, e integra um conjunto de medidas de fiscaliza\u00e7\u00e3o para coibir o com\u00e9rcio ilegal de dispositivos eletr\u00f4nicos para fumo.<\/p><p>O espa\u00e7o operava de forma totalmente irregular, com fabrica\u00e7\u00e3o artesanal de refis, sem qualquer controle sanit\u00e1rio, registro na ANVISA ou garantia de proced\u00eancia dos materiais. Durante a opera\u00e7\u00e3o, foram apreendidos 336 cartuchos de ess\u00eancias, aproximadamente 25 dispositivos eletr\u00f4nicos (vapes), al\u00e9m de uma caixa com acess\u00f3rios, gal\u00f5es com subst\u00e2ncias n\u00e3o identificadas, equipamentos, r\u00f3tulos e embalagens utilizadas na produ\u00e7\u00e3o.<\/p><p>O uso e a comercializa\u00e7\u00e3o de cigarros eletr\u00f4nicos s\u00e3o proibidos no Brasil desde 2009, conforme a Resolu\u00e7\u00e3o da Diretoria Colegiada (RDC) n\u00ba 46 da Ag\u00eancia Nacional de Vigil\u00e2ncia Sanit\u00e1ria. A norma pro\u00edbe a fabrica\u00e7\u00e3o, importa\u00e7\u00e3o, comercializa\u00e7\u00e3o, distribui\u00e7\u00e3o e propaganda desses produtos em todo o territ\u00f3rio nacional.<\/p><p>\u00a0\u201cO uso desses dispositivos representa s\u00e9rios riscos \u00e0 sa\u00fade, podendo causar doen\u00e7as respirat\u00f3rias, cardiovasculares, depend\u00eancia qu\u00edmica e at\u00e9 danos pulmonares irrevers\u00edveis. A a\u00e7\u00e3o refor\u00e7a o compromisso do munic\u00edpio em garantir a seguran\u00e7a sanit\u00e1ria da popula\u00e7\u00e3o e evitar a sobrecarga do sistema de sa\u00fade\u201d, destaca a diretora de Vigil\u00e2ncia Sanit\u00e1ria, Ambiental e Epidemiol\u00f3gica de Florian\u00f3polis, Lani Martinello.<\/p><p>Os materiais apreendidos foram encaminhados \u00e0 Central de Plant\u00e3o Policial e a investiga\u00e7\u00e3o segue sob responsabilidade da Pol\u00edcia Civil.<\/p>\t\t\t\t\t\t\t\t<\/div>\n\t\t\t\t<\/div>\n\t\t\t\t\t<\/div>\n\t\t<\/div>\n\t\t\t\t\t<\/div>\n\t\t<\/section>\n\t\t\t\t<\/div>\n\t\t","protected":false},"excerpt":{"rendered":"<p>A\u00e7\u00e3o conjunta entre Pol\u00edcia Civil e Vigil\u00e2ncia Sanit\u00e1ria interdita laborat\u00f3rio clandestino de produ\u00e7\u00e3o de refis para cigarros eletr\u00f4nicos na Capital Em a\u00e7\u00e3o conjunta, a Pol\u00edcia Civil de Santa Catarina e a Prefeitura de Florian\u00f3polis interditaram, na noite desta segunda-feira (23), um laborat\u00f3rio clandestino de produ\u00e7\u00e3o de ess\u00eancias para cigarros eletr\u00f4nicos, localizado nos fundos de uma [&hellip;]<\/p>\n","protected":false},"author":5,"featured_media":29560,"comment_status":"closed","ping_status":"open","sticky":false,"template":"","format":"standard","meta":{"_monsterinsights_skip_tracking":false,"_monsterinsights_sitenote_active":false,"_monsterinsights_sitenote_note":"","_monsterinsights_sitenote_category":0,"footnotes":""},"categories":[1],"tags":[],"class_list":["post-29559","post","type-post","status-publish","format-standard","has-post-thumbnail","hentry","category-sem-categoria"],"_links":{"self":[{"href":"https:\/\/pc.sc.gov.br\/index.php?rest_route=\/wp\/v2\/posts\/29559","targetHints":{"allow":["GET"]}}],"collection":[{"href":"https:\/\/pc.sc.gov.br\/index.php?rest_route=\/wp\/v2\/posts"}],"about":[{"href":"https:\/\/pc.sc.gov.br\/index.php?rest_route=\/wp\/v2\/types\/post"}],"author":[{"embeddable":true,"href":"https:\/\/pc.sc.gov.br\/index.php?rest_route=\/wp\/v2\/users\/5"}],"replies":[{"embeddable":true,"href":"https:\/\/pc.sc.gov.br\/index.php?rest_route=%2Fwp%2Fv2%2Fcomments&post=29559"}],"version-history":[{"count":4,"href":"https:\/\/pc.sc.gov.br\/index.php?rest_route=\/wp\/v2\/posts\/29559\/revisions"}],"predecessor-version":[{"id":29564,"href":"https:\/\/pc.sc.gov.br\/index.php?rest_route=\/wp\/v2\/posts\/29559\/revisions\/29564"}],"wp:featuredmedia":[{"embeddable":true,"href":"https:\/\/pc.sc.gov.br\/index.php?rest_route=\/wp\/v2\/media\/29560"}],"wp:attachment":[{"href":"https:\/\/pc.sc.gov.br\/index.php?rest_route=%2Fwp%2Fv2%2Fmedia&parent=29559"}],"wp:term":[{"taxonomy":"category","embeddable":true,"href":"https:\/\/pc.sc.gov.br\/index.php?rest_route=%2Fwp%2Fv2%2Fcategories&post=29559"},{"taxonomy":"post_tag","embeddable":true,"href":"https:\/\/pc.sc.gov.br\/index.php?rest_route=%2Fwp%2Fv2%2Ftags&post=29559"}],"curies":[{"name":"wp","href":"https:\/\/api.w.org\/{rel}","templated":true}]}}