{"id":29565,"date":"2025-06-25T18:00:55","date_gmt":"2025-06-25T21:00:55","guid":{"rendered":"https:\/\/pc.sc.gov.br\/?p=29565"},"modified":"2025-06-25T18:01:36","modified_gmt":"2025-06-25T21:01:36","slug":"policia-civil-deflagra-operacao-e-prende-investigados-por-roubo-a-residencia-em-palhoca","status":"publish","type":"post","link":"https:\/\/pc.sc.gov.br\/?p=29565","title":{"rendered":"Pol\u00edcia Civil deflagra opera\u00e7\u00e3o e prende investigados por roubo \u00e0 resid\u00eancia em Palho\u00e7a"},"content":{"rendered":"\t\t<div data-elementor-type=\"wp-post\" data-elementor-id=\"29565\" class=\"elementor elementor-29565\" data-elementor-post-type=\"post\">\n\t\t\t\t\t\t<section class=\"elementor-section elementor-top-section elementor-element elementor-element-d49addd elementor-section-boxed elementor-section-height-default elementor-section-height-default\" data-id=\"d49addd\" data-element_type=\"section\">\n\t\t\t\t\t\t<div class=\"elementor-container elementor-column-gap-default\">\n\t\t\t\t\t<div class=\"elementor-column elementor-col-100 elementor-top-column elementor-element elementor-element-96ed22b\" data-id=\"96ed22b\" data-element_type=\"column\">\n\t\t\t<div class=\"elementor-widget-wrap elementor-element-populated\">\n\t\t\t\t\t\t<div class=\"elementor-element elementor-element-2087ac0 elementor-widget elementor-widget-heading\" data-id=\"2087ac0\" data-element_type=\"widget\" data-widget_type=\"heading.default\">\n\t\t\t\t<div class=\"elementor-widget-container\">\n\t\t\t\t\t<h2 class=\"elementor-heading-title elementor-size-default\">Pol\u00edcia Civil deflagra opera\u00e7\u00e3o e prende investigados por roubo \u00e0 resid\u00eancia em Palho\u00e7a<\/h2>\t\t\t\t<\/div>\n\t\t\t\t<\/div>\n\t\t\t\t\t<\/div>\n\t\t<\/div>\n\t\t\t\t\t<\/div>\n\t\t<\/section>\n\t\t\t\t<section class=\"elementor-section elementor-top-section elementor-element elementor-element-1cc46c7 elementor-section-boxed elementor-section-height-default elementor-section-height-default\" data-id=\"1cc46c7\" data-element_type=\"section\">\n\t\t\t\t\t\t<div class=\"elementor-container elementor-column-gap-default\">\n\t\t\t\t\t<div class=\"elementor-column elementor-col-100 elementor-top-column elementor-element elementor-element-1d3a4c0\" data-id=\"1d3a4c0\" data-element_type=\"column\">\n\t\t\t<div class=\"elementor-widget-wrap elementor-element-populated\">\n\t\t\t\t\t\t<div class=\"elementor-element elementor-element-d3def27 elementor-widget elementor-widget-image\" data-id=\"d3def27\" data-element_type=\"widget\" data-widget_type=\"image.default\">\n\t\t\t\t<div class=\"elementor-widget-container\">\n\t\t\t\t\t\t\t\t\t\t\t\t\t\t\t<img fetchpriority=\"high\" decoding=\"async\" width=\"696\" height=\"464\" src=\"https:\/\/pc.sc.gov.br\/\/wp-content\/uploads\/2023\/10\/PCSC-VTR-1024x683.jpg\" class=\"attachment-large size-large wp-image-14700\" alt=\"\" srcset=\"https:\/\/pc.sc.gov.br\/\/wp-content\/uploads\/2023\/10\/PCSC-VTR-1024x683.jpg 1024w, https:\/\/pc.sc.gov.br\/\/wp-content\/uploads\/2023\/10\/PCSC-VTR-300x200.jpg 300w, https:\/\/pc.sc.gov.br\/\/wp-content\/uploads\/2023\/10\/PCSC-VTR-768x512.jpg 768w, https:\/\/pc.sc.gov.br\/\/wp-content\/uploads\/2023\/10\/PCSC-VTR-1536x1024.jpg 1536w, https:\/\/pc.sc.gov.br\/\/wp-content\/uploads\/2023\/10\/PCSC-VTR-2048x1365.jpg 2048w\" sizes=\"(max-width: 696px) 100vw, 696px\" \/>\t\t\t\t\t\t\t\t\t\t\t\t\t\t\t<\/div>\n\t\t\t\t<\/div>\n\t\t\t\t\t<\/div>\n\t\t<\/div>\n\t\t\t\t\t<\/div>\n\t\t<\/section>\n\t\t\t\t<section class=\"elementor-section elementor-top-section elementor-element elementor-element-d1c659e elementor-section-boxed elementor-section-height-default elementor-section-height-default\" data-id=\"d1c659e\" data-element_type=\"section\">\n\t\t\t\t\t\t<div class=\"elementor-container elementor-column-gap-default\">\n\t\t\t\t\t<div class=\"elementor-column elementor-col-100 elementor-top-column elementor-element elementor-element-0a8b673\" data-id=\"0a8b673\" data-element_type=\"column\">\n\t\t\t<div class=\"elementor-widget-wrap elementor-element-populated\">\n\t\t\t\t\t\t<div class=\"elementor-element elementor-element-0c780a1 elementor-widget elementor-widget-text-editor\" data-id=\"0c780a1\" data-element_type=\"widget\" data-widget_type=\"text-editor.default\">\n\t\t\t\t<div class=\"elementor-widget-container\">\n\t\t\t\t\t\t\t\t\t<p>Na manh\u00e3 desta quarta-feira (25\/06), a Pol\u00edcia Civil de Santa Catarina, por meio da Delegacia de Repress\u00e3o a Roubos do Departamento de Investiga\u00e7\u00e3o Criminal de Palho\u00e7a, deflagrou uma opera\u00e7\u00e3o com o objetivo de cumprir dois mandados de pris\u00e3o preventiva. As ordens judiciais est\u00e3o relacionadas a um roubo ocorrido em uma resid\u00eancia no bairro Pachecos, em Palho\u00e7a, no dia 31 de maio de 2024.<\/p><p>O crime foi cometido por quatro homens que invadiram a casa e anunciaram o assalto, mantendo as v\u00edtimas em c\u00e1rcere. Por meio de grave amea\u00e7a, os criminosos subtra\u00edram diversos objetos e for\u00e7aram as v\u00edtimas a realizar transfer\u00eancias via PIX. Na ocasi\u00e3o, dois adolescentes j\u00e1 haviam sido identificados como participantes da a\u00e7\u00e3o criminosa.<\/p><p>Durante o cumprimento das dilig\u00eancias, os suspeitos envolvidos no roubo foram presos na cidade de Palho\u00e7a. Al\u00e9m disso, as equipes localizaram um foragido com mandado de pris\u00e3o em aberto pelo crime de tr\u00e1fico de drogas, expedido pela comarca de S\u00e3o Jos\u00e9 do Rio Preto (SP).<\/p><p>A opera\u00e7\u00e3o contou com a participa\u00e7\u00e3o de policiais da DIC de Palho\u00e7a e da Pol\u00edcia Militar, por meio do Pelot\u00e3o de Patrulhamento T\u00e1tico (PPT) de Palho\u00e7a.<\/p>\t\t\t\t\t\t\t\t<\/div>\n\t\t\t\t<\/div>\n\t\t\t\t\t<\/div>\n\t\t<\/div>\n\t\t\t\t\t<\/div>\n\t\t<\/section>\n\t\t\t\t<\/div>\n\t\t","protected":false},"excerpt":{"rendered":"<p>Pol\u00edcia Civil deflagra opera\u00e7\u00e3o e prende investigados por roubo \u00e0 resid\u00eancia em Palho\u00e7a Na manh\u00e3 desta quarta-feira (25\/06), a Pol\u00edcia Civil de Santa Catarina, por meio da Delegacia de Repress\u00e3o a Roubos do Departamento de Investiga\u00e7\u00e3o Criminal de Palho\u00e7a, deflagrou uma opera\u00e7\u00e3o com o objetivo de cumprir dois mandados de pris\u00e3o preventiva. As ordens judiciais [&hellip;]<\/p>\n","protected":false},"author":5,"featured_media":11857,"comment_status":"closed","ping_status":"open","sticky":false,"template":"","format":"standard","meta":{"_monsterinsights_skip_tracking":false,"_monsterinsights_sitenote_active":false,"_monsterinsights_sitenote_note":"","_monsterinsights_sitenote_category":0,"footnotes":""},"categories":[1],"tags":[],"class_list":["post-29565","post","type-post","status-publish","format-standard","has-post-thumbnail","hentry","category-sem-categoria"],"_links":{"self":[{"href":"https:\/\/pc.sc.gov.br\/index.php?rest_route=\/wp\/v2\/posts\/29565","targetHints":{"allow":["GET"]}}],"collection":[{"href":"https:\/\/pc.sc.gov.br\/index.php?rest_route=\/wp\/v2\/posts"}],"about":[{"href":"https:\/\/pc.sc.gov.br\/index.php?rest_route=\/wp\/v2\/types\/post"}],"author":[{"embeddable":true,"href":"https:\/\/pc.sc.gov.br\/index.php?rest_route=\/wp\/v2\/users\/5"}],"replies":[{"embeddable":true,"href":"https:\/\/pc.sc.gov.br\/index.php?rest_route=%2Fwp%2Fv2%2Fcomments&post=29565"}],"version-history":[{"count":4,"href":"https:\/\/pc.sc.gov.br\/index.php?rest_route=\/wp\/v2\/posts\/29565\/revisions"}],"predecessor-version":[{"id":29569,"href":"https:\/\/pc.sc.gov.br\/index.php?rest_route=\/wp\/v2\/posts\/29565\/revisions\/29569"}],"wp:featuredmedia":[{"embeddable":true,"href":"https:\/\/pc.sc.gov.br\/index.php?rest_route=\/wp\/v2\/media\/11857"}],"wp:attachment":[{"href":"https:\/\/pc.sc.gov.br\/index.php?rest_route=%2Fwp%2Fv2%2Fmedia&parent=29565"}],"wp:term":[{"taxonomy":"category","embeddable":true,"href":"https:\/\/pc.sc.gov.br\/index.php?rest_route=%2Fwp%2Fv2%2Fcategories&post=29565"},{"taxonomy":"post_tag","embeddable":true,"href":"https:\/\/pc.sc.gov.br\/index.php?rest_route=%2Fwp%2Fv2%2Ftags&post=29565"}],"curies":[{"name":"wp","href":"https:\/\/api.w.org\/{rel}","templated":true}]}}