{"id":29586,"date":"2025-06-26T15:21:30","date_gmt":"2025-06-26T18:21:30","guid":{"rendered":"https:\/\/pc.sc.gov.br\/?p=29586"},"modified":"2025-06-26T15:22:53","modified_gmt":"2025-06-26T18:22:53","slug":"policia-civil-prende-homem-pelo-crime-de-roubo-em-navegantes","status":"publish","type":"post","link":"https:\/\/pc.sc.gov.br\/?p=29586","title":{"rendered":"Pol\u00edcia Civil prende homem pelo crime de roubo em Navegantes"},"content":{"rendered":"\t\t<div data-elementor-type=\"wp-post\" data-elementor-id=\"29586\" class=\"elementor elementor-29586\" data-elementor-post-type=\"post\">\n\t\t\t\t\t\t<section class=\"elementor-section elementor-top-section elementor-element elementor-element-37cb54e elementor-section-boxed elementor-section-height-default elementor-section-height-default\" data-id=\"37cb54e\" data-element_type=\"section\">\n\t\t\t\t\t\t<div class=\"elementor-container elementor-column-gap-default\">\n\t\t\t\t\t<div class=\"elementor-column elementor-col-100 elementor-top-column elementor-element elementor-element-b50dbf7\" data-id=\"b50dbf7\" data-element_type=\"column\">\n\t\t\t<div class=\"elementor-widget-wrap elementor-element-populated\">\n\t\t\t\t\t\t<div class=\"elementor-element elementor-element-c348e6e elementor-widget elementor-widget-heading\" data-id=\"c348e6e\" data-element_type=\"widget\" data-widget_type=\"heading.default\">\n\t\t\t\t<div class=\"elementor-widget-container\">\n\t\t\t\t\t<h2 class=\"elementor-heading-title elementor-size-default\">Pol\u00edcia Civil prende homem pelo crime de roubo em Navegantes<\/h2>\t\t\t\t<\/div>\n\t\t\t\t<\/div>\n\t\t\t\t\t<\/div>\n\t\t<\/div>\n\t\t\t\t\t<\/div>\n\t\t<\/section>\n\t\t\t\t<section class=\"elementor-section elementor-top-section elementor-element elementor-element-13899b0 elementor-section-boxed elementor-section-height-default elementor-section-height-default\" data-id=\"13899b0\" data-element_type=\"section\">\n\t\t\t\t\t\t<div class=\"elementor-container elementor-column-gap-default\">\n\t\t\t\t\t<div class=\"elementor-column elementor-col-100 elementor-top-column elementor-element elementor-element-fcb2657\" data-id=\"fcb2657\" data-element_type=\"column\">\n\t\t\t<div class=\"elementor-widget-wrap elementor-element-populated\">\n\t\t\t\t\t\t<div class=\"elementor-element elementor-element-063299f elementor-widget elementor-widget-image\" data-id=\"063299f\" data-element_type=\"widget\" data-widget_type=\"image.default\">\n\t\t\t\t<div class=\"elementor-widget-container\">\n\t\t\t\t\t\t\t\t\t\t\t\t\t\t\t<img fetchpriority=\"high\" decoding=\"async\" width=\"696\" height=\"928\" src=\"https:\/\/pc.sc.gov.br\/\/wp-content\/uploads\/2025\/06\/WhatsApp-Image-2025-06-26-at-13.51.14-768x1024.jpeg\" class=\"attachment-large size-large wp-image-29587\" alt=\"\" srcset=\"https:\/\/pc.sc.gov.br\/\/wp-content\/uploads\/2025\/06\/WhatsApp-Image-2025-06-26-at-13.51.14-768x1024.jpeg 768w, https:\/\/pc.sc.gov.br\/\/wp-content\/uploads\/2025\/06\/WhatsApp-Image-2025-06-26-at-13.51.14-225x300.jpeg 225w, https:\/\/pc.sc.gov.br\/\/wp-content\/uploads\/2025\/06\/WhatsApp-Image-2025-06-26-at-13.51.14-1152x1536.jpeg 1152w, https:\/\/pc.sc.gov.br\/\/wp-content\/uploads\/2025\/06\/WhatsApp-Image-2025-06-26-at-13.51.14.jpeg 1200w\" sizes=\"(max-width: 696px) 100vw, 696px\" \/>\t\t\t\t\t\t\t\t\t\t\t\t\t\t\t<\/div>\n\t\t\t\t<\/div>\n\t\t\t\t\t<\/div>\n\t\t<\/div>\n\t\t\t\t\t<\/div>\n\t\t<\/section>\n\t\t\t\t<section class=\"elementor-section elementor-top-section elementor-element elementor-element-fe208e7 elementor-section-boxed elementor-section-height-default elementor-section-height-default\" data-id=\"fe208e7\" data-element_type=\"section\">\n\t\t\t\t\t\t<div class=\"elementor-container elementor-column-gap-default\">\n\t\t\t\t\t<div class=\"elementor-column elementor-col-100 elementor-top-column elementor-element elementor-element-3790249\" data-id=\"3790249\" data-element_type=\"column\">\n\t\t\t<div class=\"elementor-widget-wrap elementor-element-populated\">\n\t\t\t\t\t\t<div class=\"elementor-element elementor-element-69e3bc6 elementor-widget elementor-widget-text-editor\" data-id=\"69e3bc6\" data-element_type=\"widget\" data-widget_type=\"text-editor.default\">\n\t\t\t\t<div class=\"elementor-widget-container\">\n\t\t\t\t\t\t\t\t\t<p>Na tarde de quarta-feira (26\/06), a Pol\u00edcia Civil de Santa Catarina, por meio da Delegacia de Pol\u00edcia de Navegantes, deu cumprimento a um mandado de pris\u00e3o tempor\u00e1ria expedido pela Vara de Garantias de Itaja\u00ed em desfavor de um homem pelo crime de roubo circunstanciado.<\/p><p>No momento da pris\u00e3o foi localizado e apreendido na posse do investigado 50 pedras de \u201ccrack\u201d embaladas e prontas para comercializa\u00e7\u00e3o, caracterizando poss\u00edvel envolvimento com o tr\u00e1fico de drogas, quando recebeu voz de pris\u00e3o.<\/p><p>Segundo as investiga\u00e7\u00f5es da Pol\u00edcia Civil, o investigado na companhia de um primeiro envolvido praticaram mediante grave amea\u00e7a consistente na simula\u00e7\u00e3o de possu\u00edrem armas de fogo um crime de roubo onde subtra\u00edram pertences pessoais de duas v\u00edtimas, incluindo seus aparelhos celulares.<\/p><p>O primeiro envolvido j\u00e1 havia sido preso dia 19 deste m\u00eas pela Pol\u00edcia Militar durante patrulhamento ostensivo em via p\u00fablica. Cumpridas as formalidades legais, o preso permanecer\u00e1 \u00e0 disposi\u00e7\u00e3o da Justi\u00e7a.<\/p>\t\t\t\t\t\t\t\t<\/div>\n\t\t\t\t<\/div>\n\t\t\t\t\t<\/div>\n\t\t<\/div>\n\t\t\t\t\t<\/div>\n\t\t<\/section>\n\t\t\t\t<\/div>\n\t\t","protected":false},"excerpt":{"rendered":"<p>Pol\u00edcia Civil prende homem pelo crime de roubo em Navegantes Na tarde de quarta-feira (26\/06), a Pol\u00edcia Civil de Santa Catarina, por meio da Delegacia de Pol\u00edcia de Navegantes, deu cumprimento a um mandado de pris\u00e3o tempor\u00e1ria expedido pela Vara de Garantias de Itaja\u00ed em desfavor de um homem pelo crime de roubo circunstanciado. No [&hellip;]<\/p>\n","protected":false},"author":5,"featured_media":29587,"comment_status":"closed","ping_status":"open","sticky":false,"template":"","format":"standard","meta":{"_monsterinsights_skip_tracking":false,"_monsterinsights_sitenote_active":false,"_monsterinsights_sitenote_note":"","_monsterinsights_sitenote_category":0,"footnotes":""},"categories":[1],"tags":[],"class_list":["post-29586","post","type-post","status-publish","format-standard","has-post-thumbnail","hentry","category-sem-categoria"],"_links":{"self":[{"href":"https:\/\/pc.sc.gov.br\/index.php?rest_route=\/wp\/v2\/posts\/29586","targetHints":{"allow":["GET"]}}],"collection":[{"href":"https:\/\/pc.sc.gov.br\/index.php?rest_route=\/wp\/v2\/posts"}],"about":[{"href":"https:\/\/pc.sc.gov.br\/index.php?rest_route=\/wp\/v2\/types\/post"}],"author":[{"embeddable":true,"href":"https:\/\/pc.sc.gov.br\/index.php?rest_route=\/wp\/v2\/users\/5"}],"replies":[{"embeddable":true,"href":"https:\/\/pc.sc.gov.br\/index.php?rest_route=%2Fwp%2Fv2%2Fcomments&post=29586"}],"version-history":[{"count":4,"href":"https:\/\/pc.sc.gov.br\/index.php?rest_route=\/wp\/v2\/posts\/29586\/revisions"}],"predecessor-version":[{"id":29591,"href":"https:\/\/pc.sc.gov.br\/index.php?rest_route=\/wp\/v2\/posts\/29586\/revisions\/29591"}],"wp:featuredmedia":[{"embeddable":true,"href":"https:\/\/pc.sc.gov.br\/index.php?rest_route=\/wp\/v2\/media\/29587"}],"wp:attachment":[{"href":"https:\/\/pc.sc.gov.br\/index.php?rest_route=%2Fwp%2Fv2%2Fmedia&parent=29586"}],"wp:term":[{"taxonomy":"category","embeddable":true,"href":"https:\/\/pc.sc.gov.br\/index.php?rest_route=%2Fwp%2Fv2%2Fcategories&post=29586"},{"taxonomy":"post_tag","embeddable":true,"href":"https:\/\/pc.sc.gov.br\/index.php?rest_route=%2Fwp%2Fv2%2Ftags&post=29586"}],"curies":[{"name":"wp","href":"https:\/\/api.w.org\/{rel}","templated":true}]}}