{"id":29592,"date":"2025-06-26T16:45:58","date_gmt":"2025-06-26T19:45:58","guid":{"rendered":"https:\/\/pc.sc.gov.br\/?p=29592"},"modified":"2025-06-26T16:46:45","modified_gmt":"2025-06-26T19:46:45","slug":"policia-civil-cumpre-mandados-e-prende-dois-suspeitos-de-participacao-em-chacina-em-sao-joao-batista","status":"publish","type":"post","link":"https:\/\/pc.sc.gov.br\/?p=29592","title":{"rendered":"Pol\u00edcia Civil cumpre mandados e prende dois suspeitos de participa\u00e7\u00e3o em chacina em S\u00e3o Jo\u00e3o Batista"},"content":{"rendered":"\t\t<div data-elementor-type=\"wp-post\" data-elementor-id=\"29592\" class=\"elementor elementor-29592\" data-elementor-post-type=\"post\">\n\t\t\t\t\t\t<section class=\"elementor-section elementor-top-section elementor-element elementor-element-7afd8b0 elementor-section-boxed elementor-section-height-default elementor-section-height-default\" data-id=\"7afd8b0\" data-element_type=\"section\">\n\t\t\t\t\t\t<div class=\"elementor-container elementor-column-gap-default\">\n\t\t\t\t\t<div class=\"elementor-column elementor-col-100 elementor-top-column elementor-element elementor-element-000898c\" data-id=\"000898c\" data-element_type=\"column\">\n\t\t\t<div class=\"elementor-widget-wrap elementor-element-populated\">\n\t\t\t\t\t\t<div class=\"elementor-element elementor-element-c01144a elementor-widget elementor-widget-heading\" data-id=\"c01144a\" data-element_type=\"widget\" data-widget_type=\"heading.default\">\n\t\t\t\t<div class=\"elementor-widget-container\">\n\t\t\t\t\t<h2 class=\"elementor-heading-title elementor-size-default\">Pol\u00edcia Civil cumpre mandados e prende dois suspeitos de participa\u00e7\u00e3o em chacina em S\u00e3o Jo\u00e3o Batista<\/h2>\t\t\t\t<\/div>\n\t\t\t\t<\/div>\n\t\t\t\t\t<\/div>\n\t\t<\/div>\n\t\t\t\t\t<\/div>\n\t\t<\/section>\n\t\t\t\t<section class=\"elementor-section elementor-top-section elementor-element elementor-element-dcc2b2c elementor-section-boxed elementor-section-height-default elementor-section-height-default\" data-id=\"dcc2b2c\" data-element_type=\"section\">\n\t\t\t\t\t\t<div class=\"elementor-container elementor-column-gap-default\">\n\t\t\t\t\t<div class=\"elementor-column elementor-col-100 elementor-top-column elementor-element elementor-element-7d58cdb\" data-id=\"7d58cdb\" data-element_type=\"column\">\n\t\t\t<div class=\"elementor-widget-wrap elementor-element-populated\">\n\t\t\t\t\t\t<div class=\"elementor-element elementor-element-06ab44c elementor-widget elementor-widget-image\" data-id=\"06ab44c\" data-element_type=\"widget\" data-widget_type=\"image.default\">\n\t\t\t\t<div class=\"elementor-widget-container\">\n\t\t\t\t\t\t\t\t\t\t\t\t\t\t\t<img fetchpriority=\"high\" decoding=\"async\" width=\"696\" height=\"408\" src=\"https:\/\/pc.sc.gov.br\/\/wp-content\/uploads\/2023\/05\/VIATURA_000000000022-1536x1058-1-e1753985044758-1024x600.jpg\" class=\"attachment-large size-large wp-image-9265\" alt=\"\" srcset=\"https:\/\/pc.sc.gov.br\/\/wp-content\/uploads\/2023\/05\/VIATURA_000000000022-1536x1058-1-e1753985044758-1024x600.jpg 1024w, https:\/\/pc.sc.gov.br\/\/wp-content\/uploads\/2023\/05\/VIATURA_000000000022-1536x1058-1-e1753985044758-300x176.jpg 300w, https:\/\/pc.sc.gov.br\/\/wp-content\/uploads\/2023\/05\/VIATURA_000000000022-1536x1058-1-e1753985044758-768x450.jpg 768w, https:\/\/pc.sc.gov.br\/\/wp-content\/uploads\/2023\/05\/VIATURA_000000000022-1536x1058-1-e1753985044758.jpg 1536w\" sizes=\"(max-width: 696px) 100vw, 696px\" \/>\t\t\t\t\t\t\t\t\t\t\t\t\t\t\t<\/div>\n\t\t\t\t<\/div>\n\t\t\t\t\t<\/div>\n\t\t<\/div>\n\t\t\t\t\t<\/div>\n\t\t<\/section>\n\t\t\t\t<section class=\"elementor-section elementor-top-section elementor-element elementor-element-33e5c6a elementor-section-boxed elementor-section-height-default elementor-section-height-default\" data-id=\"33e5c6a\" data-element_type=\"section\">\n\t\t\t\t\t\t<div class=\"elementor-container elementor-column-gap-default\">\n\t\t\t\t\t<div class=\"elementor-column elementor-col-100 elementor-top-column elementor-element elementor-element-140dc7b\" data-id=\"140dc7b\" data-element_type=\"column\">\n\t\t\t<div class=\"elementor-widget-wrap elementor-element-populated\">\n\t\t\t\t\t\t<div class=\"elementor-element elementor-element-c00bf42 elementor-widget elementor-widget-text-editor\" data-id=\"c00bf42\" data-element_type=\"widget\" data-widget_type=\"text-editor.default\">\n\t\t\t\t<div class=\"elementor-widget-container\">\n\t\t\t\t\t\t\t\t\t<p>As Pol\u00edcias Civil e Militar de Santa Catarina deflagraram, na manh\u00e3 da quarta-feira (25\/06), uma opera\u00e7\u00e3o conjunta que resultou no cumprimento de dois mandados de pris\u00e3o tempor\u00e1ria e de busca domiciliar relacionados \u00e0 chacina ocorrida no dia 17 de maio de 2025, em S\u00e3o Jo\u00e3o Batista, na Grande Florian\u00f3polis. Na ocasi\u00e3o, quatro homens foram encontrados carbonizados dentro de um ve\u00edculo incendiado.<\/p><p>Os mandados foram cumpridos por policiais civis da Delegacia de Pol\u00edcia da Comarca de S\u00e3o Jo\u00e3o Batista e policiais militares do 2\u00ba Pelot\u00e3o da 2\u00aa Companhia do munic\u00edpio. Foram presos dois suspeitos, apontados como um dos mandantes e um dos part\u00edcipes do crime.<\/p><p><strong>Seis autores identificados<\/strong><\/p><p>As investiga\u00e7\u00f5es conduzidas pela Pol\u00edcia Civil permitiram identificar os seis autores envolvidos no crime, divididos entre executores, mandantes e part\u00edcipes:<\/p><ul><li><strong>Dois executores<\/strong>, respons\u00e1veis diretos pelas mortes;<\/li><li><strong>Dois mandantes<\/strong>, que planejaram e ordenaram a chacina;<\/li><li><strong>Dois part\u00edcipes<\/strong>, que contribu\u00edram com a execu\u00e7\u00e3o do crime.<\/li><\/ul><p>Com as pris\u00f5es desta quarta-feira, um dos mandantes e um dos part\u00edcipes j\u00e1 est\u00e3o sob cust\u00f3dia. Os outros quatro envolvidos \u2014 incluindo os executores e mais um mandante e um part\u00edcipe \u2014 seguem foragidos.<\/p><p><strong>Investiga\u00e7\u00e3o em andamento<\/strong><\/p><p>A Pol\u00edcia Civil segue com os trabalhos investigativos, com o objetivo de localizar e prender os demais envolvidos. A motiva\u00e7\u00e3o do crime est\u00e1 sendo apurada, assim como outras poss\u00edveis conex\u00f5es com grupos criminosos.<\/p>\t\t\t\t\t\t\t\t<\/div>\n\t\t\t\t<\/div>\n\t\t\t\t\t<\/div>\n\t\t<\/div>\n\t\t\t\t\t<\/div>\n\t\t<\/section>\n\t\t\t\t<\/div>\n\t\t","protected":false},"excerpt":{"rendered":"<p>Pol\u00edcia Civil cumpre mandados e prende dois suspeitos de participa\u00e7\u00e3o em chacina em S\u00e3o Jo\u00e3o Batista As Pol\u00edcias Civil e Militar de Santa Catarina deflagraram, na manh\u00e3 da quarta-feira (25\/06), uma opera\u00e7\u00e3o conjunta que resultou no cumprimento de dois mandados de pris\u00e3o tempor\u00e1ria e de busca domiciliar relacionados \u00e0 chacina ocorrida no dia 17 de [&hellip;]<\/p>\n","protected":false},"author":5,"featured_media":9267,"comment_status":"closed","ping_status":"open","sticky":false,"template":"","format":"standard","meta":{"_monsterinsights_skip_tracking":false,"_monsterinsights_sitenote_active":false,"_monsterinsights_sitenote_note":"","_monsterinsights_sitenote_category":0,"footnotes":""},"categories":[1],"tags":[],"class_list":["post-29592","post","type-post","status-publish","format-standard","has-post-thumbnail","hentry","category-sem-categoria"],"_links":{"self":[{"href":"https:\/\/pc.sc.gov.br\/index.php?rest_route=\/wp\/v2\/posts\/29592","targetHints":{"allow":["GET"]}}],"collection":[{"href":"https:\/\/pc.sc.gov.br\/index.php?rest_route=\/wp\/v2\/posts"}],"about":[{"href":"https:\/\/pc.sc.gov.br\/index.php?rest_route=\/wp\/v2\/types\/post"}],"author":[{"embeddable":true,"href":"https:\/\/pc.sc.gov.br\/index.php?rest_route=\/wp\/v2\/users\/5"}],"replies":[{"embeddable":true,"href":"https:\/\/pc.sc.gov.br\/index.php?rest_route=%2Fwp%2Fv2%2Fcomments&post=29592"}],"version-history":[{"count":4,"href":"https:\/\/pc.sc.gov.br\/index.php?rest_route=\/wp\/v2\/posts\/29592\/revisions"}],"predecessor-version":[{"id":29596,"href":"https:\/\/pc.sc.gov.br\/index.php?rest_route=\/wp\/v2\/posts\/29592\/revisions\/29596"}],"wp:featuredmedia":[{"embeddable":true,"href":"https:\/\/pc.sc.gov.br\/index.php?rest_route=\/wp\/v2\/media\/9267"}],"wp:attachment":[{"href":"https:\/\/pc.sc.gov.br\/index.php?rest_route=%2Fwp%2Fv2%2Fmedia&parent=29592"}],"wp:term":[{"taxonomy":"category","embeddable":true,"href":"https:\/\/pc.sc.gov.br\/index.php?rest_route=%2Fwp%2Fv2%2Fcategories&post=29592"},{"taxonomy":"post_tag","embeddable":true,"href":"https:\/\/pc.sc.gov.br\/index.php?rest_route=%2Fwp%2Fv2%2Ftags&post=29592"}],"curies":[{"name":"wp","href":"https:\/\/api.w.org\/{rel}","templated":true}]}}