{"id":29597,"date":"2025-06-26T19:16:37","date_gmt":"2025-06-26T22:16:37","guid":{"rendered":"https:\/\/pc.sc.gov.br\/?p=29597"},"modified":"2025-06-26T19:19:53","modified_gmt":"2025-06-26T22:19:53","slug":"policia-civil-e-policia-cientifica-realizam-diligencia-para-reconstituicao-de-acidente-com-balao-em-praia-grande","status":"publish","type":"post","link":"https:\/\/pc.sc.gov.br\/?p=29597","title":{"rendered":"Pol\u00edcia Civil e Pol\u00edcia Cient\u00edfica realizam dilig\u00eancia para reconstitui\u00e7\u00e3o de acidente com bal\u00e3o em Praia Grande"},"content":{"rendered":"\t\t<div data-elementor-type=\"wp-post\" data-elementor-id=\"29597\" class=\"elementor elementor-29597\" data-elementor-post-type=\"post\">\n\t\t\t\t\t\t<section class=\"elementor-section elementor-top-section elementor-element elementor-element-0da095b elementor-section-boxed elementor-section-height-default elementor-section-height-default\" data-id=\"0da095b\" data-element_type=\"section\">\n\t\t\t\t\t\t<div class=\"elementor-container elementor-column-gap-default\">\n\t\t\t\t\t<div class=\"elementor-column elementor-col-100 elementor-top-column elementor-element elementor-element-f2a3f23\" data-id=\"f2a3f23\" data-element_type=\"column\">\n\t\t\t<div class=\"elementor-widget-wrap elementor-element-populated\">\n\t\t\t\t\t\t<div class=\"elementor-element elementor-element-8dc4648 elementor-widget elementor-widget-heading\" data-id=\"8dc4648\" data-element_type=\"widget\" data-widget_type=\"heading.default\">\n\t\t\t\t<div class=\"elementor-widget-container\">\n\t\t\t\t\t<h2 class=\"elementor-heading-title elementor-size-default\">Pol\u00edcia Civil e Pol\u00edcia Cient\u00edfica realizam dilig\u00eancia para reconstitui\u00e7\u00e3o de acidente com bal\u00e3o em Praia Grande<\/h2>\t\t\t\t<\/div>\n\t\t\t\t<\/div>\n\t\t\t\t\t<\/div>\n\t\t<\/div>\n\t\t\t\t\t<\/div>\n\t\t<\/section>\n\t\t\t\t<section class=\"elementor-section elementor-top-section elementor-element elementor-element-cf8d658 elementor-section-boxed elementor-section-height-default elementor-section-height-default\" data-id=\"cf8d658\" data-element_type=\"section\">\n\t\t\t\t\t\t<div class=\"elementor-container elementor-column-gap-default\">\n\t\t\t\t\t<div class=\"elementor-column elementor-col-100 elementor-top-column elementor-element elementor-element-49ad930\" data-id=\"49ad930\" data-element_type=\"column\">\n\t\t\t<div class=\"elementor-widget-wrap elementor-element-populated\">\n\t\t\t\t\t\t<div class=\"elementor-element elementor-element-dadc42a elementor-widget elementor-widget-image\" data-id=\"dadc42a\" data-element_type=\"widget\" data-widget_type=\"image.default\">\n\t\t\t\t<div class=\"elementor-widget-container\">\n\t\t\t\t\t\t\t\t\t\t\t\t\t\t\t<img fetchpriority=\"high\" decoding=\"async\" width=\"696\" height=\"392\" src=\"https:\/\/pc.sc.gov.br\/\/wp-content\/uploads\/2025\/06\/WhatsApp-Image-2025-06-26-at-18.15.55-1024x576.jpeg\" class=\"attachment-large size-large wp-image-29598\" alt=\"\" srcset=\"https:\/\/pc.sc.gov.br\/\/wp-content\/uploads\/2025\/06\/WhatsApp-Image-2025-06-26-at-18.15.55-1024x576.jpeg 1024w, https:\/\/pc.sc.gov.br\/\/wp-content\/uploads\/2025\/06\/WhatsApp-Image-2025-06-26-at-18.15.55-300x169.jpeg 300w, https:\/\/pc.sc.gov.br\/\/wp-content\/uploads\/2025\/06\/WhatsApp-Image-2025-06-26-at-18.15.55-768x432.jpeg 768w, https:\/\/pc.sc.gov.br\/\/wp-content\/uploads\/2025\/06\/WhatsApp-Image-2025-06-26-at-18.15.55-1536x864.jpeg 1536w, https:\/\/pc.sc.gov.br\/\/wp-content\/uploads\/2025\/06\/WhatsApp-Image-2025-06-26-at-18.15.55.jpeg 1600w\" sizes=\"(max-width: 696px) 100vw, 696px\" \/>\t\t\t\t\t\t\t\t\t\t\t\t\t\t\t<\/div>\n\t\t\t\t<\/div>\n\t\t\t\t\t<\/div>\n\t\t<\/div>\n\t\t\t\t\t<\/div>\n\t\t<\/section>\n\t\t\t\t<section class=\"elementor-section elementor-top-section elementor-element elementor-element-849924d elementor-section-boxed elementor-section-height-default elementor-section-height-default\" data-id=\"849924d\" data-element_type=\"section\">\n\t\t\t\t\t\t<div class=\"elementor-container elementor-column-gap-default\">\n\t\t\t\t\t<div class=\"elementor-column elementor-col-100 elementor-top-column elementor-element elementor-element-3bb1bd9\" data-id=\"3bb1bd9\" data-element_type=\"column\">\n\t\t\t<div class=\"elementor-widget-wrap elementor-element-populated\">\n\t\t\t\t\t\t<div class=\"elementor-element elementor-element-87a6395 elementor-widget elementor-widget-text-editor\" data-id=\"87a6395\" data-element_type=\"widget\" data-widget_type=\"text-editor.default\">\n\t\t\t\t<div class=\"elementor-widget-container\">\n\t\t\t\t\t\t\t\t\t<p>A Pol\u00edcia Civil de Santa Catarina, em conjunto com a Pol\u00edcia Cient\u00edfica, realizou nesta quarta-feira (26\/06) uma nova etapa da investiga\u00e7\u00e3o sobre o tr\u00e1gico acidente com bal\u00e3o ocorrido em Praia Grande. A a\u00e7\u00e3o incluiu uma reconstitui\u00e7\u00e3o com base na vers\u00e3o apresentada pelo piloto, al\u00e9m de uma varredura t\u00e9cnica no local do acidente e an\u00e1lise dos destro\u00e7os.<\/p>\n<p data-start=\"583\" data-end=\"976\">No v\u00eddeo divulgado, o delegado de Santa Rosa do Sul, Rafael Chiara, explicou que participaram da a\u00e7\u00e3o oito peritos da Pol\u00edcia Cient\u00edfica e cinco policiais civis. Durante a varredura no local da queda, foi encontrado um ma\u00e7arico \u2014 equipamento utilizado para reacender a chama piloto do bal\u00e3o \u2014 que era a \u00faltima pe\u00e7a ainda n\u00e3o localizada e considerada essencial para as an\u00e1lises periciais.<\/p>\n<p data-start=\"978\" data-end=\"1339\">Posteriormente, a equipe seguiu at\u00e9 a sede da empresa respons\u00e1vel pelo voo, onde o piloto apresentou uma simula\u00e7\u00e3o da din\u00e2mica do acidente conforme sua vers\u00e3o dos fatos. Ainda durante a tarde, os peritos analisaram os destro\u00e7os que est\u00e3o armazenados em um espa\u00e7o cedido pela Prefeitura de Praia Grande, o que permitir\u00e1 a conclus\u00e3o dos laudos t\u00e9cnicos pendentes.<\/p>\n<p data-start=\"1341\" data-end=\"1729\">O delegado Chiara informou que j\u00e1 foram ouvidas mais de 20 pessoas, entre v\u00edtimas, o piloto, funcion\u00e1rios da empresa de voo e tamb\u00e9m o propriet\u00e1rio da fabricante do bal\u00e3o, que contribuiu com informa\u00e7\u00f5es t\u00e9cnicas importantes para o inqu\u00e9rito. A fase de oitivas est\u00e1 encerrada, e a investiga\u00e7\u00e3o segue em andamento. A Pol\u00edcia Civil aguarda agora o resultado do trabalho da Pol\u00edcia Cient\u00edfica, com a finaliza\u00e7\u00e3o dos laudos periciais.<\/p>\n<p data-start=\"1731\" data-end=\"1797\"><b>Segue v\u00eddeo do Delegado Regional de Ararangu\u00e1 Diego Archer de Haro e do Delegado de Santa Rosa do Sul Rafael Chiara.<\/b><\/p>\t\t\t\t\t\t\t\t<\/div>\n\t\t\t\t<\/div>\n\t\t\t\t\t<\/div>\n\t\t<\/div>\n\t\t\t\t\t<\/div>\n\t\t<\/section>\n\t\t\t\t<section class=\"elementor-section elementor-top-section elementor-element elementor-element-17e380a elementor-section-boxed elementor-section-height-default elementor-section-height-default\" data-id=\"17e380a\" data-element_type=\"section\">\n\t\t\t\t\t\t<div class=\"elementor-container elementor-column-gap-default\">\n\t\t\t\t\t<div class=\"elementor-column elementor-col-100 elementor-top-column elementor-element elementor-element-d9f0461\" data-id=\"d9f0461\" data-element_type=\"column\">\n\t\t\t<div class=\"elementor-widget-wrap elementor-element-populated\">\n\t\t\t\t\t\t<div class=\"elementor-element elementor-element-d458d95 elementor-widget elementor-widget-video\" data-id=\"d458d95\" data-element_type=\"widget\" data-settings=\"{&quot;video_type&quot;:&quot;hosted&quot;,&quot;controls&quot;:&quot;yes&quot;}\" data-widget_type=\"video.default\">\n\t\t\t\t<div class=\"elementor-widget-container\">\n\t\t\t\t\t\t\t<div class=\"e-hosted-video elementor-wrapper elementor-open-inline\">\n\t\t\t\t\t<video class=\"elementor-video\" src=\"https:\/\/pc.sc.gov.br\/wp-content\/uploads\/2025\/06\/Video-investigacao-balao.mp4\" controls=\"\" preload=\"metadata\"><\/video>\n\t\t\t\t<\/div>\n\t\t\t\t\t\t<\/div>\n\t\t\t\t<\/div>\n\t\t\t\t\t<\/div>\n\t\t<\/div>\n\t\t\t\t\t<\/div>\n\t\t<\/section>\n\t\t\t\t<\/div>\n\t\t","protected":false},"excerpt":{"rendered":"<p>Pol\u00edcia Civil e Pol\u00edcia Cient\u00edfica realizam dilig\u00eancia para reconstitui\u00e7\u00e3o de acidente com bal\u00e3o em Praia Grande A Pol\u00edcia Civil de Santa Catarina, em conjunto com a Pol\u00edcia Cient\u00edfica, realizou nesta quarta-feira (26\/06) uma nova etapa da investiga\u00e7\u00e3o sobre o tr\u00e1gico acidente com bal\u00e3o ocorrido em Praia Grande. A a\u00e7\u00e3o incluiu uma reconstitui\u00e7\u00e3o com base na [&hellip;]<\/p>\n","protected":false},"author":5,"featured_media":29598,"comment_status":"closed","ping_status":"open","sticky":false,"template":"","format":"standard","meta":{"_monsterinsights_skip_tracking":false,"_monsterinsights_sitenote_active":false,"_monsterinsights_sitenote_note":"","_monsterinsights_sitenote_category":0,"footnotes":""},"categories":[1],"tags":[],"class_list":["post-29597","post","type-post","status-publish","format-standard","has-post-thumbnail","hentry","category-sem-categoria"],"_links":{"self":[{"href":"https:\/\/pc.sc.gov.br\/index.php?rest_route=\/wp\/v2\/posts\/29597","targetHints":{"allow":["GET"]}}],"collection":[{"href":"https:\/\/pc.sc.gov.br\/index.php?rest_route=\/wp\/v2\/posts"}],"about":[{"href":"https:\/\/pc.sc.gov.br\/index.php?rest_route=\/wp\/v2\/types\/post"}],"author":[{"embeddable":true,"href":"https:\/\/pc.sc.gov.br\/index.php?rest_route=\/wp\/v2\/users\/5"}],"replies":[{"embeddable":true,"href":"https:\/\/pc.sc.gov.br\/index.php?rest_route=%2Fwp%2Fv2%2Fcomments&post=29597"}],"version-history":[{"count":4,"href":"https:\/\/pc.sc.gov.br\/index.php?rest_route=\/wp\/v2\/posts\/29597\/revisions"}],"predecessor-version":[{"id":29604,"href":"https:\/\/pc.sc.gov.br\/index.php?rest_route=\/wp\/v2\/posts\/29597\/revisions\/29604"}],"wp:featuredmedia":[{"embeddable":true,"href":"https:\/\/pc.sc.gov.br\/index.php?rest_route=\/wp\/v2\/media\/29598"}],"wp:attachment":[{"href":"https:\/\/pc.sc.gov.br\/index.php?rest_route=%2Fwp%2Fv2%2Fmedia&parent=29597"}],"wp:term":[{"taxonomy":"category","embeddable":true,"href":"https:\/\/pc.sc.gov.br\/index.php?rest_route=%2Fwp%2Fv2%2Fcategories&post=29597"},{"taxonomy":"post_tag","embeddable":true,"href":"https:\/\/pc.sc.gov.br\/index.php?rest_route=%2Fwp%2Fv2%2Ftags&post=29597"}],"curies":[{"name":"wp","href":"https:\/\/api.w.org\/{rel}","templated":true}]}}