{"id":29605,"date":"2025-06-26T19:53:57","date_gmt":"2025-06-26T22:53:57","guid":{"rendered":"https:\/\/pc.sc.gov.br\/?p=29605"},"modified":"2025-06-26T19:55:45","modified_gmt":"2025-06-26T22:55:45","slug":"delegado-geral-da-policia-civil-recebe-prefeita-de-icara-e-comitiva-em-agenda-por-nova-delegacia-especializada","status":"publish","type":"post","link":"https:\/\/pc.sc.gov.br\/?p=29605","title":{"rendered":"Delegado-Geral da Pol\u00edcia Civil recebe prefeita de I\u00e7ara e comitiva em agenda por nova delegacia especializada"},"content":{"rendered":"\t\t<div data-elementor-type=\"wp-post\" data-elementor-id=\"29605\" class=\"elementor elementor-29605\" data-elementor-post-type=\"post\">\n\t\t\t\t\t\t<section class=\"elementor-section elementor-top-section elementor-element elementor-element-5cfa8f0 elementor-section-boxed elementor-section-height-default elementor-section-height-default\" data-id=\"5cfa8f0\" data-element_type=\"section\">\n\t\t\t\t\t\t<div class=\"elementor-container elementor-column-gap-default\">\n\t\t\t\t\t<div class=\"elementor-column elementor-col-100 elementor-top-column elementor-element elementor-element-abda763\" data-id=\"abda763\" data-element_type=\"column\">\n\t\t\t<div class=\"elementor-widget-wrap elementor-element-populated\">\n\t\t\t\t\t\t<div class=\"elementor-element elementor-element-2ce8843 elementor-widget elementor-widget-heading\" data-id=\"2ce8843\" data-element_type=\"widget\" data-widget_type=\"heading.default\">\n\t\t\t\t<div class=\"elementor-widget-container\">\n\t\t\t\t\t<h2 class=\"elementor-heading-title elementor-size-default\">Delegado-Geral da Pol\u00edcia Civil recebe prefeita de I\u00e7ara e comitiva em agenda por nova delegacia especializada<\/h2>\t\t\t\t<\/div>\n\t\t\t\t<\/div>\n\t\t\t\t\t<\/div>\n\t\t<\/div>\n\t\t\t\t\t<\/div>\n\t\t<\/section>\n\t\t\t\t<section class=\"elementor-section elementor-top-section elementor-element elementor-element-126681a elementor-section-boxed elementor-section-height-default elementor-section-height-default\" data-id=\"126681a\" data-element_type=\"section\">\n\t\t\t\t\t\t<div class=\"elementor-container elementor-column-gap-default\">\n\t\t\t\t\t<div class=\"elementor-column elementor-col-100 elementor-top-column elementor-element elementor-element-345f5b9\" data-id=\"345f5b9\" data-element_type=\"column\">\n\t\t\t<div class=\"elementor-widget-wrap elementor-element-populated\">\n\t\t\t\t\t\t<div class=\"elementor-element elementor-element-8786a38 elementor-widget elementor-widget-image\" data-id=\"8786a38\" data-element_type=\"widget\" data-widget_type=\"image.default\">\n\t\t\t\t<div class=\"elementor-widget-container\">\n\t\t\t\t\t\t\t\t\t\t\t\t\t\t\t<img fetchpriority=\"high\" decoding=\"async\" width=\"696\" height=\"453\" src=\"https:\/\/pc.sc.gov.br\/\/wp-content\/uploads\/2025\/06\/WhatsApp-Image-2025-06-26-at-19.52.01-1024x667.jpeg\" class=\"attachment-large size-large wp-image-29606\" alt=\"\" srcset=\"https:\/\/pc.sc.gov.br\/\/wp-content\/uploads\/2025\/06\/WhatsApp-Image-2025-06-26-at-19.52.01-1024x667.jpeg 1024w, https:\/\/pc.sc.gov.br\/\/wp-content\/uploads\/2025\/06\/WhatsApp-Image-2025-06-26-at-19.52.01-300x195.jpeg 300w, https:\/\/pc.sc.gov.br\/\/wp-content\/uploads\/2025\/06\/WhatsApp-Image-2025-06-26-at-19.52.01-768x500.jpeg 768w, https:\/\/pc.sc.gov.br\/\/wp-content\/uploads\/2025\/06\/WhatsApp-Image-2025-06-26-at-19.52.01.jpeg 1280w\" sizes=\"(max-width: 696px) 100vw, 696px\" \/>\t\t\t\t\t\t\t\t\t\t\t\t\t\t\t<\/div>\n\t\t\t\t<\/div>\n\t\t\t\t\t<\/div>\n\t\t<\/div>\n\t\t\t\t\t<\/div>\n\t\t<\/section>\n\t\t\t\t<section class=\"elementor-section elementor-top-section elementor-element elementor-element-a1b3999 elementor-section-boxed elementor-section-height-default elementor-section-height-default\" data-id=\"a1b3999\" data-element_type=\"section\">\n\t\t\t\t\t\t<div class=\"elementor-container elementor-column-gap-default\">\n\t\t\t\t\t<div class=\"elementor-column elementor-col-100 elementor-top-column elementor-element elementor-element-8209e09\" data-id=\"8209e09\" data-element_type=\"column\">\n\t\t\t<div class=\"elementor-widget-wrap elementor-element-populated\">\n\t\t\t\t\t\t<div class=\"elementor-element elementor-element-4c16f76 elementor-widget elementor-widget-text-editor\" data-id=\"4c16f76\" data-element_type=\"widget\" data-widget_type=\"text-editor.default\">\n\t\t\t\t<div class=\"elementor-widget-container\">\n\t\t\t\t\t\t\t\t\t<p>O Delegado-Geral da Pol\u00edcia Civil de Santa Catarina, Ulisses Gabriel, recebeu a prefeita de I\u00e7ara, Dalvania Cardoso, em agenda institucional, na sede da Delegacia-Geral, em Florian\u00f3polis. A prefeita esteve acompanhada de dez vereadores e representantes do setor empresarial do munic\u00edpio, que vieram apresentar o pleito para a instala\u00e7\u00e3o de uma Delegacia de Prote\u00e7\u00e3o \u00e0 Crian\u00e7a, ao Adolescente, \u00e0 Mulher e ao Idoso (DPCAMI) na cidade.<br><br>O pedido est\u00e1 em conson\u00e2ncia com o planejamento estrat\u00e9gico da Pol\u00edcia Civil de Santa Catarina e com o projeto do Governo do Estado, liderado pelo governador Jorginho Mello e pela vice-governadora Marilisa Boehm, que prev\u00ea a implanta\u00e7\u00e3o de DPCAMIs em cidades com mais de 50 mil habitantes. A medida visa fortalecer a atua\u00e7\u00e3o no enfrentamento \u00e0 viol\u00eancia dom\u00e9stica e na prote\u00e7\u00e3o de p\u00fablicos vulner\u00e1veis.<br><br>Al\u00e9m de I\u00e7ara, o projeto contempla os munic\u00edpios de Cambori\u00fa, Navegantes, Bigua\u00e7u, Itapema, Gaspar, Indaial, S\u00e3o Francisco do Sul, Imbituba, Tijucas, Barra Velha e Araquari.<br><br><b>Reestrutura\u00e7\u00e3o e fortalecimento da Pol\u00edcia Civil<\/b><br><br>Sob a gest\u00e3o do Delegado-Geral Ulisses Gabriel, a Pol\u00edcia Civil vem promovendo uma profunda moderniza\u00e7\u00e3o de sua estrutura organizacional. Entre as iniciativas estrat\u00e9gicas, est\u00e3o a reestrutura\u00e7\u00e3o da Coordenadoria de Combate \u00e0 Corrup\u00e7\u00e3o, a organiza\u00e7\u00e3o das Delegacias de Combate \u00e0 Corrup\u00e7\u00e3o, a reestrutura\u00e7\u00e3o da Coordenadoria de Opera\u00e7\u00f5es com C\u00e3es e a cria\u00e7\u00e3o formal da Coordenadoria das DPCAPMIs, da Coordenaria de Plant\u00e3o Policial, da Coordenadoria de Psicologia Policial e da Ger\u00eancia de Cyberintelig\u00eancia e da Coordenadoria de Armas e Muni\u00e7\u00f5es.<br><br>Essas a\u00e7\u00f5es visam qualificar a presta\u00e7\u00e3o de servi\u00e7os \u00e0 popula\u00e7\u00e3o, melhorar o atendimento \u00e0s v\u00edtimas e fortalecer o combate \u00e0 criminalidade em todas as regi\u00f5es do Estado.<br><br>A visita institucional foi mais um momento de di\u00e1logo e alinhamento entre a Pol\u00edcia Civil e os gestores municipais, com foco na amplia\u00e7\u00e3o da presen\u00e7a e da efetividade da institui\u00e7\u00e3o nas demandas sociais mais sens\u00edveis, como a prote\u00e7\u00e3o \u00e0 mulher, \u00e0 crian\u00e7a e ao adolescente.<\/p>\t\t\t\t\t\t\t\t<\/div>\n\t\t\t\t<\/div>\n\t\t\t\t\t<\/div>\n\t\t<\/div>\n\t\t\t\t\t<\/div>\n\t\t<\/section>\n\t\t\t\t<section class=\"elementor-section elementor-top-section elementor-element elementor-element-0df9fc5 elementor-section-boxed elementor-section-height-default elementor-section-height-default\" data-id=\"0df9fc5\" data-element_type=\"section\">\n\t\t\t\t\t\t<div class=\"elementor-container elementor-column-gap-default\">\n\t\t\t\t\t<div class=\"elementor-column elementor-col-100 elementor-top-column elementor-element elementor-element-ed32411\" data-id=\"ed32411\" data-element_type=\"column\">\n\t\t\t<div class=\"elementor-widget-wrap elementor-element-populated\">\n\t\t\t\t\t\t<div class=\"elementor-element elementor-element-cf44971 elementor-widget elementor-widget-image\" data-id=\"cf44971\" data-element_type=\"widget\" data-widget_type=\"image.default\">\n\t\t\t\t<div class=\"elementor-widget-container\">\n\t\t\t\t\t\t\t\t\t\t\t\t\t\t\t<img decoding=\"async\" width=\"696\" height=\"928\" src=\"https:\/\/pc.sc.gov.br\/\/wp-content\/uploads\/2025\/06\/WhatsApp-Image-2025-06-26-at-19.52.02-768x1024.jpeg\" class=\"attachment-large size-large wp-image-29609\" alt=\"\" srcset=\"https:\/\/pc.sc.gov.br\/\/wp-content\/uploads\/2025\/06\/WhatsApp-Image-2025-06-26-at-19.52.02-768x1024.jpeg 768w, https:\/\/pc.sc.gov.br\/\/wp-content\/uploads\/2025\/06\/WhatsApp-Image-2025-06-26-at-19.52.02-225x300.jpeg 225w, https:\/\/pc.sc.gov.br\/\/wp-content\/uploads\/2025\/06\/WhatsApp-Image-2025-06-26-at-19.52.02-1152x1536.jpeg 1152w, https:\/\/pc.sc.gov.br\/\/wp-content\/uploads\/2025\/06\/WhatsApp-Image-2025-06-26-at-19.52.02.jpeg 1200w\" sizes=\"(max-width: 696px) 100vw, 696px\" \/>\t\t\t\t\t\t\t\t\t\t\t\t\t\t\t<\/div>\n\t\t\t\t<\/div>\n\t\t\t\t\t<\/div>\n\t\t<\/div>\n\t\t\t\t\t<\/div>\n\t\t<\/section>\n\t\t\t\t<\/div>\n\t\t","protected":false},"excerpt":{"rendered":"<p>Delegado-Geral da Pol\u00edcia Civil recebe prefeita de I\u00e7ara e comitiva em agenda por nova delegacia especializada O Delegado-Geral da Pol\u00edcia Civil de Santa Catarina, Ulisses Gabriel, recebeu a prefeita de I\u00e7ara, Dalvania Cardoso, em agenda institucional, na sede da Delegacia-Geral, em Florian\u00f3polis. A prefeita esteve acompanhada de dez vereadores e representantes do setor empresarial do [&hellip;]<\/p>\n","protected":false},"author":5,"featured_media":29606,"comment_status":"closed","ping_status":"open","sticky":false,"template":"","format":"standard","meta":{"_monsterinsights_skip_tracking":false,"_monsterinsights_sitenote_active":false,"_monsterinsights_sitenote_note":"","_monsterinsights_sitenote_category":0,"footnotes":""},"categories":[1],"tags":[],"class_list":["post-29605","post","type-post","status-publish","format-standard","has-post-thumbnail","hentry","category-sem-categoria"],"_links":{"self":[{"href":"https:\/\/pc.sc.gov.br\/index.php?rest_route=\/wp\/v2\/posts\/29605","targetHints":{"allow":["GET"]}}],"collection":[{"href":"https:\/\/pc.sc.gov.br\/index.php?rest_route=\/wp\/v2\/posts"}],"about":[{"href":"https:\/\/pc.sc.gov.br\/index.php?rest_route=\/wp\/v2\/types\/post"}],"author":[{"embeddable":true,"href":"https:\/\/pc.sc.gov.br\/index.php?rest_route=\/wp\/v2\/users\/5"}],"replies":[{"embeddable":true,"href":"https:\/\/pc.sc.gov.br\/index.php?rest_route=%2Fwp%2Fv2%2Fcomments&post=29605"}],"version-history":[{"count":4,"href":"https:\/\/pc.sc.gov.br\/index.php?rest_route=\/wp\/v2\/posts\/29605\/revisions"}],"predecessor-version":[{"id":29612,"href":"https:\/\/pc.sc.gov.br\/index.php?rest_route=\/wp\/v2\/posts\/29605\/revisions\/29612"}],"wp:featuredmedia":[{"embeddable":true,"href":"https:\/\/pc.sc.gov.br\/index.php?rest_route=\/wp\/v2\/media\/29606"}],"wp:attachment":[{"href":"https:\/\/pc.sc.gov.br\/index.php?rest_route=%2Fwp%2Fv2%2Fmedia&parent=29605"}],"wp:term":[{"taxonomy":"category","embeddable":true,"href":"https:\/\/pc.sc.gov.br\/index.php?rest_route=%2Fwp%2Fv2%2Fcategories&post=29605"},{"taxonomy":"post_tag","embeddable":true,"href":"https:\/\/pc.sc.gov.br\/index.php?rest_route=%2Fwp%2Fv2%2Ftags&post=29605"}],"curies":[{"name":"wp","href":"https:\/\/api.w.org\/{rel}","templated":true}]}}