{"id":29613,"date":"2025-06-27T14:26:15","date_gmt":"2025-06-27T17:26:15","guid":{"rendered":"https:\/\/pc.sc.gov.br\/?p=29613"},"modified":"2025-06-27T14:27:02","modified_gmt":"2025-06-27T17:27:02","slug":"operacao-integrada-resulta-na-apreensao-de-209-quilos-de-maconha-em-rancho-queimado","status":"publish","type":"post","link":"https:\/\/pc.sc.gov.br\/?p=29613","title":{"rendered":"Opera\u00e7\u00e3o integrada resulta na apreens\u00e3o de 209 quilos de maconha em Rancho Queimado"},"content":{"rendered":"\t\t<div data-elementor-type=\"wp-post\" data-elementor-id=\"29613\" class=\"elementor elementor-29613\" data-elementor-post-type=\"post\">\n\t\t\t\t\t\t<section class=\"elementor-section elementor-top-section elementor-element elementor-element-c29b03a elementor-section-boxed elementor-section-height-default elementor-section-height-default\" data-id=\"c29b03a\" data-element_type=\"section\">\n\t\t\t\t\t\t<div class=\"elementor-container elementor-column-gap-default\">\n\t\t\t\t\t<div class=\"elementor-column elementor-col-100 elementor-top-column elementor-element elementor-element-4948d21\" data-id=\"4948d21\" data-element_type=\"column\">\n\t\t\t<div class=\"elementor-widget-wrap elementor-element-populated\">\n\t\t\t\t\t\t<div class=\"elementor-element elementor-element-82822d6 elementor-widget elementor-widget-heading\" data-id=\"82822d6\" data-element_type=\"widget\" data-widget_type=\"heading.default\">\n\t\t\t\t<div class=\"elementor-widget-container\">\n\t\t\t\t\t<h2 class=\"elementor-heading-title elementor-size-default\">Opera\u00e7\u00e3o integrada resulta na apreens\u00e3o de 209 quilos de maconha em Rancho Queimado<\/h2>\t\t\t\t<\/div>\n\t\t\t\t<\/div>\n\t\t\t\t\t<\/div>\n\t\t<\/div>\n\t\t\t\t\t<\/div>\n\t\t<\/section>\n\t\t\t\t<section class=\"elementor-section elementor-top-section elementor-element elementor-element-1db0f40 elementor-section-boxed elementor-section-height-default elementor-section-height-default\" data-id=\"1db0f40\" data-element_type=\"section\">\n\t\t\t\t\t\t<div class=\"elementor-container elementor-column-gap-default\">\n\t\t\t\t\t<div class=\"elementor-column elementor-col-100 elementor-top-column elementor-element elementor-element-a25bb04\" data-id=\"a25bb04\" data-element_type=\"column\">\n\t\t\t<div class=\"elementor-widget-wrap elementor-element-populated\">\n\t\t\t\t\t\t<div class=\"elementor-element elementor-element-9ec0e72 elementor-widget elementor-widget-image\" data-id=\"9ec0e72\" data-element_type=\"widget\" data-widget_type=\"image.default\">\n\t\t\t\t<div class=\"elementor-widget-container\">\n\t\t\t\t\t\t\t\t\t\t\t\t\t\t\t<img fetchpriority=\"high\" decoding=\"async\" width=\"696\" height=\"890\" src=\"https:\/\/pc.sc.gov.br\/\/wp-content\/uploads\/2025\/06\/WhatsApp-Image-2025-06-27-at-01.04.20-801x1024.jpeg\" class=\"attachment-large size-large wp-image-29614\" alt=\"\" srcset=\"https:\/\/pc.sc.gov.br\/\/wp-content\/uploads\/2025\/06\/WhatsApp-Image-2025-06-27-at-01.04.20-801x1024.jpeg 801w, https:\/\/pc.sc.gov.br\/\/wp-content\/uploads\/2025\/06\/WhatsApp-Image-2025-06-27-at-01.04.20-235x300.jpeg 235w, https:\/\/pc.sc.gov.br\/\/wp-content\/uploads\/2025\/06\/WhatsApp-Image-2025-06-27-at-01.04.20-768x982.jpeg 768w, https:\/\/pc.sc.gov.br\/\/wp-content\/uploads\/2025\/06\/WhatsApp-Image-2025-06-27-at-01.04.20.jpeg 1079w\" sizes=\"(max-width: 696px) 100vw, 696px\" \/>\t\t\t\t\t\t\t\t\t\t\t\t\t\t\t<\/div>\n\t\t\t\t<\/div>\n\t\t\t\t\t<\/div>\n\t\t<\/div>\n\t\t\t\t\t<\/div>\n\t\t<\/section>\n\t\t\t\t<section class=\"elementor-section elementor-top-section elementor-element elementor-element-8a8ecf6 elementor-section-boxed elementor-section-height-default elementor-section-height-default\" data-id=\"8a8ecf6\" data-element_type=\"section\">\n\t\t\t\t\t\t<div class=\"elementor-container elementor-column-gap-default\">\n\t\t\t\t\t<div class=\"elementor-column elementor-col-100 elementor-top-column elementor-element elementor-element-61b4958\" data-id=\"61b4958\" data-element_type=\"column\">\n\t\t\t<div class=\"elementor-widget-wrap elementor-element-populated\">\n\t\t\t\t\t\t<div class=\"elementor-element elementor-element-53f26c1 elementor-widget elementor-widget-text-editor\" data-id=\"53f26c1\" data-element_type=\"widget\" data-widget_type=\"text-editor.default\">\n\t\t\t\t<div class=\"elementor-widget-container\">\n\t\t\t\t\t\t\t\t\t<p>Na noite desta quinta-feira (26\/06), aproximadamente 209 quilos de maconha foram apreendidos em a\u00e7\u00e3o conjunta da Pol\u00edcia Civil de Santa Catarina, por meio da Delegacia de Repress\u00e3o \u00e0s Drogas da DEIC, Pol\u00edcia Rodovi\u00e1ria Federal (PRF) e Pol\u00edcia Militar Rodovi\u00e1ria (PMRv) na localidade chamada Invernadinha, em Rancho Queimado. A a\u00e7\u00e3o tamb\u00e9m contou com o importante apoio da DPMU de Rancho Queimado.<\/p><p>Depois de quatro dias de intensa troca de informa\u00e7\u00f5es entre as tr\u00eas for\u00e7as de seguran\u00e7a, com in\u00edcio na segunda-feira (23\/06) no oeste de Santa Catarina, a carga suspeita foi localizada escondida em uma propriedade rural. A opera\u00e7\u00e3o contou com o revezamento de v\u00e1rias equipes da Se\u00e7\u00e3o de Intelig\u00eancia e N\u00facleo de Opera\u00e7\u00f5es Especiais (NOE) da PRF, Ag\u00eancia de Intelig\u00eancia e Pelot\u00e3o T\u00e1tico Ostensivo Rodovi\u00e1rio (TOR) da PMRv, e da Delegacia de Repress\u00e3o \u00e0s Drogas da DEIC.<\/p><p>Durante os dias de monitoramento, as equipes acompanharam o deslocamento da carga suspeita desde o oeste catarinense at\u00e9 a regi\u00e3o da Grande Florian\u00f3polis. Na noite de quinta-feira (26\/06), ap\u00f3s intenso trabalho investigativo, os policiais descobriram os tabletes da droga cuidadosamente ocultados na propriedade rural em Invernadinha.<\/p><p>A a\u00e7\u00e3o final, que ainda contou com o apoio especializado do N\u00facleo de Opera\u00e7\u00f5es com C\u00e3es (NOC) da PCSC, se estendeu da madrugada at\u00e9 o avan\u00e7ar da noite do dia 26 de junho.<\/p><p>A carga apreendida foi encaminhada para a Delegacia de Repress\u00e3o \u00e0s Drogas da DEIC para os procedimentos legais cab\u00edveis. As investiga\u00e7\u00f5es prosseguem para identificar e responsabilizar todos os envolvidos na rede de tr\u00e1fico.<\/p><p>Esta opera\u00e7\u00e3o exemplifica a efic\u00e1cia do trabalho integrado e coordenado entre as diferentes for\u00e7as de seguran\u00e7a p\u00fablica ao longo de v\u00e1rios dias, representando um importante golpe contra o tr\u00e1fico interestadual de drogas e impedindo que essa quantidade significativa de entorpecentes chegasse \u00e0s ruas.<\/p>\t\t\t\t\t\t\t\t<\/div>\n\t\t\t\t<\/div>\n\t\t\t\t\t<\/div>\n\t\t<\/div>\n\t\t\t\t\t<\/div>\n\t\t<\/section>\n\t\t\t\t<\/div>\n\t\t","protected":false},"excerpt":{"rendered":"<p>Opera\u00e7\u00e3o integrada resulta na apreens\u00e3o de 209 quilos de maconha em Rancho Queimado Na noite desta quinta-feira (26\/06), aproximadamente 209 quilos de maconha foram apreendidos em a\u00e7\u00e3o conjunta da Pol\u00edcia Civil de Santa Catarina, por meio da Delegacia de Repress\u00e3o \u00e0s Drogas da DEIC, Pol\u00edcia Rodovi\u00e1ria Federal (PRF) e Pol\u00edcia Militar Rodovi\u00e1ria (PMRv) na localidade [&hellip;]<\/p>\n","protected":false},"author":5,"featured_media":29614,"comment_status":"closed","ping_status":"open","sticky":false,"template":"","format":"standard","meta":{"_monsterinsights_skip_tracking":false,"_monsterinsights_sitenote_active":false,"_monsterinsights_sitenote_note":"","_monsterinsights_sitenote_category":0,"footnotes":""},"categories":[1],"tags":[],"class_list":["post-29613","post","type-post","status-publish","format-standard","has-post-thumbnail","hentry","category-sem-categoria"],"_links":{"self":[{"href":"https:\/\/pc.sc.gov.br\/index.php?rest_route=\/wp\/v2\/posts\/29613","targetHints":{"allow":["GET"]}}],"collection":[{"href":"https:\/\/pc.sc.gov.br\/index.php?rest_route=\/wp\/v2\/posts"}],"about":[{"href":"https:\/\/pc.sc.gov.br\/index.php?rest_route=\/wp\/v2\/types\/post"}],"author":[{"embeddable":true,"href":"https:\/\/pc.sc.gov.br\/index.php?rest_route=\/wp\/v2\/users\/5"}],"replies":[{"embeddable":true,"href":"https:\/\/pc.sc.gov.br\/index.php?rest_route=%2Fwp%2Fv2%2Fcomments&post=29613"}],"version-history":[{"count":4,"href":"https:\/\/pc.sc.gov.br\/index.php?rest_route=\/wp\/v2\/posts\/29613\/revisions"}],"predecessor-version":[{"id":29618,"href":"https:\/\/pc.sc.gov.br\/index.php?rest_route=\/wp\/v2\/posts\/29613\/revisions\/29618"}],"wp:featuredmedia":[{"embeddable":true,"href":"https:\/\/pc.sc.gov.br\/index.php?rest_route=\/wp\/v2\/media\/29614"}],"wp:attachment":[{"href":"https:\/\/pc.sc.gov.br\/index.php?rest_route=%2Fwp%2Fv2%2Fmedia&parent=29613"}],"wp:term":[{"taxonomy":"category","embeddable":true,"href":"https:\/\/pc.sc.gov.br\/index.php?rest_route=%2Fwp%2Fv2%2Fcategories&post=29613"},{"taxonomy":"post_tag","embeddable":true,"href":"https:\/\/pc.sc.gov.br\/index.php?rest_route=%2Fwp%2Fv2%2Ftags&post=29613"}],"curies":[{"name":"wp","href":"https:\/\/api.w.org\/{rel}","templated":true}]}}