{"id":29632,"date":"2025-06-30T17:03:03","date_gmt":"2025-06-30T20:03:03","guid":{"rendered":"https:\/\/pc.sc.gov.br\/?p=29632"},"modified":"2025-06-30T17:03:51","modified_gmt":"2025-06-30T20:03:51","slug":"policia-civil-deflagra-operacao-saturacao-em-combate-a-roubos-em-sao-jose","status":"publish","type":"post","link":"https:\/\/pc.sc.gov.br\/?p=29632","title":{"rendered":"Pol\u00edcia Civil deflagra opera\u00e7\u00e3o \u201cSatura\u00e7\u00e3o\u201d em combate a roubos em S\u00e3o Jos\u00e9"},"content":{"rendered":"\t\t<div data-elementor-type=\"wp-post\" data-elementor-id=\"29632\" class=\"elementor elementor-29632\" data-elementor-post-type=\"post\">\n\t\t\t\t\t\t<section class=\"elementor-section elementor-top-section elementor-element elementor-element-8d426bb elementor-section-boxed elementor-section-height-default elementor-section-height-default\" data-id=\"8d426bb\" data-element_type=\"section\">\n\t\t\t\t\t\t<div class=\"elementor-container elementor-column-gap-default\">\n\t\t\t\t\t<div class=\"elementor-column elementor-col-100 elementor-top-column elementor-element elementor-element-2cc9cfe\" data-id=\"2cc9cfe\" data-element_type=\"column\">\n\t\t\t<div class=\"elementor-widget-wrap elementor-element-populated\">\n\t\t\t\t\t\t<div class=\"elementor-element elementor-element-01ee50d elementor-widget elementor-widget-heading\" data-id=\"01ee50d\" data-element_type=\"widget\" data-widget_type=\"heading.default\">\n\t\t\t\t<div class=\"elementor-widget-container\">\n\t\t\t\t\t<h2 class=\"elementor-heading-title elementor-size-default\">Pol\u00edcia Civil deflagra opera\u00e7\u00e3o \u201cSatura\u00e7\u00e3o\u201d em combate a roubos em S\u00e3o Jos\u00e9<\/h2>\t\t\t\t<\/div>\n\t\t\t\t<\/div>\n\t\t\t\t\t<\/div>\n\t\t<\/div>\n\t\t\t\t\t<\/div>\n\t\t<\/section>\n\t\t\t\t<section class=\"elementor-section elementor-top-section elementor-element elementor-element-abbb780 elementor-section-boxed elementor-section-height-default elementor-section-height-default\" data-id=\"abbb780\" data-element_type=\"section\">\n\t\t\t\t\t\t<div class=\"elementor-container elementor-column-gap-default\">\n\t\t\t\t\t<div class=\"elementor-column elementor-col-100 elementor-top-column elementor-element elementor-element-d6087ba\" data-id=\"d6087ba\" data-element_type=\"column\">\n\t\t\t<div class=\"elementor-widget-wrap elementor-element-populated\">\n\t\t\t\t\t\t<div class=\"elementor-element elementor-element-3815b5b elementor-widget elementor-widget-image\" data-id=\"3815b5b\" data-element_type=\"widget\" data-widget_type=\"image.default\">\n\t\t\t\t<div class=\"elementor-widget-container\">\n\t\t\t\t\t\t\t\t\t\t\t\t\t\t\t<img fetchpriority=\"high\" decoding=\"async\" width=\"696\" height=\"522\" src=\"https:\/\/pc.sc.gov.br\/\/wp-content\/uploads\/2025\/06\/WhatsApp-Image-2025-06-30-at-14.41.53-1024x768.jpeg\" class=\"attachment-large size-large wp-image-29633\" alt=\"\" srcset=\"https:\/\/pc.sc.gov.br\/\/wp-content\/uploads\/2025\/06\/WhatsApp-Image-2025-06-30-at-14.41.53-1024x768.jpeg 1024w, https:\/\/pc.sc.gov.br\/\/wp-content\/uploads\/2025\/06\/WhatsApp-Image-2025-06-30-at-14.41.53-300x225.jpeg 300w, https:\/\/pc.sc.gov.br\/\/wp-content\/uploads\/2025\/06\/WhatsApp-Image-2025-06-30-at-14.41.53-768x576.jpeg 768w, https:\/\/pc.sc.gov.br\/\/wp-content\/uploads\/2025\/06\/WhatsApp-Image-2025-06-30-at-14.41.53-1536x1152.jpeg 1536w, https:\/\/pc.sc.gov.br\/\/wp-content\/uploads\/2025\/06\/WhatsApp-Image-2025-06-30-at-14.41.53.jpeg 1600w\" sizes=\"(max-width: 696px) 100vw, 696px\" \/>\t\t\t\t\t\t\t\t\t\t\t\t\t\t\t<\/div>\n\t\t\t\t<\/div>\n\t\t\t\t\t<\/div>\n\t\t<\/div>\n\t\t\t\t\t<\/div>\n\t\t<\/section>\n\t\t\t\t<section class=\"elementor-section elementor-top-section elementor-element elementor-element-1ee1eca elementor-section-boxed elementor-section-height-default elementor-section-height-default\" data-id=\"1ee1eca\" data-element_type=\"section\">\n\t\t\t\t\t\t<div class=\"elementor-container elementor-column-gap-default\">\n\t\t\t\t\t<div class=\"elementor-column elementor-col-100 elementor-top-column elementor-element elementor-element-8cea5a2\" data-id=\"8cea5a2\" data-element_type=\"column\">\n\t\t\t<div class=\"elementor-widget-wrap elementor-element-populated\">\n\t\t\t\t\t\t<div class=\"elementor-element elementor-element-4f61593 elementor-widget elementor-widget-text-editor\" data-id=\"4f61593\" data-element_type=\"widget\" data-widget_type=\"text-editor.default\">\n\t\t\t\t<div class=\"elementor-widget-container\">\n\t\t\t\t\t\t\t\t\t<p>Na \u00faltima sexta-feira (27\/06), a Pol\u00edcia Civil de Santa Catarina, por meio da Delegacia de Repress\u00e3o a Roubos de S\u00e3o Jos\u00e9, deflagrou a opera\u00e7\u00e3o \u201cSatura\u00e7\u00e3o\u201d com o objetivo de combater crimes de roubo na regi\u00e3o. A a\u00e7\u00e3o resultou no cumprimento de sete mandados de busca e apreens\u00e3o e na coleta de provas que robustecem as investiga\u00e7\u00f5es em andamento.<\/p><p>Durante a opera\u00e7\u00e3o, realizada nos Bairros Pedregal e Vila Esperan\u00e7a, al\u00e9m de materiais inerentes \u00e0 investiga\u00e7\u00e3o, um adolescente foi apreendido pelo crime de tr\u00e1fico de drogas e uma pessoa que estava foragida do Sistema Penitenci\u00e1rio foi localizada e presa. As investiga\u00e7\u00f5es prosseguem.<\/p><p>A opera\u00e7\u00e3o contou com o apoio das Delegacias da DRP de S\u00e3o Jos\u00e9 (DPCAMI, 2\u00aa DP e 1\u00ba NINT), DIC de S\u00e3o Jos\u00e9 (DECOD e DH), DIC da Capital (DECOD e DECRIM), DIC da Palho\u00e7a (DECOD), CORE (Opera\u00e7\u00f5es Especiais da Pol\u00edcia Civil) e COPC (Opera\u00e7\u00f5es com C\u00e3es da Pol\u00edcia Civil).<\/p>\t\t\t\t\t\t\t\t<\/div>\n\t\t\t\t<\/div>\n\t\t\t\t\t<\/div>\n\t\t<\/div>\n\t\t\t\t\t<\/div>\n\t\t<\/section>\n\t\t\t\t<section class=\"elementor-section elementor-top-section elementor-element elementor-element-9416c18 elementor-section-boxed elementor-section-height-default elementor-section-height-default\" data-id=\"9416c18\" data-element_type=\"section\">\n\t\t\t\t\t\t<div class=\"elementor-container elementor-column-gap-default\">\n\t\t\t\t\t<div class=\"elementor-column elementor-col-100 elementor-top-column elementor-element elementor-element-5de591a\" data-id=\"5de591a\" data-element_type=\"column\">\n\t\t\t<div class=\"elementor-widget-wrap elementor-element-populated\">\n\t\t\t\t\t\t<div class=\"elementor-element elementor-element-1efe3c1 elementor-widget elementor-widget-image\" data-id=\"1efe3c1\" data-element_type=\"widget\" data-widget_type=\"image.default\">\n\t\t\t\t<div class=\"elementor-widget-container\">\n\t\t\t\t\t\t\t\t\t\t\t\t\t\t\t<img decoding=\"async\" width=\"696\" height=\"926\" src=\"https:\/\/pc.sc.gov.br\/\/wp-content\/uploads\/2025\/06\/WhatsApp-Image-2025-06-30-at-14.41.39-770x1024.jpeg\" class=\"attachment-large size-large wp-image-29635\" alt=\"\" srcset=\"https:\/\/pc.sc.gov.br\/\/wp-content\/uploads\/2025\/06\/WhatsApp-Image-2025-06-30-at-14.41.39-770x1024.jpeg 770w, https:\/\/pc.sc.gov.br\/\/wp-content\/uploads\/2025\/06\/WhatsApp-Image-2025-06-30-at-14.41.39-226x300.jpeg 226w, https:\/\/pc.sc.gov.br\/\/wp-content\/uploads\/2025\/06\/WhatsApp-Image-2025-06-30-at-14.41.39-768x1021.jpeg 768w, https:\/\/pc.sc.gov.br\/\/wp-content\/uploads\/2025\/06\/WhatsApp-Image-2025-06-30-at-14.41.39.jpeg 963w\" sizes=\"(max-width: 696px) 100vw, 696px\" \/>\t\t\t\t\t\t\t\t\t\t\t\t\t\t\t<\/div>\n\t\t\t\t<\/div>\n\t\t\t\t\t<\/div>\n\t\t<\/div>\n\t\t\t\t\t<\/div>\n\t\t<\/section>\n\t\t\t\t<\/div>\n\t\t","protected":false},"excerpt":{"rendered":"<p>Pol\u00edcia Civil deflagra opera\u00e7\u00e3o \u201cSatura\u00e7\u00e3o\u201d em combate a roubos em S\u00e3o Jos\u00e9 Na \u00faltima sexta-feira (27\/06), a Pol\u00edcia Civil de Santa Catarina, por meio da Delegacia de Repress\u00e3o a Roubos de S\u00e3o Jos\u00e9, deflagrou a opera\u00e7\u00e3o \u201cSatura\u00e7\u00e3o\u201d com o objetivo de combater crimes de roubo na regi\u00e3o. A a\u00e7\u00e3o resultou no cumprimento de sete mandados [&hellip;]<\/p>\n","protected":false},"author":5,"featured_media":29633,"comment_status":"closed","ping_status":"open","sticky":false,"template":"","format":"standard","meta":{"_monsterinsights_skip_tracking":false,"_monsterinsights_sitenote_active":false,"_monsterinsights_sitenote_note":"","_monsterinsights_sitenote_category":0,"footnotes":""},"categories":[1],"tags":[],"class_list":["post-29632","post","type-post","status-publish","format-standard","has-post-thumbnail","hentry","category-sem-categoria"],"_links":{"self":[{"href":"https:\/\/pc.sc.gov.br\/index.php?rest_route=\/wp\/v2\/posts\/29632","targetHints":{"allow":["GET"]}}],"collection":[{"href":"https:\/\/pc.sc.gov.br\/index.php?rest_route=\/wp\/v2\/posts"}],"about":[{"href":"https:\/\/pc.sc.gov.br\/index.php?rest_route=\/wp\/v2\/types\/post"}],"author":[{"embeddable":true,"href":"https:\/\/pc.sc.gov.br\/index.php?rest_route=\/wp\/v2\/users\/5"}],"replies":[{"embeddable":true,"href":"https:\/\/pc.sc.gov.br\/index.php?rest_route=%2Fwp%2Fv2%2Fcomments&post=29632"}],"version-history":[{"count":4,"href":"https:\/\/pc.sc.gov.br\/index.php?rest_route=\/wp\/v2\/posts\/29632\/revisions"}],"predecessor-version":[{"id":29638,"href":"https:\/\/pc.sc.gov.br\/index.php?rest_route=\/wp\/v2\/posts\/29632\/revisions\/29638"}],"wp:featuredmedia":[{"embeddable":true,"href":"https:\/\/pc.sc.gov.br\/index.php?rest_route=\/wp\/v2\/media\/29633"}],"wp:attachment":[{"href":"https:\/\/pc.sc.gov.br\/index.php?rest_route=%2Fwp%2Fv2%2Fmedia&parent=29632"}],"wp:term":[{"taxonomy":"category","embeddable":true,"href":"https:\/\/pc.sc.gov.br\/index.php?rest_route=%2Fwp%2Fv2%2Fcategories&post=29632"},{"taxonomy":"post_tag","embeddable":true,"href":"https:\/\/pc.sc.gov.br\/index.php?rest_route=%2Fwp%2Fv2%2Ftags&post=29632"}],"curies":[{"name":"wp","href":"https:\/\/api.w.org\/{rel}","templated":true}]}}