{"id":29639,"date":"2025-06-30T17:18:24","date_gmt":"2025-06-30T20:18:24","guid":{"rendered":"https:\/\/pc.sc.gov.br\/?p=29639"},"modified":"2025-06-30T17:19:09","modified_gmt":"2025-06-30T20:19:09","slug":"policia-civil-e-prf-de-paulo-lopes-prendem-motorista-acusado-de-desviar-carga-avaliada-em-aproximadamente-15-milhao-de-reais","status":"publish","type":"post","link":"https:\/\/pc.sc.gov.br\/?p=29639","title":{"rendered":"Pol\u00edcia Civil e PRF de Paulo Lopes prendem motorista acusado de desviar carga avaliada em aproximadamente 1,5 milh\u00e3o de reais"},"content":{"rendered":"\t\t<div data-elementor-type=\"wp-post\" data-elementor-id=\"29639\" class=\"elementor elementor-29639\" data-elementor-post-type=\"post\">\n\t\t\t\t\t\t<section class=\"elementor-section elementor-top-section elementor-element elementor-element-a1ab723 elementor-section-boxed elementor-section-height-default elementor-section-height-default\" data-id=\"a1ab723\" data-element_type=\"section\">\n\t\t\t\t\t\t<div class=\"elementor-container elementor-column-gap-default\">\n\t\t\t\t\t<div class=\"elementor-column elementor-col-100 elementor-top-column elementor-element elementor-element-a07fda3\" data-id=\"a07fda3\" data-element_type=\"column\">\n\t\t\t<div class=\"elementor-widget-wrap elementor-element-populated\">\n\t\t\t\t\t\t<div class=\"elementor-element elementor-element-4d00136 elementor-widget elementor-widget-heading\" data-id=\"4d00136\" data-element_type=\"widget\" data-widget_type=\"heading.default\">\n\t\t\t\t<div class=\"elementor-widget-container\">\n\t\t\t\t\t<h2 class=\"elementor-heading-title elementor-size-default\">Pol\u00edcia Civil e PRF de Paulo Lopes prendem motorista acusado de desviar carga avaliada em aproximadamente 1,5 milh\u00e3o de reais<\/h2>\t\t\t\t<\/div>\n\t\t\t\t<\/div>\n\t\t\t\t\t<\/div>\n\t\t<\/div>\n\t\t\t\t\t<\/div>\n\t\t<\/section>\n\t\t\t\t<section class=\"elementor-section elementor-top-section elementor-element elementor-element-8e63200 elementor-section-boxed elementor-section-height-default elementor-section-height-default\" data-id=\"8e63200\" data-element_type=\"section\">\n\t\t\t\t\t\t<div class=\"elementor-container elementor-column-gap-default\">\n\t\t\t\t\t<div class=\"elementor-column elementor-col-100 elementor-top-column elementor-element elementor-element-ea084d4\" data-id=\"ea084d4\" data-element_type=\"column\">\n\t\t\t<div class=\"elementor-widget-wrap elementor-element-populated\">\n\t\t\t\t\t\t<div class=\"elementor-element elementor-element-abbd736 elementor-widget elementor-widget-image\" data-id=\"abbd736\" data-element_type=\"widget\" data-widget_type=\"image.default\">\n\t\t\t\t<div class=\"elementor-widget-container\">\n\t\t\t\t\t\t\t\t\t\t\t\t\t\t\t<img fetchpriority=\"high\" decoding=\"async\" width=\"696\" height=\"583\" src=\"https:\/\/pc.sc.gov.br\/\/wp-content\/uploads\/2023\/06\/pcscsfjsnfjsngjdfgn-2.jpg\" class=\"attachment-large size-large wp-image-10607\" alt=\"\" srcset=\"https:\/\/pc.sc.gov.br\/\/wp-content\/uploads\/2023\/06\/pcscsfjsnfjsngjdfgn-2.jpg 940w, https:\/\/pc.sc.gov.br\/\/wp-content\/uploads\/2023\/06\/pcscsfjsnfjsngjdfgn-2-300x251.jpg 300w, https:\/\/pc.sc.gov.br\/\/wp-content\/uploads\/2023\/06\/pcscsfjsnfjsngjdfgn-2-768x644.jpg 768w\" sizes=\"(max-width: 696px) 100vw, 696px\" \/>\t\t\t\t\t\t\t\t\t\t\t\t\t\t\t<\/div>\n\t\t\t\t<\/div>\n\t\t\t\t\t<\/div>\n\t\t<\/div>\n\t\t\t\t\t<\/div>\n\t\t<\/section>\n\t\t\t\t<section class=\"elementor-section elementor-top-section elementor-element elementor-element-4477624 elementor-section-boxed elementor-section-height-default elementor-section-height-default\" data-id=\"4477624\" data-element_type=\"section\">\n\t\t\t\t\t\t<div class=\"elementor-container elementor-column-gap-default\">\n\t\t\t\t\t<div class=\"elementor-column elementor-col-100 elementor-top-column elementor-element elementor-element-8d5fe74\" data-id=\"8d5fe74\" data-element_type=\"column\">\n\t\t\t<div class=\"elementor-widget-wrap elementor-element-populated\">\n\t\t\t\t\t\t<div class=\"elementor-element elementor-element-717f4ca elementor-widget elementor-widget-text-editor\" data-id=\"717f4ca\" data-element_type=\"widget\" data-widget_type=\"text-editor.default\">\n\t\t\t\t<div class=\"elementor-widget-container\">\n\t\t\t\t\t\t\t\t\t<p>Neste s\u00e1bado (28\/06), a Pol\u00edcia Civil de Santa Catarina, por meio da Delegacia de Furtos e Roubos de Cargas da Diretoria Estadual de Investiga\u00e7\u00f5es Criminais (DFRC\/DEIC), em trabalho integrado com a Unidade da Pol\u00edcia Rodovi\u00e1ria Federal de Paulo Lopes, deram cumprimento a mandado de pris\u00e3o preventiva, expedido pela Vara Criminal de S\u00e3o Francisco do Sul, contra motorista acusado de desviar uma carga de pe\u00e7as automotivas avaliada em aproximadamente 1,5 milh\u00e3o de reais.<\/p><p><strong>Entenda o caso<\/strong><\/p><p>Na \u00faltima ter\u00e7a-feira (24\/06), a DFRC\/DEIC deflagrou opera\u00e7\u00e3o policial nas cidades de S\u00e3o Francisco do Sul, Araquari, Joinville, Os\u00f3rio\/RS e Gravata\u00ed\/RS com o objetivo de dar cumprimento a 11 mandados de preventiva e a 20 mandados de busca e apreens\u00e3o contra uma organiza\u00e7\u00e3o criminosa especializada em furtos\/roubos de cargas e estabelecimentos comerciais, com atua\u00e7\u00e3o especialmente na regi\u00e3o norte de Santa Catarina.<\/p><p>Na ocasi\u00e3o, o motorista identificado como sendo o autor do desvio de uma das cargas (de pe\u00e7as automotivas) n\u00e3o havia sido localizado, pois estava em viagem. Na presente data, os policiais da DFRC identificaram que o suspeito havia carregado em S\u00e3o Paulo e que estaria retornando para o Rio Grande do Sul. Na sequ\u00eancia, mediante trabalho integrado com a PRF, os policiais lograram \u00eaxito na abordagem e consequente pris\u00e3o do investigado.<\/p><p>Ap\u00f3s a pris\u00e3o, o preso foi conduzido \u00e0 sede DEIC e, ao ser interrogado, acabou confessando que desviou a carga e que ganharia uma porcentagem para tanto, assim como que, na \u00e9poca dos fatos, narrou falsamente que teria sido v\u00edtima de um assalto. Ainda, salientou que acabou n\u00e3o recebendo a porcentagem, eis que a carga foi recuperada pela Pol\u00edcia Civil antes de chegar ao destino final.<\/p>\t\t\t\t\t\t\t\t<\/div>\n\t\t\t\t<\/div>\n\t\t\t\t\t<\/div>\n\t\t<\/div>\n\t\t\t\t\t<\/div>\n\t\t<\/section>\n\t\t\t\t<\/div>\n\t\t","protected":false},"excerpt":{"rendered":"<p>Pol\u00edcia Civil e PRF de Paulo Lopes prendem motorista acusado de desviar carga avaliada em aproximadamente 1,5 milh\u00e3o de reais Neste s\u00e1bado (28\/06), a Pol\u00edcia Civil de Santa Catarina, por meio da Delegacia de Furtos e Roubos de Cargas da Diretoria Estadual de Investiga\u00e7\u00f5es Criminais (DFRC\/DEIC), em trabalho integrado com a Unidade da Pol\u00edcia Rodovi\u00e1ria [&hellip;]<\/p>\n","protected":false},"author":5,"featured_media":13577,"comment_status":"closed","ping_status":"open","sticky":false,"template":"","format":"standard","meta":{"_monsterinsights_skip_tracking":false,"_monsterinsights_sitenote_active":false,"_monsterinsights_sitenote_note":"","_monsterinsights_sitenote_category":0,"footnotes":""},"categories":[1],"tags":[],"class_list":["post-29639","post","type-post","status-publish","format-standard","has-post-thumbnail","hentry","category-sem-categoria"],"_links":{"self":[{"href":"https:\/\/pc.sc.gov.br\/index.php?rest_route=\/wp\/v2\/posts\/29639","targetHints":{"allow":["GET"]}}],"collection":[{"href":"https:\/\/pc.sc.gov.br\/index.php?rest_route=\/wp\/v2\/posts"}],"about":[{"href":"https:\/\/pc.sc.gov.br\/index.php?rest_route=\/wp\/v2\/types\/post"}],"author":[{"embeddable":true,"href":"https:\/\/pc.sc.gov.br\/index.php?rest_route=\/wp\/v2\/users\/5"}],"replies":[{"embeddable":true,"href":"https:\/\/pc.sc.gov.br\/index.php?rest_route=%2Fwp%2Fv2%2Fcomments&post=29639"}],"version-history":[{"count":4,"href":"https:\/\/pc.sc.gov.br\/index.php?rest_route=\/wp\/v2\/posts\/29639\/revisions"}],"predecessor-version":[{"id":29643,"href":"https:\/\/pc.sc.gov.br\/index.php?rest_route=\/wp\/v2\/posts\/29639\/revisions\/29643"}],"wp:featuredmedia":[{"embeddable":true,"href":"https:\/\/pc.sc.gov.br\/index.php?rest_route=\/wp\/v2\/media\/13577"}],"wp:attachment":[{"href":"https:\/\/pc.sc.gov.br\/index.php?rest_route=%2Fwp%2Fv2%2Fmedia&parent=29639"}],"wp:term":[{"taxonomy":"category","embeddable":true,"href":"https:\/\/pc.sc.gov.br\/index.php?rest_route=%2Fwp%2Fv2%2Fcategories&post=29639"},{"taxonomy":"post_tag","embeddable":true,"href":"https:\/\/pc.sc.gov.br\/index.php?rest_route=%2Fwp%2Fv2%2Ftags&post=29639"}],"curies":[{"name":"wp","href":"https:\/\/api.w.org\/{rel}","templated":true}]}}