{"id":2965,"date":"2022-12-22T12:50:05","date_gmt":"2022-12-22T15:50:05","guid":{"rendered":"https:\/\/pc.sc.gov.br\/?p=2965"},"modified":"2022-12-22T14:30:56","modified_gmt":"2022-12-22T17:30:56","slug":"policia-civil-de-sc-atua-em-operacao-conjunta-que-resultou-na-apreensao-de-uma-tonelada-de-maconha-no-parana","status":"publish","type":"post","link":"https:\/\/pc.sc.gov.br\/?p=2965","title":{"rendered":"Pol\u00edcia Civil de SC atuou em opera\u00e7\u00e3o conjunta que resultou na apreens\u00e3o de uma tonelada de maconha no Paran\u00e1"},"content":{"rendered":"\t\t<div data-elementor-type=\"wp-post\" data-elementor-id=\"2965\" class=\"elementor elementor-2965\" data-elementor-post-type=\"post\">\n\t\t\t\t\t\t<section class=\"elementor-section elementor-top-section elementor-element elementor-element-39fe954 elementor-section-boxed elementor-section-height-default elementor-section-height-default\" data-id=\"39fe954\" data-element_type=\"section\">\n\t\t\t\t\t\t<div class=\"elementor-container elementor-column-gap-default\">\n\t\t\t\t\t<div class=\"elementor-column elementor-col-100 elementor-top-column elementor-element elementor-element-c90f7b1\" data-id=\"c90f7b1\" data-element_type=\"column\">\n\t\t\t<div class=\"elementor-widget-wrap elementor-element-populated\">\n\t\t\t\t\t\t<div class=\"elementor-element elementor-element-6a3df97 elementor-widget elementor-widget-heading\" data-id=\"6a3df97\" data-element_type=\"widget\" data-widget_type=\"heading.default\">\n\t\t\t\t<div class=\"elementor-widget-container\">\n\t\t\t\t\t<h2 class=\"elementor-heading-title elementor-size-default\">Pol\u00edcia Civil de SC atuou em opera\u00e7\u00e3o conjunta que apreendeu uma tonelada de maconha no Paran\u00e1<\/h2>\t\t\t\t<\/div>\n\t\t\t\t<\/div>\n\t\t\t\t\t<\/div>\n\t\t<\/div>\n\t\t\t\t\t<\/div>\n\t\t<\/section>\n\t\t\t\t<section class=\"elementor-section elementor-top-section elementor-element elementor-element-06085b1 elementor-section-boxed elementor-section-height-default elementor-section-height-default\" data-id=\"06085b1\" data-element_type=\"section\">\n\t\t\t\t\t\t<div class=\"elementor-container elementor-column-gap-default\">\n\t\t\t\t\t<div class=\"elementor-column elementor-col-100 elementor-top-column elementor-element elementor-element-2dcc7d9\" data-id=\"2dcc7d9\" data-element_type=\"column\">\n\t\t\t<div class=\"elementor-widget-wrap elementor-element-populated\">\n\t\t\t\t\t\t<div class=\"elementor-element elementor-element-159ff32 elementor-widget elementor-widget-image\" data-id=\"159ff32\" data-element_type=\"widget\" data-widget_type=\"image.default\">\n\t\t\t\t<div class=\"elementor-widget-container\">\n\t\t\t\t\t\t\t\t\t\t\t\t\t\t\t<img fetchpriority=\"high\" decoding=\"async\" width=\"696\" height=\"366\" src=\"https:\/\/pc.sc.gov.br\/\/wp-content\/uploads\/2022\/12\/WhatsApp-Image-2022-12-21-at-20.49.06-1024x538.jpeg\" class=\"attachment-large size-large wp-image-2966\" alt=\"\" srcset=\"https:\/\/pc.sc.gov.br\/\/wp-content\/uploads\/2022\/12\/WhatsApp-Image-2022-12-21-at-20.49.06-1024x538.jpeg 1024w, https:\/\/pc.sc.gov.br\/\/wp-content\/uploads\/2022\/12\/WhatsApp-Image-2022-12-21-at-20.49.06-300x158.jpeg 300w, https:\/\/pc.sc.gov.br\/\/wp-content\/uploads\/2022\/12\/WhatsApp-Image-2022-12-21-at-20.49.06-768x403.jpeg 768w, https:\/\/pc.sc.gov.br\/\/wp-content\/uploads\/2022\/12\/WhatsApp-Image-2022-12-21-at-20.49.06-1536x806.jpeg 1536w, https:\/\/pc.sc.gov.br\/\/wp-content\/uploads\/2022\/12\/WhatsApp-Image-2022-12-21-at-20.49.06.jpeg 1600w\" sizes=\"(max-width: 696px) 100vw, 696px\" \/>\t\t\t\t\t\t\t\t\t\t\t\t\t\t\t<\/div>\n\t\t\t\t<\/div>\n\t\t\t\t<div class=\"elementor-element elementor-element-f2f7c85 elementor-widget elementor-widget-text-editor\" data-id=\"f2f7c85\" data-element_type=\"widget\" data-widget_type=\"text-editor.default\">\n\t\t\t\t<div class=\"elementor-widget-container\">\n\t\t\t\t\t\t\t\t\t<p>A Pol\u00edcia Civil de Santa Catarina participou de uma a\u00e7\u00e3o conjunta com a Pol\u00edcia Civil do Paran\u00e1 que resultou na apreens\u00e3o de uma tonelada de maconha. A apreens\u00e3o aconteceu no munic\u00edpio de Vitorino, no Paran\u00e1, na noite de ter\u00e7a-feira (20).<\/p>\n<p>A Pol\u00edcia Civil catarinense atuou atrav\u00e9s da Coordenadoria de Opera\u00e7\u00f5es Policiais com C\u00e3es (PCSC\/COPC), por meio dos N\u00facleos de Opera\u00e7\u00f5es com C\u00e3es (NOCs\/PCSC) de S\u00e3o Louren\u00e7o do Oeste e Xanxer\u00ea, que prestaram apoio operacional na \u00e1rea de cinotecnia.<\/p>\n<p>Na a\u00e7\u00e3o conjunta com o NOC de Pato Branco (PCPR\/Denarc) foi realizada a abordagem a diversos ve\u00edculos, sendo que em uma carreta emplacada no Paraguai, com o uso dos c\u00e3es de detec\u00e7\u00e3o, foi poss\u00edvel localizar o transporte de uma tonelada de maconha. A carga da droga estava acondicionada no interior de dezoito pneus.<\/p>\n<p>Os c\u00e3es de detec\u00e7\u00e3o Boris, Loba e Raio (NOC Pato Branco &#8211; PCPR) selam a uni\u00e3o de esfor\u00e7os no combate ao crime pelas Pol\u00edcias Civis de Santa Catarina e Paran\u00e1.<\/p>\n<div>&nbsp;<\/div>\t\t\t\t\t\t\t\t<\/div>\n\t\t\t\t<\/div>\n\t\t\t\t\t<\/div>\n\t\t<\/div>\n\t\t\t\t\t<\/div>\n\t\t<\/section>\n\t\t\t\t<section class=\"elementor-section elementor-top-section elementor-element elementor-element-ba7ee4b elementor-section-boxed elementor-section-height-default elementor-section-height-default\" data-id=\"ba7ee4b\" data-element_type=\"section\">\n\t\t\t\t\t\t<div class=\"elementor-container elementor-column-gap-default\">\n\t\t\t\t\t<div class=\"elementor-column elementor-col-100 elementor-top-column elementor-element elementor-element-c48a64a\" data-id=\"c48a64a\" data-element_type=\"column\">\n\t\t\t<div class=\"elementor-widget-wrap elementor-element-populated\">\n\t\t\t\t\t\t<div class=\"elementor-element elementor-element-83614e3 elementor-widget__width-initial elementor-widget elementor-widget-video\" data-id=\"83614e3\" data-element_type=\"widget\" data-settings=\"{&quot;video_type&quot;:&quot;hosted&quot;,&quot;controls&quot;:&quot;yes&quot;}\" data-widget_type=\"video.default\">\n\t\t\t\t<div class=\"elementor-widget-container\">\n\t\t\t\t\t\t\t<div class=\"e-hosted-video elementor-wrapper elementor-open-inline\">\n\t\t\t\t\t<video class=\"elementor-video\" src=\"https:\/\/pc.sc.gov.br\/wp-content\/uploads\/2022\/12\/WhatsApp-Video-2022-12-22-at-14.24.58.mp4\" controls=\"\" preload=\"metadata\"><\/video>\n\t\t\t\t<\/div>\n\t\t\t\t\t\t<\/div>\n\t\t\t\t<\/div>\n\t\t\t\t\t<\/div>\n\t\t<\/div>\n\t\t\t\t\t<\/div>\n\t\t<\/section>\n\t\t\t\t<\/div>\n\t\t","protected":false},"excerpt":{"rendered":"<p>Pol\u00edcia Civil de SC atuou em opera\u00e7\u00e3o conjunta que apreendeu uma tonelada de maconha no Paran\u00e1 A Pol\u00edcia Civil de Santa Catarina participou de uma a\u00e7\u00e3o conjunta com a Pol\u00edcia Civil do Paran\u00e1 que resultou na apreens\u00e3o de uma tonelada de maconha. A apreens\u00e3o aconteceu no munic\u00edpio de Vitorino, no Paran\u00e1, na noite de ter\u00e7a-feira [&hellip;]<\/p>\n","protected":false},"author":10,"featured_media":2970,"comment_status":"closed","ping_status":"open","sticky":false,"template":"","format":"standard","meta":{"_monsterinsights_skip_tracking":false,"_monsterinsights_sitenote_active":false,"_monsterinsights_sitenote_note":"","_monsterinsights_sitenote_category":0,"footnotes":""},"categories":[1],"tags":[],"class_list":["post-2965","post","type-post","status-publish","format-standard","has-post-thumbnail","hentry","category-sem-categoria"],"_links":{"self":[{"href":"https:\/\/pc.sc.gov.br\/index.php?rest_route=\/wp\/v2\/posts\/2965","targetHints":{"allow":["GET"]}}],"collection":[{"href":"https:\/\/pc.sc.gov.br\/index.php?rest_route=\/wp\/v2\/posts"}],"about":[{"href":"https:\/\/pc.sc.gov.br\/index.php?rest_route=\/wp\/v2\/types\/post"}],"author":[{"embeddable":true,"href":"https:\/\/pc.sc.gov.br\/index.php?rest_route=\/wp\/v2\/users\/10"}],"replies":[{"embeddable":true,"href":"https:\/\/pc.sc.gov.br\/index.php?rest_route=%2Fwp%2Fv2%2Fcomments&post=2965"}],"version-history":[{"count":17,"href":"https:\/\/pc.sc.gov.br\/index.php?rest_route=\/wp\/v2\/posts\/2965\/revisions"}],"predecessor-version":[{"id":3007,"href":"https:\/\/pc.sc.gov.br\/index.php?rest_route=\/wp\/v2\/posts\/2965\/revisions\/3007"}],"wp:featuredmedia":[{"embeddable":true,"href":"https:\/\/pc.sc.gov.br\/index.php?rest_route=\/wp\/v2\/media\/2970"}],"wp:attachment":[{"href":"https:\/\/pc.sc.gov.br\/index.php?rest_route=%2Fwp%2Fv2%2Fmedia&parent=2965"}],"wp:term":[{"taxonomy":"category","embeddable":true,"href":"https:\/\/pc.sc.gov.br\/index.php?rest_route=%2Fwp%2Fv2%2Fcategories&post=2965"},{"taxonomy":"post_tag","embeddable":true,"href":"https:\/\/pc.sc.gov.br\/index.php?rest_route=%2Fwp%2Fv2%2Ftags&post=2965"}],"curies":[{"name":"wp","href":"https:\/\/api.w.org\/{rel}","templated":true}]}}