{"id":29690,"date":"2025-07-03T15:41:46","date_gmt":"2025-07-03T18:41:46","guid":{"rendered":"https:\/\/pc.sc.gov.br\/?p=29690"},"modified":"2025-07-03T15:42:54","modified_gmt":"2025-07-03T18:42:54","slug":"operacao-carga-oculta-desmantela-organizacao-criminosa-no-oeste-de-sc","status":"publish","type":"post","link":"https:\/\/pc.sc.gov.br\/?p=29690","title":{"rendered":"Opera\u00e7\u00e3o \u201cCarga Oculta\u201d desmantela organiza\u00e7\u00e3o criminosa no oeste de SC"},"content":{"rendered":"\t\t<div data-elementor-type=\"wp-post\" data-elementor-id=\"29690\" class=\"elementor elementor-29690\" data-elementor-post-type=\"post\">\n\t\t\t\t\t\t<section class=\"elementor-section elementor-top-section elementor-element elementor-element-a155d0b elementor-section-boxed elementor-section-height-default elementor-section-height-default\" data-id=\"a155d0b\" data-element_type=\"section\">\n\t\t\t\t\t\t<div class=\"elementor-container elementor-column-gap-default\">\n\t\t\t\t\t<div class=\"elementor-column elementor-col-100 elementor-top-column elementor-element elementor-element-7cadaa4\" data-id=\"7cadaa4\" data-element_type=\"column\">\n\t\t\t<div class=\"elementor-widget-wrap elementor-element-populated\">\n\t\t\t\t\t\t<div class=\"elementor-element elementor-element-8ea297a elementor-widget elementor-widget-heading\" data-id=\"8ea297a\" data-element_type=\"widget\" data-widget_type=\"heading.default\">\n\t\t\t\t<div class=\"elementor-widget-container\">\n\t\t\t\t\t<h2 class=\"elementor-heading-title elementor-size-default\">Opera\u00e7\u00e3o \u201cCarga Oculta\u201d desmantela organiza\u00e7\u00e3o criminosa no oeste de SC<\/h2>\t\t\t\t<\/div>\n\t\t\t\t<\/div>\n\t\t\t\t\t<\/div>\n\t\t<\/div>\n\t\t\t\t\t<\/div>\n\t\t<\/section>\n\t\t\t\t<section class=\"elementor-section elementor-top-section elementor-element elementor-element-1db7f0f elementor-section-boxed elementor-section-height-default elementor-section-height-default\" data-id=\"1db7f0f\" data-element_type=\"section\">\n\t\t\t\t\t\t<div class=\"elementor-container elementor-column-gap-default\">\n\t\t\t\t\t<div class=\"elementor-column elementor-col-100 elementor-top-column elementor-element elementor-element-7ba33f1\" data-id=\"7ba33f1\" data-element_type=\"column\">\n\t\t\t<div class=\"elementor-widget-wrap elementor-element-populated\">\n\t\t\t\t\t\t<div class=\"elementor-element elementor-element-975e66a elementor-widget elementor-widget-image\" data-id=\"975e66a\" data-element_type=\"widget\" data-widget_type=\"image.default\">\n\t\t\t\t<div class=\"elementor-widget-container\">\n\t\t\t\t\t\t\t\t\t\t\t\t\t\t\t<img fetchpriority=\"high\" decoding=\"async\" width=\"696\" height=\"928\" src=\"https:\/\/pc.sc.gov.br\/\/wp-content\/uploads\/2025\/07\/WhatsApp-Image-2025-07-03-at-10.32.01-768x1024.jpeg\" class=\"attachment-large size-large wp-image-29691\" alt=\"\" srcset=\"https:\/\/pc.sc.gov.br\/\/wp-content\/uploads\/2025\/07\/WhatsApp-Image-2025-07-03-at-10.32.01-768x1024.jpeg 768w, https:\/\/pc.sc.gov.br\/\/wp-content\/uploads\/2025\/07\/WhatsApp-Image-2025-07-03-at-10.32.01-225x300.jpeg 225w, https:\/\/pc.sc.gov.br\/\/wp-content\/uploads\/2025\/07\/WhatsApp-Image-2025-07-03-at-10.32.01-1152x1536.jpeg 1152w, https:\/\/pc.sc.gov.br\/\/wp-content\/uploads\/2025\/07\/WhatsApp-Image-2025-07-03-at-10.32.01-1536x2048.jpeg 1536w, https:\/\/pc.sc.gov.br\/\/wp-content\/uploads\/2025\/07\/WhatsApp-Image-2025-07-03-at-10.32.01-scaled.jpeg 1920w\" sizes=\"(max-width: 696px) 100vw, 696px\" \/>\t\t\t\t\t\t\t\t\t\t\t\t\t\t\t<\/div>\n\t\t\t\t<\/div>\n\t\t\t\t\t<\/div>\n\t\t<\/div>\n\t\t\t\t\t<\/div>\n\t\t<\/section>\n\t\t\t\t<section class=\"elementor-section elementor-top-section elementor-element elementor-element-e998e36 elementor-section-boxed elementor-section-height-default elementor-section-height-default\" data-id=\"e998e36\" data-element_type=\"section\">\n\t\t\t\t\t\t<div class=\"elementor-container elementor-column-gap-default\">\n\t\t\t\t\t<div class=\"elementor-column elementor-col-100 elementor-top-column elementor-element elementor-element-8a52571\" data-id=\"8a52571\" data-element_type=\"column\">\n\t\t\t<div class=\"elementor-widget-wrap elementor-element-populated\">\n\t\t\t\t\t\t<div class=\"elementor-element elementor-element-d8eb4a9 elementor-widget elementor-widget-text-editor\" data-id=\"d8eb4a9\" data-element_type=\"widget\" data-widget_type=\"text-editor.default\">\n\t\t\t\t<div class=\"elementor-widget-container\">\n\t\t\t\t\t\t\t\t\t<p>A Pol\u00edcia Civil de Santa Catarina (PCSC), em uma a\u00e7\u00e3o integrada com a Pol\u00edcia Federal (PF) e a Pol\u00edcia Civil do Paran\u00e1 (PCPR), deflagrou na manh\u00e3 desta quinta-feira (03\/06) a opera\u00e7\u00e3o \u201cCarga Oculta\u201d. O objetivo \u00e9 reprimir uma organiza\u00e7\u00e3o criminosa especializada no tr\u00e1fico interestadual de drogas e lavagem de dinheiro.<\/p><p>A investiga\u00e7\u00e3o, que durou cerca de tr\u00eas anos, revelou um esquema sofisticado de transporte de entorpecentes. A quadrilha preparava fundos falsos em caminh\u00f5es para o transporte de grandes carregamentos, incluindo diversas cargas de 300 kg de coca\u00edna e 700 kg de maconha.<\/p><p>Os l\u00edderes do grupo criminoso foram presos nas cidades de Xanxer\u00ea e Chapec\u00f3. Al\u00e9m deles, os respons\u00e1veis pela prepara\u00e7\u00e3o dos caminh\u00f5es e os motoristas envolvidos tamb\u00e9m foram detidos.<\/p><h3>Resultados da opera\u00e7\u00e3o<\/h3><p>A opera\u00e7\u00e3o \u201cCarga Oculta\u201d resultou no cumprimento de sete mandados de pris\u00e3o preventiva e 15 mandados de busca e apreens\u00e3o nos munic\u00edpios de Xanxer\u00ea, Chapec\u00f3, Cordilheira Alta, S\u00e3o Carlos e Pinhalzinho, todos localizados na regi\u00e3o Oeste de Santa Catarina.<\/p><p>Participaram da opera\u00e7\u00e3o 70 policiais das tr\u00eas for\u00e7as de seguran\u00e7a. Durante as buscas realizadas hoje, as equipes policiais apreenderam dois ve\u00edculos de alto valor.<\/p><p>Os crimes que est\u00e3o sendo investigados s\u00e3o organiza\u00e7\u00e3o criminosa, associa\u00e7\u00e3o para o tr\u00e1fico de drogas, tr\u00e1fico de drogas e lavagem de dinheiro.<\/p><h3>Integra\u00e7\u00e3o das For\u00e7as Policiais<\/h3><p>A opera\u00e7\u00e3o \u201cCarga Oculta\u201d demonstra um forte trabalho conjunto entre a Pol\u00edcia Civil de Santa Catarina, por meio da Delegacia de Repress\u00e3o \u00e0s Drogas (DRD) da DEIC e o SAER-Fron de Chapec\u00f3; a Pol\u00edcia Federal, por meio da Delegacia de Chapec\u00f3; e a pela Pol\u00edcia Civil do Paran\u00e1, por meio do DENARC de Pato Branco.<\/p><p>As investiga\u00e7\u00f5es prosseguem e maiores informa\u00e7\u00f5es ser\u00e3o divulgadas oportunamente, respeitando o sigilo necess\u00e1rio para o \u00eaxito das dilig\u00eancias em andamento.<\/p>\t\t\t\t\t\t\t\t<\/div>\n\t\t\t\t<\/div>\n\t\t\t\t\t<\/div>\n\t\t<\/div>\n\t\t\t\t\t<\/div>\n\t\t<\/section>\n\t\t\t\t<section class=\"elementor-section elementor-top-section elementor-element elementor-element-03c916e elementor-section-boxed elementor-section-height-default elementor-section-height-default\" data-id=\"03c916e\" data-element_type=\"section\">\n\t\t\t\t\t\t<div class=\"elementor-container elementor-column-gap-default\">\n\t\t\t\t\t<div class=\"elementor-column elementor-col-100 elementor-top-column elementor-element elementor-element-4dd07fc\" data-id=\"4dd07fc\" data-element_type=\"column\">\n\t\t\t<div class=\"elementor-widget-wrap elementor-element-populated\">\n\t\t\t\t\t\t<div class=\"elementor-element elementor-element-8ce347f elementor-widget elementor-widget-image\" data-id=\"8ce347f\" data-element_type=\"widget\" data-widget_type=\"image.default\">\n\t\t\t\t<div class=\"elementor-widget-container\">\n\t\t\t\t\t\t\t\t\t\t\t\t\t\t\t<img decoding=\"async\" width=\"696\" height=\"522\" src=\"https:\/\/pc.sc.gov.br\/\/wp-content\/uploads\/2025\/07\/WhatsApp-Image-2025-07-03-at-10.32.01-1-1024x768.jpeg\" class=\"attachment-large size-large wp-image-29693\" alt=\"\" srcset=\"https:\/\/pc.sc.gov.br\/\/wp-content\/uploads\/2025\/07\/WhatsApp-Image-2025-07-03-at-10.32.01-1-1024x768.jpeg 1024w, https:\/\/pc.sc.gov.br\/\/wp-content\/uploads\/2025\/07\/WhatsApp-Image-2025-07-03-at-10.32.01-1-300x225.jpeg 300w, https:\/\/pc.sc.gov.br\/\/wp-content\/uploads\/2025\/07\/WhatsApp-Image-2025-07-03-at-10.32.01-1-768x576.jpeg 768w, https:\/\/pc.sc.gov.br\/\/wp-content\/uploads\/2025\/07\/WhatsApp-Image-2025-07-03-at-10.32.01-1.jpeg 1280w\" sizes=\"(max-width: 696px) 100vw, 696px\" \/>\t\t\t\t\t\t\t\t\t\t\t\t\t\t\t<\/div>\n\t\t\t\t<\/div>\n\t\t\t\t\t<\/div>\n\t\t<\/div>\n\t\t\t\t\t<\/div>\n\t\t<\/section>\n\t\t\t\t<\/div>\n\t\t","protected":false},"excerpt":{"rendered":"<p>Opera\u00e7\u00e3o \u201cCarga Oculta\u201d desmantela organiza\u00e7\u00e3o criminosa no oeste de SC A Pol\u00edcia Civil de Santa Catarina (PCSC), em uma a\u00e7\u00e3o integrada com a Pol\u00edcia Federal (PF) e a Pol\u00edcia Civil do Paran\u00e1 (PCPR), deflagrou na manh\u00e3 desta quinta-feira (03\/06) a opera\u00e7\u00e3o \u201cCarga Oculta\u201d. O objetivo \u00e9 reprimir uma organiza\u00e7\u00e3o criminosa especializada no tr\u00e1fico interestadual de [&hellip;]<\/p>\n","protected":false},"author":5,"featured_media":29691,"comment_status":"closed","ping_status":"open","sticky":false,"template":"","format":"standard","meta":{"_monsterinsights_skip_tracking":false,"_monsterinsights_sitenote_active":false,"_monsterinsights_sitenote_note":"","_monsterinsights_sitenote_category":0,"footnotes":""},"categories":[1],"tags":[],"class_list":["post-29690","post","type-post","status-publish","format-standard","has-post-thumbnail","hentry","category-sem-categoria"],"_links":{"self":[{"href":"https:\/\/pc.sc.gov.br\/index.php?rest_route=\/wp\/v2\/posts\/29690","targetHints":{"allow":["GET"]}}],"collection":[{"href":"https:\/\/pc.sc.gov.br\/index.php?rest_route=\/wp\/v2\/posts"}],"about":[{"href":"https:\/\/pc.sc.gov.br\/index.php?rest_route=\/wp\/v2\/types\/post"}],"author":[{"embeddable":true,"href":"https:\/\/pc.sc.gov.br\/index.php?rest_route=\/wp\/v2\/users\/5"}],"replies":[{"embeddable":true,"href":"https:\/\/pc.sc.gov.br\/index.php?rest_route=%2Fwp%2Fv2%2Fcomments&post=29690"}],"version-history":[{"count":4,"href":"https:\/\/pc.sc.gov.br\/index.php?rest_route=\/wp\/v2\/posts\/29690\/revisions"}],"predecessor-version":[{"id":29696,"href":"https:\/\/pc.sc.gov.br\/index.php?rest_route=\/wp\/v2\/posts\/29690\/revisions\/29696"}],"wp:featuredmedia":[{"embeddable":true,"href":"https:\/\/pc.sc.gov.br\/index.php?rest_route=\/wp\/v2\/media\/29691"}],"wp:attachment":[{"href":"https:\/\/pc.sc.gov.br\/index.php?rest_route=%2Fwp%2Fv2%2Fmedia&parent=29690"}],"wp:term":[{"taxonomy":"category","embeddable":true,"href":"https:\/\/pc.sc.gov.br\/index.php?rest_route=%2Fwp%2Fv2%2Fcategories&post=29690"},{"taxonomy":"post_tag","embeddable":true,"href":"https:\/\/pc.sc.gov.br\/index.php?rest_route=%2Fwp%2Fv2%2Ftags&post=29690"}],"curies":[{"name":"wp","href":"https:\/\/api.w.org\/{rel}","templated":true}]}}