{"id":29724,"date":"2025-07-04T12:21:18","date_gmt":"2025-07-04T15:21:18","guid":{"rendered":"https:\/\/pc.sc.gov.br\/?p=29724"},"modified":"2025-07-04T12:23:43","modified_gmt":"2025-07-04T15:23:43","slug":"autopecas-em-sao-jose-e-alvo-da-32a-edicao-da-operacao-311-por-venda-de-pecas-ilicitas","status":"publish","type":"post","link":"https:\/\/pc.sc.gov.br\/?p=29724","title":{"rendered":"Autope\u00e7as em S\u00e3o Jos\u00e9 \u00e9 alvo da 32\u00aa edi\u00e7\u00e3o da opera\u00e7\u00e3o \u201c311\u201d por venda de pe\u00e7as il\u00edcitas"},"content":{"rendered":"\t\t<div data-elementor-type=\"wp-post\" data-elementor-id=\"29724\" class=\"elementor elementor-29724\" data-elementor-post-type=\"post\">\n\t\t\t\t\t\t<section class=\"elementor-section elementor-top-section elementor-element elementor-element-be6e63c elementor-section-boxed elementor-section-height-default elementor-section-height-default\" data-id=\"be6e63c\" data-element_type=\"section\">\n\t\t\t\t\t\t<div class=\"elementor-container elementor-column-gap-default\">\n\t\t\t\t\t<div class=\"elementor-column elementor-col-100 elementor-top-column elementor-element elementor-element-9b5a687\" data-id=\"9b5a687\" data-element_type=\"column\">\n\t\t\t<div class=\"elementor-widget-wrap elementor-element-populated\">\n\t\t\t\t\t\t<div class=\"elementor-element elementor-element-6501a34 elementor-widget elementor-widget-heading\" data-id=\"6501a34\" data-element_type=\"widget\" data-widget_type=\"heading.default\">\n\t\t\t\t<div class=\"elementor-widget-container\">\n\t\t\t\t\t<h2 class=\"elementor-heading-title elementor-size-default\">Autope\u00e7as em S\u00e3o Jos\u00e9 \u00e9 alvo da 32\u00aa edi\u00e7\u00e3o da opera\u00e7\u00e3o \u201c311\u201d por venda de pe\u00e7as il\u00edcitas<\/h2>\t\t\t\t<\/div>\n\t\t\t\t<\/div>\n\t\t\t\t\t<\/div>\n\t\t<\/div>\n\t\t\t\t\t<\/div>\n\t\t<\/section>\n\t\t\t\t<section class=\"elementor-section elementor-top-section elementor-element elementor-element-c001826 elementor-section-boxed elementor-section-height-default elementor-section-height-default\" data-id=\"c001826\" data-element_type=\"section\">\n\t\t\t\t\t\t<div class=\"elementor-container elementor-column-gap-default\">\n\t\t\t\t\t<div class=\"elementor-column elementor-col-100 elementor-top-column elementor-element elementor-element-e9e37f7\" data-id=\"e9e37f7\" data-element_type=\"column\">\n\t\t\t<div class=\"elementor-widget-wrap elementor-element-populated\">\n\t\t\t\t\t\t<div class=\"elementor-element elementor-element-09e55fb elementor-widget elementor-widget-image\" data-id=\"09e55fb\" data-element_type=\"widget\" data-widget_type=\"image.default\">\n\t\t\t\t<div class=\"elementor-widget-container\">\n\t\t\t\t\t\t\t\t\t\t\t\t\t\t\t<img fetchpriority=\"high\" decoding=\"async\" width=\"696\" height=\"523\" src=\"https:\/\/pc.sc.gov.br\/\/wp-content\/uploads\/2025\/07\/WhatsApp-Image-2025-07-03-at-23.16.39-1024x769.jpeg\" class=\"attachment-large size-large wp-image-29725\" alt=\"\" srcset=\"https:\/\/pc.sc.gov.br\/\/wp-content\/uploads\/2025\/07\/WhatsApp-Image-2025-07-03-at-23.16.39-1024x769.jpeg 1024w, https:\/\/pc.sc.gov.br\/\/wp-content\/uploads\/2025\/07\/WhatsApp-Image-2025-07-03-at-23.16.39-300x225.jpeg 300w, https:\/\/pc.sc.gov.br\/\/wp-content\/uploads\/2025\/07\/WhatsApp-Image-2025-07-03-at-23.16.39-768x576.jpeg 768w, https:\/\/pc.sc.gov.br\/\/wp-content\/uploads\/2025\/07\/WhatsApp-Image-2025-07-03-at-23.16.39-1536x1153.jpeg 1536w, https:\/\/pc.sc.gov.br\/\/wp-content\/uploads\/2025\/07\/WhatsApp-Image-2025-07-03-at-23.16.39.jpeg 1600w\" sizes=\"(max-width: 696px) 100vw, 696px\" \/>\t\t\t\t\t\t\t\t\t\t\t\t\t\t\t<\/div>\n\t\t\t\t<\/div>\n\t\t\t\t\t<\/div>\n\t\t<\/div>\n\t\t\t\t\t<\/div>\n\t\t<\/section>\n\t\t\t\t<section class=\"elementor-section elementor-top-section elementor-element elementor-element-18b139f elementor-section-boxed elementor-section-height-default elementor-section-height-default\" data-id=\"18b139f\" data-element_type=\"section\">\n\t\t\t\t\t\t<div class=\"elementor-container elementor-column-gap-default\">\n\t\t\t\t\t<div class=\"elementor-column elementor-col-100 elementor-top-column elementor-element elementor-element-ce492dd\" data-id=\"ce492dd\" data-element_type=\"column\">\n\t\t\t<div class=\"elementor-widget-wrap elementor-element-populated\">\n\t\t\t\t\t\t<div class=\"elementor-element elementor-element-2773020 elementor-widget elementor-widget-post-info\" data-id=\"2773020\" data-element_type=\"widget\" data-widget_type=\"post-info.default\">\n\t\t\t\t<div class=\"elementor-widget-container\">\n\t\t\t\t\t\t\t<ul class=\"elementor-inline-items elementor-icon-list-items elementor-post-info\">\n\t\t\t\t\t\t\t\t<li class=\"elementor-icon-list-item elementor-repeater-item-9bd784a elementor-inline-item\" itemprop=\"author\">\n\t\t\t\t\t\t<a href=\"https:\/\/pc.sc.gov.br\/?author=5\">\n\t\t\t\t\t\t\t\t\t\t\t<span class=\"elementor-icon-list-icon\">\n\t\t\t\t\t\t\t\t<i aria-hidden=\"true\" class=\"far fa-user-circle\"><\/i>\t\t\t\t\t\t\t<\/span>\n\t\t\t\t\t\t\t\t\t<span class=\"elementor-icon-list-text elementor-post-info__item elementor-post-info__item--type-author\">\n\t\t\t\t\t\t\t\t\t\tStefany de Souza Alves\t\t\t\t\t<\/span>\n\t\t\t\t\t\t\t\t\t<\/a>\n\t\t\t\t<\/li>\n\t\t\t\t<li class=\"elementor-icon-list-item elementor-repeater-item-80c4427 elementor-inline-item\" itemprop=\"datePublished\">\n\t\t\t\t\t\t<a href=\"https:\/\/pc.sc.gov.br\/?m=20250704\">\n\t\t\t\t\t\t\t\t\t\t\t<span class=\"elementor-icon-list-icon\">\n\t\t\t\t\t\t\t\t<i aria-hidden=\"true\" class=\"fas fa-calendar\"><\/i>\t\t\t\t\t\t\t<\/span>\n\t\t\t\t\t\t\t\t\t<span class=\"elementor-icon-list-text elementor-post-info__item elementor-post-info__item--type-date\">\n\t\t\t\t\t\t\t\t\t\t<time>julho 4, 2025<\/time>\t\t\t\t\t<\/span>\n\t\t\t\t\t\t\t\t\t<\/a>\n\t\t\t\t<\/li>\n\t\t\t\t<li class=\"elementor-icon-list-item elementor-repeater-item-6bd920e elementor-inline-item\">\n\t\t\t\t\t\t\t\t\t\t<span class=\"elementor-icon-list-icon\">\n\t\t\t\t\t\t\t\t<i aria-hidden=\"true\" class=\"far fa-clock\"><\/i>\t\t\t\t\t\t\t<\/span>\n\t\t\t\t\t\t\t\t\t<span class=\"elementor-icon-list-text elementor-post-info__item elementor-post-info__item--type-time\">\n\t\t\t\t\t\t\t\t\t\t<time>12:21 pm<\/time>\t\t\t\t\t<\/span>\n\t\t\t\t\t\t\t\t<\/li>\n\t\t\t\t<\/ul>\n\t\t\t\t\t\t<\/div>\n\t\t\t\t<\/div>\n\t\t\t\t\t<\/div>\n\t\t<\/div>\n\t\t\t\t\t<\/div>\n\t\t<\/section>\n\t\t\t\t<section class=\"elementor-section elementor-top-section elementor-element elementor-element-78e5899 elementor-section-boxed elementor-section-height-default elementor-section-height-default\" data-id=\"78e5899\" data-element_type=\"section\">\n\t\t\t\t\t\t<div class=\"elementor-container elementor-column-gap-default\">\n\t\t\t\t\t<div class=\"elementor-column elementor-col-100 elementor-top-column elementor-element elementor-element-300de54\" data-id=\"300de54\" data-element_type=\"column\">\n\t\t\t<div class=\"elementor-widget-wrap elementor-element-populated\">\n\t\t\t\t\t\t<div class=\"elementor-element elementor-element-3f1a0ef elementor-widget elementor-widget-text-editor\" data-id=\"3f1a0ef\" data-element_type=\"widget\" data-widget_type=\"text-editor.default\">\n\t\t\t\t<div class=\"elementor-widget-container\">\n\t\t\t\t\t\t\t\t\t<p>A Pol\u00edcia Civil de Santa Catarina deflagrou, nesta quinta-feira (03\/07), a 32\u00aa edi\u00e7\u00e3o da opera\u00e7\u00e3o \u201c311\u201d, voltada ao combate do com\u00e9rcio ilegal de pe\u00e7as automotivas associadas ao crime organizado. A a\u00e7\u00e3o foi realizada por meio da Delegacia de Furtos e Roubos de Ve\u00edculos (DFRV\/DEIC), com o apoio da Pol\u00edcia Cient\u00edfica e do N\u00facleo de Intelig\u00eancia da Guarda Municipal de S\u00e3o Jos\u00e9.<\/p><p><strong>Den\u00fancias an\u00f4nimas levaram \u00e0 investiga\u00e7\u00e3o<\/strong><\/p><p>A investiga\u00e7\u00e3o teve in\u00edcio ap\u00f3s a equipe da DFRV receber den\u00fancias apontando que uma loja de autope\u00e7as localizada no bairro Areias, em S\u00e3o Jos\u00e9, estaria comercializando componentes de origem il\u00edcita.<\/p><p><strong>Pe\u00e7as de 15 ve\u00edculos com sinais suprimidos foram apreendidas<\/strong><\/p><p>Durante a fiscaliza\u00e7\u00e3o no estabelecimento, foram encontradas pe\u00e7as automotivas com sinais identificadores suprimidos pertencentes a 15 ve\u00edculos distintos. A supress\u00e3o desses sinais tem como objetivo dificultar a identifica\u00e7\u00e3o e ocultar a origem criminosa dos ve\u00edculos de onde foram retiradas as pe\u00e7as.<\/p><p><strong>Empres\u00e1rio autuado em flagrante<\/strong><\/p><p>O propriet\u00e1rio da loja foi encaminhado \u00e0 sede da DEIC, em S\u00e3o Jos\u00e9, onde foi autuado em flagrante pelo crime de adultera\u00e7\u00e3o de sinal identificador de ve\u00edculo automotor, previsto no artigo 311 do C\u00f3digo Penal.<\/p><p><strong>A import\u00e2ncia da den\u00fancia an\u00f4nima<\/strong><\/p><p>A Pol\u00edcia Civil refor\u00e7a a relev\u00e2ncia da colabora\u00e7\u00e3o da popula\u00e7\u00e3o no enfrentamento ao crime. Informa\u00e7\u00f5es podem ser repassadas de forma an\u00f4nima e segura pelo Disque-Den\u00fancia 181 ou pelo WhatsApp (48) 98844-0011.<\/p>\t\t\t\t\t\t\t\t<\/div>\n\t\t\t\t<\/div>\n\t\t\t\t\t<\/div>\n\t\t<\/div>\n\t\t\t\t\t<\/div>\n\t\t<\/section>\n\t\t\t\t<section class=\"elementor-section elementor-top-section elementor-element elementor-element-c07ba04 elementor-section-boxed elementor-section-height-default elementor-section-height-default\" data-id=\"c07ba04\" data-element_type=\"section\">\n\t\t\t\t\t\t<div class=\"elementor-container elementor-column-gap-default\">\n\t\t\t\t\t<div class=\"elementor-column elementor-col-100 elementor-top-column elementor-element elementor-element-1704901\" data-id=\"1704901\" data-element_type=\"column\">\n\t\t\t<div class=\"elementor-widget-wrap elementor-element-populated\">\n\t\t\t\t\t\t<div class=\"elementor-element elementor-element-6c62837 elementor-widget elementor-widget-video\" data-id=\"6c62837\" data-element_type=\"widget\" data-settings=\"{&quot;video_type&quot;:&quot;hosted&quot;,&quot;controls&quot;:&quot;yes&quot;}\" data-widget_type=\"video.default\">\n\t\t\t\t<div class=\"elementor-widget-container\">\n\t\t\t\t\t\t\t<div class=\"e-hosted-video elementor-wrapper elementor-open-inline\">\n\t\t\t\t\t<video class=\"elementor-video\" src=\"https:\/\/pc.sc.gov.br\/wp-content\/uploads\/2025\/07\/WhatsApp-Video-2025-07-03-at-23.16.40.mp4\" controls=\"\" preload=\"metadata\"><\/video>\n\t\t\t\t<\/div>\n\t\t\t\t\t\t<\/div>\n\t\t\t\t<\/div>\n\t\t\t\t\t<\/div>\n\t\t<\/div>\n\t\t\t\t\t<\/div>\n\t\t<\/section>\n\t\t\t\t<\/div>\n\t\t","protected":false},"excerpt":{"rendered":"<p>Autope\u00e7as em S\u00e3o Jos\u00e9 \u00e9 alvo da 32\u00aa edi\u00e7\u00e3o da opera\u00e7\u00e3o \u201c311\u201d por venda de pe\u00e7as il\u00edcitas A Pol\u00edcia Civil de Santa Catarina deflagrou, nesta quinta-feira (03\/07), a 32\u00aa edi\u00e7\u00e3o da opera\u00e7\u00e3o \u201c311\u201d, voltada ao combate do com\u00e9rcio ilegal de pe\u00e7as automotivas associadas ao crime organizado. A a\u00e7\u00e3o foi realizada por meio da Delegacia de [&hellip;]<\/p>\n","protected":false},"author":5,"featured_media":29725,"comment_status":"closed","ping_status":"open","sticky":false,"template":"","format":"standard","meta":{"_monsterinsights_skip_tracking":false,"_monsterinsights_sitenote_active":false,"_monsterinsights_sitenote_note":"","_monsterinsights_sitenote_category":0,"footnotes":""},"categories":[1],"tags":[],"class_list":["post-29724","post","type-post","status-publish","format-standard","has-post-thumbnail","hentry","category-sem-categoria"],"_links":{"self":[{"href":"https:\/\/pc.sc.gov.br\/index.php?rest_route=\/wp\/v2\/posts\/29724","targetHints":{"allow":["GET"]}}],"collection":[{"href":"https:\/\/pc.sc.gov.br\/index.php?rest_route=\/wp\/v2\/posts"}],"about":[{"href":"https:\/\/pc.sc.gov.br\/index.php?rest_route=\/wp\/v2\/types\/post"}],"author":[{"embeddable":true,"href":"https:\/\/pc.sc.gov.br\/index.php?rest_route=\/wp\/v2\/users\/5"}],"replies":[{"embeddable":true,"href":"https:\/\/pc.sc.gov.br\/index.php?rest_route=%2Fwp%2Fv2%2Fcomments&post=29724"}],"version-history":[{"count":4,"href":"https:\/\/pc.sc.gov.br\/index.php?rest_route=\/wp\/v2\/posts\/29724\/revisions"}],"predecessor-version":[{"id":29730,"href":"https:\/\/pc.sc.gov.br\/index.php?rest_route=\/wp\/v2\/posts\/29724\/revisions\/29730"}],"wp:featuredmedia":[{"embeddable":true,"href":"https:\/\/pc.sc.gov.br\/index.php?rest_route=\/wp\/v2\/media\/29725"}],"wp:attachment":[{"href":"https:\/\/pc.sc.gov.br\/index.php?rest_route=%2Fwp%2Fv2%2Fmedia&parent=29724"}],"wp:term":[{"taxonomy":"category","embeddable":true,"href":"https:\/\/pc.sc.gov.br\/index.php?rest_route=%2Fwp%2Fv2%2Fcategories&post=29724"},{"taxonomy":"post_tag","embeddable":true,"href":"https:\/\/pc.sc.gov.br\/index.php?rest_route=%2Fwp%2Fv2%2Ftags&post=29724"}],"curies":[{"name":"wp","href":"https:\/\/api.w.org\/{rel}","templated":true}]}}