{"id":29731,"date":"2025-07-04T13:10:46","date_gmt":"2025-07-04T16:10:46","guid":{"rendered":"https:\/\/pc.sc.gov.br\/?p=29731"},"modified":"2025-07-04T13:12:38","modified_gmt":"2025-07-04T16:12:38","slug":"policia-civil-de-sc-deflagra-2a-fase-da-operacao-identidade-oculta-em-palhoca","status":"publish","type":"post","link":"https:\/\/pc.sc.gov.br\/?p=29731","title":{"rendered":"Pol\u00edcia Civil de SC deflagra 2\u00aa fase da opera\u00e7\u00e3o \u201cIdentidade Oculta\u201d em Palho\u00e7a\u00a0\u00a0\u00a0\u00a0\u00a0\u00a0\u00a0\u00a0\u00a0\u00a0\u00a0\u00a0\u00a0\u00a0\u00a0\u00a0\u00a0\u00a0\u00a0\u00a0\u00a0\u00a0\u00a0\u00a0\u00a0\u00a0\u00a0\u00a0\u00a0\u00a0\u00a0\u00a0\u00a0\u00a0\u00a0\u00a0\u00a0\u00a0\u00a0\u00a0\u00a0\u00a0\u00a0"},"content":{"rendered":"\t\t<div data-elementor-type=\"wp-post\" data-elementor-id=\"29731\" class=\"elementor elementor-29731\" data-elementor-post-type=\"post\">\n\t\t\t\t\t\t<section class=\"elementor-section elementor-top-section elementor-element elementor-element-87af51e elementor-section-boxed elementor-section-height-default elementor-section-height-default\" data-id=\"87af51e\" data-element_type=\"section\">\n\t\t\t\t\t\t<div class=\"elementor-container elementor-column-gap-default\">\n\t\t\t\t\t<div class=\"elementor-column elementor-col-100 elementor-top-column elementor-element elementor-element-bfd229f\" data-id=\"bfd229f\" data-element_type=\"column\">\n\t\t\t<div class=\"elementor-widget-wrap elementor-element-populated\">\n\t\t\t\t\t\t<div class=\"elementor-element elementor-element-730c2dc elementor-widget elementor-widget-heading\" data-id=\"730c2dc\" data-element_type=\"widget\" data-widget_type=\"heading.default\">\n\t\t\t\t<div class=\"elementor-widget-container\">\n\t\t\t\t\t<h2 class=\"elementor-heading-title elementor-size-default\">Pol\u00edcia Civil de SC deflagra 2\u00aa fase da opera\u00e7\u00e3o \u201cIdentidade Oculta\u201d em Palho\u00e7a                                            <\/h2>\t\t\t\t<\/div>\n\t\t\t\t<\/div>\n\t\t\t\t\t<\/div>\n\t\t<\/div>\n\t\t\t\t\t<\/div>\n\t\t<\/section>\n\t\t\t\t<section class=\"elementor-section elementor-top-section elementor-element elementor-element-6fc8092 elementor-section-boxed elementor-section-height-default elementor-section-height-default\" data-id=\"6fc8092\" data-element_type=\"section\">\n\t\t\t\t\t\t<div class=\"elementor-container elementor-column-gap-default\">\n\t\t\t\t\t<div class=\"elementor-column elementor-col-100 elementor-top-column elementor-element elementor-element-5b58e97\" data-id=\"5b58e97\" data-element_type=\"column\">\n\t\t\t<div class=\"elementor-widget-wrap elementor-element-populated\">\n\t\t\t\t\t\t<div class=\"elementor-element elementor-element-c852570 elementor-widget elementor-widget-image\" data-id=\"c852570\" data-element_type=\"widget\" data-widget_type=\"image.default\">\n\t\t\t\t<div class=\"elementor-widget-container\">\n\t\t\t\t\t\t\t\t\t\t\t\t\t\t\t<img fetchpriority=\"high\" decoding=\"async\" width=\"696\" height=\"928\" src=\"https:\/\/pc.sc.gov.br\/\/wp-content\/uploads\/2025\/07\/WhatsApp-Image-2025-07-04-at-13.03.59-768x1024.jpeg\" class=\"attachment-large size-large wp-image-29732\" alt=\"\" srcset=\"https:\/\/pc.sc.gov.br\/\/wp-content\/uploads\/2025\/07\/WhatsApp-Image-2025-07-04-at-13.03.59-768x1024.jpeg 768w, https:\/\/pc.sc.gov.br\/\/wp-content\/uploads\/2025\/07\/WhatsApp-Image-2025-07-04-at-13.03.59-225x300.jpeg 225w, https:\/\/pc.sc.gov.br\/\/wp-content\/uploads\/2025\/07\/WhatsApp-Image-2025-07-04-at-13.03.59-1152x1536.jpeg 1152w, https:\/\/pc.sc.gov.br\/\/wp-content\/uploads\/2025\/07\/WhatsApp-Image-2025-07-04-at-13.03.59.jpeg 1200w\" sizes=\"(max-width: 696px) 100vw, 696px\" \/>\t\t\t\t\t\t\t\t\t\t\t\t\t\t\t<\/div>\n\t\t\t\t<\/div>\n\t\t\t\t\t<\/div>\n\t\t<\/div>\n\t\t\t\t\t<\/div>\n\t\t<\/section>\n\t\t\t\t<section class=\"elementor-section elementor-top-section elementor-element elementor-element-7decc39 elementor-section-boxed elementor-section-height-default elementor-section-height-default\" data-id=\"7decc39\" data-element_type=\"section\">\n\t\t\t\t\t\t<div class=\"elementor-container elementor-column-gap-default\">\n\t\t\t\t\t<div class=\"elementor-column elementor-col-100 elementor-top-column elementor-element elementor-element-588e69c\" data-id=\"588e69c\" data-element_type=\"column\">\n\t\t\t<div class=\"elementor-widget-wrap elementor-element-populated\">\n\t\t\t\t\t\t<div class=\"elementor-element elementor-element-acecd3d elementor-widget elementor-widget-post-info\" data-id=\"acecd3d\" data-element_type=\"widget\" data-widget_type=\"post-info.default\">\n\t\t\t\t<div class=\"elementor-widget-container\">\n\t\t\t\t\t\t\t<ul class=\"elementor-inline-items elementor-icon-list-items elementor-post-info\">\n\t\t\t\t\t\t\t\t<li class=\"elementor-icon-list-item elementor-repeater-item-a2fff1f elementor-inline-item\" itemprop=\"author\">\n\t\t\t\t\t\t<a href=\"https:\/\/pc.sc.gov.br\/?author=5\">\n\t\t\t\t\t\t\t\t\t\t\t<span class=\"elementor-icon-list-icon\">\n\t\t\t\t\t\t\t\t<i aria-hidden=\"true\" class=\"far fa-user-circle\"><\/i>\t\t\t\t\t\t\t<\/span>\n\t\t\t\t\t\t\t\t\t<span class=\"elementor-icon-list-text elementor-post-info__item elementor-post-info__item--type-author\">\n\t\t\t\t\t\t\t\t\t\tStefany de Souza Alves\t\t\t\t\t<\/span>\n\t\t\t\t\t\t\t\t\t<\/a>\n\t\t\t\t<\/li>\n\t\t\t\t<li class=\"elementor-icon-list-item elementor-repeater-item-30b8f27 elementor-inline-item\" itemprop=\"datePublished\">\n\t\t\t\t\t\t<a href=\"https:\/\/pc.sc.gov.br\/?m=20250704\">\n\t\t\t\t\t\t\t\t\t\t\t<span class=\"elementor-icon-list-icon\">\n\t\t\t\t\t\t\t\t<i aria-hidden=\"true\" class=\"fas fa-calendar\"><\/i>\t\t\t\t\t\t\t<\/span>\n\t\t\t\t\t\t\t\t\t<span class=\"elementor-icon-list-text elementor-post-info__item elementor-post-info__item--type-date\">\n\t\t\t\t\t\t\t\t\t\t<time>julho 4, 2025<\/time>\t\t\t\t\t<\/span>\n\t\t\t\t\t\t\t\t\t<\/a>\n\t\t\t\t<\/li>\n\t\t\t\t<li class=\"elementor-icon-list-item elementor-repeater-item-e65ea2e elementor-inline-item\">\n\t\t\t\t\t\t\t\t\t\t<span class=\"elementor-icon-list-icon\">\n\t\t\t\t\t\t\t\t<i aria-hidden=\"true\" class=\"far fa-clock\"><\/i>\t\t\t\t\t\t\t<\/span>\n\t\t\t\t\t\t\t\t\t<span class=\"elementor-icon-list-text elementor-post-info__item elementor-post-info__item--type-time\">\n\t\t\t\t\t\t\t\t\t\t<time>1:10 pm<\/time>\t\t\t\t\t<\/span>\n\t\t\t\t\t\t\t\t<\/li>\n\t\t\t\t<\/ul>\n\t\t\t\t\t\t<\/div>\n\t\t\t\t<\/div>\n\t\t\t\t<div class=\"elementor-element elementor-element-b39357e elementor-widget elementor-widget-text-editor\" data-id=\"b39357e\" data-element_type=\"widget\" data-widget_type=\"text-editor.default\">\n\t\t\t\t<div class=\"elementor-widget-container\">\n\t\t\t\t\t\t\t\t\t<p>A Pol\u00edcia Civil de Santa Catarina, por meio da Delegacia de Homic\u00eddios (DIC\/DH) de Palho\u00e7a, deflagrou nesta data a 2\u00aa fase da opera\u00e7\u00e3o \u201cIdentidade Oculta\u201d, dando cumprimento a quatro mandados de pris\u00e3o e seis mandados de busca e apreens\u00e3o, expedidos pela 1\u00aa Vara Criminal da Comarca de Palho\u00e7a. A a\u00e7\u00e3o faz parte das investiga\u00e7\u00f5es de um homic\u00eddio, no qual a v\u00edtima, at\u00e9 o momento, segue sem identifica\u00e7\u00e3o.<\/p><p>O corpo, encontrado carbonizado em 30 de setembro de 2024, em uma \u00e1rea de invas\u00e3o na Comunidade Brejaru, teve o crime novamente atribu\u00eddo \u00e0 organiza\u00e7\u00e3o criminosa atuante naquela regi\u00e3o.<\/p><p>Na 1\u00aa fase da opera\u00e7\u00e3o, foram cumpridos mandados de busca e apreens\u00e3o, que resultaram na arrecada\u00e7\u00e3o de objetos de interesse para a investiga\u00e7\u00e3o. A an\u00e1lise de aparelhos eletr\u00f4nicos apreendidos e a ado\u00e7\u00e3o de outras medidas cautelares permitiram o avan\u00e7o das dilig\u00eancias.<\/p><p>Apesar da realiza\u00e7\u00e3o de exames comparativos de DNA, a v\u00edtima ainda n\u00e3o foi formalmente identificada. Atualmente, tr\u00eas investigados permanecem foragidos, sendo um deles apontado como respons\u00e1vel pela fun\u00e7\u00e3o de \u201crigor e disciplina\u201d exercida dentro da Comunidade Brejaru.<\/p><p>A opera\u00e7\u00e3o contou com o apoio da Pol\u00edcia Militar, por meio do PPT e da Ag\u00eancia de Intelig\u00eancia do 16\u00ba Batalh\u00e3o, DPCO e DPCAMI de Palho\u00e7a, CORE.<\/p>\t\t\t\t\t\t\t\t<\/div>\n\t\t\t\t<\/div>\n\t\t\t\t\t<\/div>\n\t\t<\/div>\n\t\t\t\t\t<\/div>\n\t\t<\/section>\n\t\t\t\t<\/div>\n\t\t","protected":false},"excerpt":{"rendered":"<p>Pol\u00edcia Civil de SC deflagra 2\u00aa fase da opera\u00e7\u00e3o \u201cIdentidade Oculta\u201d em Palho\u00e7a A Pol\u00edcia Civil de Santa Catarina, por meio da Delegacia de Homic\u00eddios (DIC\/DH) de Palho\u00e7a, deflagrou nesta data a 2\u00aa fase da opera\u00e7\u00e3o \u201cIdentidade Oculta\u201d, dando cumprimento a quatro mandados de pris\u00e3o e seis mandados de busca e apreens\u00e3o, expedidos pela 1\u00aa [&hellip;]<\/p>\n","protected":false},"author":5,"featured_media":29732,"comment_status":"closed","ping_status":"open","sticky":false,"template":"","format":"standard","meta":{"_monsterinsights_skip_tracking":false,"_monsterinsights_sitenote_active":false,"_monsterinsights_sitenote_note":"","_monsterinsights_sitenote_category":0,"footnotes":""},"categories":[1],"tags":[],"class_list":["post-29731","post","type-post","status-publish","format-standard","has-post-thumbnail","hentry","category-sem-categoria"],"_links":{"self":[{"href":"https:\/\/pc.sc.gov.br\/index.php?rest_route=\/wp\/v2\/posts\/29731","targetHints":{"allow":["GET"]}}],"collection":[{"href":"https:\/\/pc.sc.gov.br\/index.php?rest_route=\/wp\/v2\/posts"}],"about":[{"href":"https:\/\/pc.sc.gov.br\/index.php?rest_route=\/wp\/v2\/types\/post"}],"author":[{"embeddable":true,"href":"https:\/\/pc.sc.gov.br\/index.php?rest_route=\/wp\/v2\/users\/5"}],"replies":[{"embeddable":true,"href":"https:\/\/pc.sc.gov.br\/index.php?rest_route=%2Fwp%2Fv2%2Fcomments&post=29731"}],"version-history":[{"count":4,"href":"https:\/\/pc.sc.gov.br\/index.php?rest_route=\/wp\/v2\/posts\/29731\/revisions"}],"predecessor-version":[{"id":29736,"href":"https:\/\/pc.sc.gov.br\/index.php?rest_route=\/wp\/v2\/posts\/29731\/revisions\/29736"}],"wp:featuredmedia":[{"embeddable":true,"href":"https:\/\/pc.sc.gov.br\/index.php?rest_route=\/wp\/v2\/media\/29732"}],"wp:attachment":[{"href":"https:\/\/pc.sc.gov.br\/index.php?rest_route=%2Fwp%2Fv2%2Fmedia&parent=29731"}],"wp:term":[{"taxonomy":"category","embeddable":true,"href":"https:\/\/pc.sc.gov.br\/index.php?rest_route=%2Fwp%2Fv2%2Fcategories&post=29731"},{"taxonomy":"post_tag","embeddable":true,"href":"https:\/\/pc.sc.gov.br\/index.php?rest_route=%2Fwp%2Fv2%2Ftags&post=29731"}],"curies":[{"name":"wp","href":"https:\/\/api.w.org\/{rel}","templated":true}]}}