{"id":2981,"date":"2022-12-22T13:24:54","date_gmt":"2022-12-22T16:24:54","guid":{"rendered":"https:\/\/pc.sc.gov.br\/?p=2981"},"modified":"2022-12-22T16:13:27","modified_gmt":"2022-12-22T19:13:27","slug":"campanha-de-natal-da-policia-civil-distribui-brinquedos-em-concordia","status":"publish","type":"post","link":"https:\/\/pc.sc.gov.br\/?p=2981","title":{"rendered":"Campanha de Natal da Pol\u00edcia Civil distribui brinquedos em Conc\u00f3rdia"},"content":{"rendered":"\t\t<div data-elementor-type=\"wp-post\" data-elementor-id=\"2981\" class=\"elementor elementor-2981\" data-elementor-post-type=\"post\">\n\t\t\t\t\t\t<section class=\"elementor-section elementor-top-section elementor-element elementor-element-c19976d elementor-section-boxed elementor-section-height-default elementor-section-height-default\" data-id=\"c19976d\" data-element_type=\"section\">\n\t\t\t\t\t\t<div class=\"elementor-container elementor-column-gap-default\">\n\t\t\t\t\t<div class=\"elementor-column elementor-col-100 elementor-top-column elementor-element elementor-element-ca7c809\" data-id=\"ca7c809\" data-element_type=\"column\">\n\t\t\t<div class=\"elementor-widget-wrap elementor-element-populated\">\n\t\t\t\t\t\t<div class=\"elementor-element elementor-element-88562d8 elementor-widget elementor-widget-heading\" data-id=\"88562d8\" data-element_type=\"widget\" data-widget_type=\"heading.default\">\n\t\t\t\t<div class=\"elementor-widget-container\">\n\t\t\t\t\t<h2 class=\"elementor-heading-title elementor-size-default\">Campanha de Natal da Pol\u00edcia Civil distribui brinquedos em Conc\u00f3rdia<\/h2>\t\t\t\t<\/div>\n\t\t\t\t<\/div>\n\t\t\t\t<div class=\"elementor-element elementor-element-a7877da elementor-widget elementor-widget-image\" data-id=\"a7877da\" data-element_type=\"widget\" data-widget_type=\"image.default\">\n\t\t\t\t<div class=\"elementor-widget-container\">\n\t\t\t\t\t\t\t\t\t\t\t\t\t\t\t<img fetchpriority=\"high\" decoding=\"async\" width=\"696\" height=\"392\" src=\"https:\/\/pc.sc.gov.br\/\/wp-content\/uploads\/2022\/12\/pc_ndfndskgnfdgbjnf-dkhbngfhkngfhkmgf-1024x576.png\" class=\"attachment-large size-large wp-image-2985\" alt=\"\" srcset=\"https:\/\/pc.sc.gov.br\/\/wp-content\/uploads\/2022\/12\/pc_ndfndskgnfdgbjnf-dkhbngfhkngfhkmgf-1024x576.png 1024w, https:\/\/pc.sc.gov.br\/\/wp-content\/uploads\/2022\/12\/pc_ndfndskgnfdgbjnf-dkhbngfhkngfhkmgf-300x169.png 300w, https:\/\/pc.sc.gov.br\/\/wp-content\/uploads\/2022\/12\/pc_ndfndskgnfdgbjnf-dkhbngfhkngfhkmgf-768x432.png 768w, https:\/\/pc.sc.gov.br\/\/wp-content\/uploads\/2022\/12\/pc_ndfndskgnfdgbjnf-dkhbngfhkngfhkmgf.png 1280w\" sizes=\"(max-width: 696px) 100vw, 696px\" \/>\t\t\t\t\t\t\t\t\t\t\t\t\t\t\t<\/div>\n\t\t\t\t<\/div>\n\t\t\t\t<div class=\"elementor-element elementor-element-cae2e80 elementor-widget elementor-widget-text-editor\" data-id=\"cae2e80\" data-element_type=\"widget\" data-widget_type=\"text-editor.default\">\n\t\t\t\t<div class=\"elementor-widget-container\">\n\t\t\t\t\t\t\t\t\t<p>Na manh\u00e3 desta quinta-feira (22), a Pol\u00edcia Civil de Conc\u00f3rdia distribuiu mais de 400 brinquedos a crian\u00e7as no bairro Frei Lency, em Conc\u00f3rdia. A a\u00e7\u00e3o fez parte da Campanha de Natal da institui\u00e7\u00e3o e<span style=\"font-family: var( --e-global-typography-primary-font-family ), Sans-serif; font-size: var( --e-global-typography-primary-font-size ); font-weight: var( --e-global-typography-primary-font-weight ); letter-spacing: var( --e-global-typography-primary-letter-spacing );\">&nbsp;contou com o apoio da popula\u00e7\u00e3o e de diversas entidades, como o Grupo Escoteiro de Conc\u00f3rdia, o Rotaract e outras.&nbsp;<\/span><\/p>\n<p><span style=\"font-family: var( --e-global-typography-primary-font-family ), Sans-serif; font-size: var( --e-global-typography-primary-font-size ); font-weight: var( --e-global-typography-primary-font-weight ); letter-spacing: var( --e-global-typography-primary-letter-spacing );\">Foram arrecadados centenas de brinquedos e doces. Este \u00e9 o s\u00e9timo ano de exist\u00eancia da mobiliza\u00e7\u00e3o e atingiu n\u00famero recorde de brinquedos arrecadados, ultrapassando a marca de 400.&nbsp;<\/span><span style=\"font-family: var( --e-global-typography-primary-font-family ), Sans-serif; font-size: var( --e-global-typography-primary-font-size ); font-weight: var( --e-global-typography-primary-font-weight ); letter-spacing: var( --e-global-typography-primary-letter-spacing );\">A a\u00e7\u00e3o&nbsp; foi fruto da colabora\u00e7\u00e3o da comunidade e do empenho de cada policial civil e dos colaboradores da Pol\u00edcia Civil de Conc\u00f3rdia e regi\u00e3o.<\/span><\/p>\t\t\t\t\t\t\t\t<\/div>\n\t\t\t\t<\/div>\n\t\t\t\t<div class=\"elementor-element elementor-element-fcaa0c2 elementor-widget elementor-widget-image\" data-id=\"fcaa0c2\" data-element_type=\"widget\" data-widget_type=\"image.default\">\n\t\t\t\t<div class=\"elementor-widget-container\">\n\t\t\t\t\t\t\t\t\t\t\t\t\t\t\t<img decoding=\"async\" width=\"696\" height=\"392\" src=\"https:\/\/pc.sc.gov.br\/\/wp-content\/uploads\/2022\/12\/pc_ndfndskgnfdg1515bjnf-dksdsdhbngfhkngfhkmgf-1024x576.png\" class=\"attachment-large size-large wp-image-2983\" alt=\"\" srcset=\"https:\/\/pc.sc.gov.br\/\/wp-content\/uploads\/2022\/12\/pc_ndfndskgnfdg1515bjnf-dksdsdhbngfhkngfhkmgf-1024x576.png 1024w, https:\/\/pc.sc.gov.br\/\/wp-content\/uploads\/2022\/12\/pc_ndfndskgnfdg1515bjnf-dksdsdhbngfhkngfhkmgf-300x169.png 300w, https:\/\/pc.sc.gov.br\/\/wp-content\/uploads\/2022\/12\/pc_ndfndskgnfdg1515bjnf-dksdsdhbngfhkngfhkmgf-768x432.png 768w, https:\/\/pc.sc.gov.br\/\/wp-content\/uploads\/2022\/12\/pc_ndfndskgnfdg1515bjnf-dksdsdhbngfhkngfhkmgf.png 1280w\" sizes=\"(max-width: 696px) 100vw, 696px\" \/>\t\t\t\t\t\t\t\t\t\t\t\t\t\t\t<\/div>\n\t\t\t\t<\/div>\n\t\t\t\t<div class=\"elementor-element elementor-element-2f7d925 elementor-widget elementor-widget-image\" data-id=\"2f7d925\" data-element_type=\"widget\" data-widget_type=\"image.default\">\n\t\t\t\t<div class=\"elementor-widget-container\">\n\t\t\t\t\t\t\t\t\t\t\t\t\t\t\t<img decoding=\"async\" width=\"696\" height=\"392\" src=\"https:\/\/pc.sc.gov.br\/\/wp-content\/uploads\/2022\/12\/pc_ndfndskgnfdgbjnf-dksdsdhbngfhkngfhkmgf-1024x576.png\" class=\"attachment-large size-large wp-image-2984\" alt=\"\" srcset=\"https:\/\/pc.sc.gov.br\/\/wp-content\/uploads\/2022\/12\/pc_ndfndskgnfdgbjnf-dksdsdhbngfhkngfhkmgf-1024x576.png 1024w, https:\/\/pc.sc.gov.br\/\/wp-content\/uploads\/2022\/12\/pc_ndfndskgnfdgbjnf-dksdsdhbngfhkngfhkmgf-300x169.png 300w, https:\/\/pc.sc.gov.br\/\/wp-content\/uploads\/2022\/12\/pc_ndfndskgnfdgbjnf-dksdsdhbngfhkngfhkmgf-768x432.png 768w, https:\/\/pc.sc.gov.br\/\/wp-content\/uploads\/2022\/12\/pc_ndfndskgnfdgbjnf-dksdsdhbngfhkngfhkmgf.png 1280w\" sizes=\"(max-width: 696px) 100vw, 696px\" \/>\t\t\t\t\t\t\t\t\t\t\t\t\t\t\t<\/div>\n\t\t\t\t<\/div>\n\t\t\t\t<div class=\"elementor-element elementor-element-bc77198 elementor-widget elementor-widget-image\" data-id=\"bc77198\" data-element_type=\"widget\" data-widget_type=\"image.default\">\n\t\t\t\t<div class=\"elementor-widget-container\">\n\t\t\t\t\t\t\t\t\t\t\t\t\t\t\t<img loading=\"lazy\" decoding=\"async\" width=\"696\" height=\"415\" src=\"https:\/\/pc.sc.gov.br\/\/wp-content\/uploads\/2022\/12\/pc_ndfndskgnfdg1515bjnf-dksdsdhbngfhkngfhkmgfdsdsd.png\" class=\"attachment-large size-large wp-image-2982\" alt=\"\" srcset=\"https:\/\/pc.sc.gov.br\/\/wp-content\/uploads\/2022\/12\/pc_ndfndskgnfdg1515bjnf-dksdsdhbngfhkngfhkmgfdsdsd.png 767w, https:\/\/pc.sc.gov.br\/\/wp-content\/uploads\/2022\/12\/pc_ndfndskgnfdg1515bjnf-dksdsdhbngfhkngfhkmgfdsdsd-300x179.png 300w\" sizes=\"(max-width: 696px) 100vw, 696px\" \/>\t\t\t\t\t\t\t\t\t\t\t\t\t\t\t<\/div>\n\t\t\t\t<\/div>\n\t\t\t\t\t<\/div>\n\t\t<\/div>\n\t\t\t\t\t<\/div>\n\t\t<\/section>\n\t\t\t\t<section class=\"elementor-section elementor-top-section elementor-element elementor-element-4d9f132 elementor-section-boxed elementor-section-height-default elementor-section-height-default\" data-id=\"4d9f132\" data-element_type=\"section\">\n\t\t\t\t\t\t<div class=\"elementor-container elementor-column-gap-default\">\n\t\t\t\t\t<div class=\"elementor-column elementor-col-100 elementor-top-column elementor-element elementor-element-a4c17d3\" data-id=\"a4c17d3\" data-element_type=\"column\">\n\t\t\t<div class=\"elementor-widget-wrap elementor-element-populated\">\n\t\t\t\t\t\t<div class=\"elementor-element elementor-element-b155ca2 elementor-widget__width-auto elementor-widget elementor-widget-video\" data-id=\"b155ca2\" data-element_type=\"widget\" data-settings=\"{&quot;video_type&quot;:&quot;hosted&quot;,&quot;controls&quot;:&quot;yes&quot;}\" data-widget_type=\"video.default\">\n\t\t\t\t<div class=\"elementor-widget-container\">\n\t\t\t\t\t\t\t<div class=\"e-hosted-video elementor-wrapper elementor-open-inline\">\n\t\t\t\t\t<video class=\"elementor-video\" src=\"https:\/\/pc.sc.gov.br\/wp-content\/uploads\/2022\/12\/WhatsApp-Video-2022-12-22-at-11.03.52.mp4\" controls=\"\" preload=\"metadata\"><\/video>\n\t\t\t\t<\/div>\n\t\t\t\t\t\t<\/div>\n\t\t\t\t<\/div>\n\t\t\t\t\t<\/div>\n\t\t<\/div>\n\t\t\t\t\t<\/div>\n\t\t<\/section>\n\t\t\t\t<\/div>\n\t\t","protected":false},"excerpt":{"rendered":"<p>Campanha de Natal da Pol\u00edcia Civil distribui brinquedos em Conc\u00f3rdia Na manh\u00e3 desta quinta-feira (22), a Pol\u00edcia Civil de Conc\u00f3rdia distribuiu mais de 400 brinquedos a crian\u00e7as no bairro Frei Lency, em Conc\u00f3rdia. A a\u00e7\u00e3o fez parte da Campanha de Natal da institui\u00e7\u00e3o e&nbsp;contou com o apoio da popula\u00e7\u00e3o e de diversas entidades, como o [&hellip;]<\/p>\n","protected":false},"author":5,"featured_media":2985,"comment_status":"closed","ping_status":"open","sticky":false,"template":"","format":"standard","meta":{"_monsterinsights_skip_tracking":false,"_monsterinsights_sitenote_active":false,"_monsterinsights_sitenote_note":"","_monsterinsights_sitenote_category":0,"footnotes":""},"categories":[1],"tags":[],"class_list":["post-2981","post","type-post","status-publish","format-standard","has-post-thumbnail","hentry","category-sem-categoria"],"_links":{"self":[{"href":"https:\/\/pc.sc.gov.br\/index.php?rest_route=\/wp\/v2\/posts\/2981","targetHints":{"allow":["GET"]}}],"collection":[{"href":"https:\/\/pc.sc.gov.br\/index.php?rest_route=\/wp\/v2\/posts"}],"about":[{"href":"https:\/\/pc.sc.gov.br\/index.php?rest_route=\/wp\/v2\/types\/post"}],"author":[{"embeddable":true,"href":"https:\/\/pc.sc.gov.br\/index.php?rest_route=\/wp\/v2\/users\/5"}],"replies":[{"embeddable":true,"href":"https:\/\/pc.sc.gov.br\/index.php?rest_route=%2Fwp%2Fv2%2Fcomments&post=2981"}],"version-history":[{"count":19,"href":"https:\/\/pc.sc.gov.br\/index.php?rest_route=\/wp\/v2\/posts\/2981\/revisions"}],"predecessor-version":[{"id":3022,"href":"https:\/\/pc.sc.gov.br\/index.php?rest_route=\/wp\/v2\/posts\/2981\/revisions\/3022"}],"wp:featuredmedia":[{"embeddable":true,"href":"https:\/\/pc.sc.gov.br\/index.php?rest_route=\/wp\/v2\/media\/2985"}],"wp:attachment":[{"href":"https:\/\/pc.sc.gov.br\/index.php?rest_route=%2Fwp%2Fv2%2Fmedia&parent=2981"}],"wp:term":[{"taxonomy":"category","embeddable":true,"href":"https:\/\/pc.sc.gov.br\/index.php?rest_route=%2Fwp%2Fv2%2Fcategories&post=2981"},{"taxonomy":"post_tag","embeddable":true,"href":"https:\/\/pc.sc.gov.br\/index.php?rest_route=%2Fwp%2Fv2%2Ftags&post=2981"}],"curies":[{"name":"wp","href":"https:\/\/api.w.org\/{rel}","templated":true}]}}