{"id":29874,"date":"2025-07-10T20:36:43","date_gmt":"2025-07-10T23:36:43","guid":{"rendered":"https:\/\/pc.sc.gov.br\/?p=29874"},"modified":"2025-07-10T21:41:15","modified_gmt":"2025-07-11T00:41:15","slug":"operacao-fantasma-policia-civil-captura-em-florianopolis-foragido-ha-20-anos-da-justica-do-parana-que-usava-identidade-falsa","status":"publish","type":"post","link":"https:\/\/pc.sc.gov.br\/?p=29874","title":{"rendered":"Opera\u00e7\u00e3o Fantasma: Pol\u00edcia Civil captura em Florian\u00f3polis foragido h\u00e1 20 anos da Justi\u00e7a do Paran\u00e1 que usava identidade falsa"},"content":{"rendered":"\t\t<div data-elementor-type=\"wp-post\" data-elementor-id=\"29874\" class=\"elementor elementor-29874\" data-elementor-post-type=\"post\">\n\t\t\t\t\t\t<section class=\"elementor-section elementor-top-section elementor-element elementor-element-33e018e elementor-section-boxed elementor-section-height-default elementor-section-height-default\" data-id=\"33e018e\" data-element_type=\"section\">\n\t\t\t\t\t\t<div class=\"elementor-container elementor-column-gap-default\">\n\t\t\t\t\t<div class=\"elementor-column elementor-col-100 elementor-top-column elementor-element elementor-element-f0ae5ff\" data-id=\"f0ae5ff\" data-element_type=\"column\">\n\t\t\t<div class=\"elementor-widget-wrap elementor-element-populated\">\n\t\t\t\t\t\t<div class=\"elementor-element elementor-element-a2e9b87 elementor-widget elementor-widget-heading\" data-id=\"a2e9b87\" data-element_type=\"widget\" data-widget_type=\"heading.default\">\n\t\t\t\t<div class=\"elementor-widget-container\">\n\t\t\t\t\t<h2 class=\"elementor-heading-title elementor-size-default\">Opera\u00e7\u00e3o Fantasma: Pol\u00edcia Civil captura em Florian\u00f3polis foragido h\u00e1 20 anos da Justi\u00e7a do Paran\u00e1 que usava identidade falsa <\/h2>\t\t\t\t<\/div>\n\t\t\t\t<\/div>\n\t\t\t\t\t<\/div>\n\t\t<\/div>\n\t\t\t\t\t<\/div>\n\t\t<\/section>\n\t\t\t\t<section class=\"elementor-section elementor-top-section elementor-element elementor-element-d5261f3 elementor-section-boxed elementor-section-height-default elementor-section-height-default\" data-id=\"d5261f3\" data-element_type=\"section\">\n\t\t\t\t\t\t<div class=\"elementor-container elementor-column-gap-default\">\n\t\t\t\t\t<div class=\"elementor-column elementor-col-100 elementor-top-column elementor-element elementor-element-717d68d\" data-id=\"717d68d\" data-element_type=\"column\">\n\t\t\t<div class=\"elementor-widget-wrap elementor-element-populated\">\n\t\t\t\t\t\t<div class=\"elementor-element elementor-element-96b4873 elementor-widget elementor-widget-image\" data-id=\"96b4873\" data-element_type=\"widget\" data-widget_type=\"image.default\">\n\t\t\t\t<div class=\"elementor-widget-container\">\n\t\t\t\t\t\t\t\t\t\t\t\t\t\t\t<img fetchpriority=\"high\" decoding=\"async\" width=\"696\" height=\"523\" src=\"https:\/\/pc.sc.gov.br\/\/wp-content\/uploads\/2025\/07\/WhatsApp-Image-2025-07-10-at-19.35.03-1024x769.jpeg\" class=\"attachment-large size-large wp-image-29876\" alt=\"\" srcset=\"https:\/\/pc.sc.gov.br\/\/wp-content\/uploads\/2025\/07\/WhatsApp-Image-2025-07-10-at-19.35.03-1024x769.jpeg 1024w, https:\/\/pc.sc.gov.br\/\/wp-content\/uploads\/2025\/07\/WhatsApp-Image-2025-07-10-at-19.35.03-300x225.jpeg 300w, https:\/\/pc.sc.gov.br\/\/wp-content\/uploads\/2025\/07\/WhatsApp-Image-2025-07-10-at-19.35.03-768x576.jpeg 768w, https:\/\/pc.sc.gov.br\/\/wp-content\/uploads\/2025\/07\/WhatsApp-Image-2025-07-10-at-19.35.03-1536x1153.jpeg 1536w, https:\/\/pc.sc.gov.br\/\/wp-content\/uploads\/2025\/07\/WhatsApp-Image-2025-07-10-at-19.35.03.jpeg 1600w\" sizes=\"(max-width: 696px) 100vw, 696px\" \/>\t\t\t\t\t\t\t\t\t\t\t\t\t\t\t<\/div>\n\t\t\t\t<\/div>\n\t\t\t\t<div class=\"elementor-element elementor-element-12d2bde elementor-widget elementor-widget-post-info\" data-id=\"12d2bde\" data-element_type=\"widget\" data-widget_type=\"post-info.default\">\n\t\t\t\t<div class=\"elementor-widget-container\">\n\t\t\t\t\t\t\t<ul class=\"elementor-inline-items elementor-icon-list-items elementor-post-info\">\n\t\t\t\t\t\t\t\t<li class=\"elementor-icon-list-item elementor-repeater-item-865be78 elementor-inline-item\" itemprop=\"author\">\n\t\t\t\t\t\t<a href=\"https:\/\/pc.sc.gov.br\/?author=5\">\n\t\t\t\t\t\t\t\t\t\t\t<span class=\"elementor-icon-list-icon\">\n\t\t\t\t\t\t\t\t<i aria-hidden=\"true\" class=\"far fa-user-circle\"><\/i>\t\t\t\t\t\t\t<\/span>\n\t\t\t\t\t\t\t\t\t<span class=\"elementor-icon-list-text elementor-post-info__item elementor-post-info__item--type-author\">\n\t\t\t\t\t\t\t\t\t\tStefany de Souza Alves\t\t\t\t\t<\/span>\n\t\t\t\t\t\t\t\t\t<\/a>\n\t\t\t\t<\/li>\n\t\t\t\t<li class=\"elementor-icon-list-item elementor-repeater-item-a4ac246 elementor-inline-item\" itemprop=\"datePublished\">\n\t\t\t\t\t\t<a href=\"https:\/\/pc.sc.gov.br\/?m=20250710\">\n\t\t\t\t\t\t\t\t\t\t\t<span class=\"elementor-icon-list-icon\">\n\t\t\t\t\t\t\t\t<i aria-hidden=\"true\" class=\"fas fa-calendar\"><\/i>\t\t\t\t\t\t\t<\/span>\n\t\t\t\t\t\t\t\t\t<span class=\"elementor-icon-list-text elementor-post-info__item elementor-post-info__item--type-date\">\n\t\t\t\t\t\t\t\t\t\t<time>julho 10, 2025<\/time>\t\t\t\t\t<\/span>\n\t\t\t\t\t\t\t\t\t<\/a>\n\t\t\t\t<\/li>\n\t\t\t\t<li class=\"elementor-icon-list-item elementor-repeater-item-17f051f elementor-inline-item\">\n\t\t\t\t\t\t\t\t\t\t<span class=\"elementor-icon-list-icon\">\n\t\t\t\t\t\t\t\t<i aria-hidden=\"true\" class=\"far fa-clock\"><\/i>\t\t\t\t\t\t\t<\/span>\n\t\t\t\t\t\t\t\t\t<span class=\"elementor-icon-list-text elementor-post-info__item elementor-post-info__item--type-time\">\n\t\t\t\t\t\t\t\t\t\t<time>8:36 pm<\/time>\t\t\t\t\t<\/span>\n\t\t\t\t\t\t\t\t<\/li>\n\t\t\t\t<\/ul>\n\t\t\t\t\t\t<\/div>\n\t\t\t\t<\/div>\n\t\t\t\t\t<\/div>\n\t\t<\/div>\n\t\t\t\t\t<\/div>\n\t\t<\/section>\n\t\t\t\t<section class=\"elementor-section elementor-top-section elementor-element elementor-element-50f2d11 elementor-section-boxed elementor-section-height-default elementor-section-height-default\" data-id=\"50f2d11\" data-element_type=\"section\">\n\t\t\t\t\t\t<div class=\"elementor-container elementor-column-gap-default\">\n\t\t\t\t\t<div class=\"elementor-column elementor-col-100 elementor-top-column elementor-element elementor-element-daa7193\" data-id=\"daa7193\" data-element_type=\"column\">\n\t\t\t<div class=\"elementor-widget-wrap elementor-element-populated\">\n\t\t\t\t\t\t<div class=\"elementor-element elementor-element-1e912ea elementor-widget elementor-widget-text-editor\" data-id=\"1e912ea\" data-element_type=\"widget\" data-widget_type=\"text-editor.default\">\n\t\t\t\t<div class=\"elementor-widget-container\">\n\t\t\t\t\t\t\t\t\t<p><span style=\"font-weight: 400;\">A Pol\u00edcia Civil de Santa Catarina, por meio da Delegacia de Capturas (DECAP) da Diretoria Estadual de Investiga\u00e7\u00f5es Criminais (DEIC), prendeu nesta quinta-feira (10\/07) um homem foragido da Justi\u00e7a do estado do Paran\u00e1 h\u00e1 aproximadamente 20 anos. A pris\u00e3o ocorreu no bairro da Barra da Lagoa, em Florian\u00f3polis, quando o foragido sa\u00eda de uma obra.&nbsp;<\/span><\/p>\n<p><span style=\"font-weight: 400;\">O investigado, que possu\u00eda dois mandados de pris\u00e3o por crimes graves como homic\u00eddio, tr\u00e1fico de drogas e roubo, vivia em Santa Catarina utilizando uma identidade falsa. Um dos mandados refere-se a uma condena\u00e7\u00e3o definitiva com pena superior a 24 anos de reclus\u00e3o.&nbsp;<\/span><\/p>\n<p>No total, foram tr\u00eas meses de investiga\u00e7\u00e3o, realizada pela equipe da DECAP\/DEIC, que resultou no sucesso da pris\u00e3o. A a\u00e7\u00e3o contou com a atua\u00e7\u00e3o imprescind\u00edvel do Centro Integrado de Seguran\u00e7a P\u00fablica e Prote\u00e7\u00e3o Ambiental (CISPPA).&nbsp;<span style=\"color: #7a7a7a; font-family: var( --e-global-typography-primary-font-family ), Sans-serif; font-size: var( --e-global-typography-primary-font-size ); letter-spacing: var( --e-global-typography-primary-letter-spacing );\">&nbsp;<\/span><\/p>\n<p><b>A investiga\u00e7\u00e3o: Um &#8220;Fantasma&#8221; sem rastros<\/b><\/p>\n<p><span style=\"font-weight: 400;\">A investiga\u00e7\u00e3o da&nbsp; denominada &#8220;Opera\u00e7\u00e3o Fantasma&#8221; teve in\u00edcio ap\u00f3s a DECAP\/DEIC receber uma den\u00fancia an\u00f4nima por meio da Diretoria de Intelig\u00eancia da Pol\u00edcia Civil. A complexidade do caso se devia ao fato de o foragido ser um verdadeiro &#8220;fantasma&#8221; nos registros oficiais do Paran\u00e1, n\u00e3o havendo em seus cadastros fotos ou impress\u00f5es digitais que pudessem levar \u00e0 sua identifica\u00e7\u00e3o.<\/span><\/p>\n<p><span style=\"font-weight: 400;\">&nbsp;<\/span><span style=\"font-family: var( --e-global-typography-primary-font-family ), Sans-serif; font-size: var( --e-global-typography-primary-font-size ); letter-spacing: var( --e-global-typography-primary-letter-spacing );\">O trabalho investigativo da Pol\u00edcia Civil de Santa Catarina foi fundamental para ligar as pe\u00e7as do quebra-cabe\u00e7a. Os policiais descobriram que o nome falso utilizado pelo foragido estava associado a um boletim de ocorr\u00eancia de 2017 em Santa Catarina. Nesse registro, o homem conduzia um ve\u00edculo que pertencia \u00e0 sua companheira, a mesma mulher ligada ao nome verdadeiro do foragido em investiga\u00e7\u00f5es no Paran\u00e1. A partir da\u00ed, foi confirmado que o casal tinha dois filhos, cujos registros de paternidade constavam o nome real do procurado.&nbsp;<\/span><\/p>\n<p><b>A confirma\u00e7\u00e3o da Identidade<\/b><\/p>\n<p><span style=\"font-family: var( --e-global-typography-primary-font-family ), Sans-serif; font-size: var( --e-global-typography-primary-font-size ); letter-spacing: var( --e-global-typography-primary-letter-spacing );\">A confirma\u00e7\u00e3o de que o homem que usava a identidade falsa era, de fato, o foragido do Paran\u00e1 veio atrav\u00e9s de uma s\u00e9rie de evid\u00eancias meticulosamente analisadas pelos investigadores.&nbsp;<\/span><\/p>\n<p><b>Cicatriz:<\/b><span style=\"font-weight: 400;\"> Um antigo registro de qualifica\u00e7\u00e3o do Paran\u00e1 descrevia que o foragido possu\u00eda uma cicatriz no dedo indicador da m\u00e3o esquerda. A mesma marca foi identificada em uma fotografia do suspeito, obtida em um procedimento policial de 2004 no Distrito Federal, onde ele utilizou o nome falso.&nbsp;<\/span><\/p>\n<p><b>Assinatura:<\/b><span style=\"font-weight: 400;\"> A grafia da assinatura no documento de identidade falso era extremamente semelhante \u00e0 assinatura do foragido em documentos oficiais do Paran\u00e1.&nbsp;<\/span><\/p>\n<p><b>Impress\u00e3o digital: <\/b><span style=\"font-weight: 400;\">A prova definitiva foi obtida quando os investigadores localizaram um documento de alistamento militar do foragido, datado de 1996, que continha o registro de sua impress\u00e3o digital do polegar direito.&nbsp;<\/span><\/p>\n<p><span style=\"font-weight: 400;\">Foi verificado ainda que o documento de identidade utilizado pelo suspeito era falso, com o n\u00famero de RG pertencendo a outra pessoa no estado de Goi\u00e1s, onde o documento teria sido supostamente emitido.&nbsp;<\/span><\/p>\n<p><span style=\"font-weight: 400;\">Ap\u00f3s a pris\u00e3o, o homem foi conduzido para a Pol\u00edcia Cient\u00edfica, onde foram coletadas as suas digitais e confirmada a sua real identidade. Em seguida, ele ser\u00e1 conduzido \u00e0 Central de Plant\u00e3o Policial da Capital para os procedimentos cab\u00edveis e, posteriormente, encaminhado ao Sistema Prisional, onde ficar\u00e1 \u00e0 disposi\u00e7\u00e3o da Justi\u00e7a. Al\u00e9m dos crimes pelos quais j\u00e1 era procurado, ele tamb\u00e9m responder\u00e1 pelo crime de falsidade ideol\u00f3gica.&nbsp;<\/span><\/p>\n<p><span style=\"font-weight: 400;\">Den\u00fancias e informa\u00e7\u00f5es relacionadas a foragidos da Justi\u00e7a podem ser encaminhadas para o e-mail deic-capturas@pc.sc.gov.br. Al\u00e9m disso, pelo Portal Foragidos da PCSC \u00e9 poss\u00edvel conhecer a rela\u00e7\u00e3o de procurados pela Justi\u00e7a. A Pol\u00edcia Civil de Santa Catarina garante o anonimato de quem prestar informa\u00e7\u00f5es sobre foragidos.<\/span><\/p>\n<p><\/p>\t\t\t\t\t\t\t\t<\/div>\n\t\t\t\t<\/div>\n\t\t\t\t\t<\/div>\n\t\t<\/div>\n\t\t\t\t\t<\/div>\n\t\t<\/section>\n\t\t\t\t<section class=\"elementor-section elementor-top-section elementor-element elementor-element-24a08a5 elementor-section-boxed elementor-section-height-default elementor-section-height-default\" data-id=\"24a08a5\" data-element_type=\"section\">\n\t\t\t\t\t\t<div class=\"elementor-container elementor-column-gap-default\">\n\t\t\t\t\t<div class=\"elementor-column elementor-col-100 elementor-top-column elementor-element elementor-element-fdd419f\" data-id=\"fdd419f\" data-element_type=\"column\">\n\t\t\t<div class=\"elementor-widget-wrap elementor-element-populated\">\n\t\t\t\t\t\t<div class=\"elementor-element elementor-element-07b133f elementor-widget elementor-widget-image\" data-id=\"07b133f\" data-element_type=\"widget\" data-widget_type=\"image.default\">\n\t\t\t\t<div class=\"elementor-widget-container\">\n\t\t\t\t\t\t\t\t\t\t\t\t\t\t\t<img decoding=\"async\" width=\"576\" height=\"1024\" src=\"https:\/\/pc.sc.gov.br\/\/wp-content\/uploads\/2025\/07\/WhatsApp-Image-2025-07-10-at-19.35.03-2-576x1024.jpeg\" class=\"attachment-large size-large wp-image-29875\" alt=\"\" srcset=\"https:\/\/pc.sc.gov.br\/\/wp-content\/uploads\/2025\/07\/WhatsApp-Image-2025-07-10-at-19.35.03-2-576x1024.jpeg 576w, https:\/\/pc.sc.gov.br\/\/wp-content\/uploads\/2025\/07\/WhatsApp-Image-2025-07-10-at-19.35.03-2-169x300.jpeg 169w, https:\/\/pc.sc.gov.br\/\/wp-content\/uploads\/2025\/07\/WhatsApp-Image-2025-07-10-at-19.35.03-2-768x1366.jpeg 768w, https:\/\/pc.sc.gov.br\/\/wp-content\/uploads\/2025\/07\/WhatsApp-Image-2025-07-10-at-19.35.03-2-864x1536.jpeg 864w, https:\/\/pc.sc.gov.br\/\/wp-content\/uploads\/2025\/07\/WhatsApp-Image-2025-07-10-at-19.35.03-2.jpeg 899w\" sizes=\"(max-width: 576px) 100vw, 576px\" \/>\t\t\t\t\t\t\t\t\t\t\t\t\t\t\t<\/div>\n\t\t\t\t<\/div>\n\t\t\t\t\t<\/div>\n\t\t<\/div>\n\t\t\t\t\t<\/div>\n\t\t<\/section>\n\t\t\t\t<\/div>\n\t\t","protected":false},"excerpt":{"rendered":"<p>Opera\u00e7\u00e3o Fantasma: Pol\u00edcia Civil captura em Florian\u00f3polis foragido h\u00e1 20 anos da Justi\u00e7a do Paran\u00e1 que usava identidade falsa A Pol\u00edcia Civil de Santa Catarina, por meio da Delegacia de Capturas (DECAP) da Diretoria Estadual de Investiga\u00e7\u00f5es Criminais (DEIC), prendeu nesta quinta-feira (10\/07) um homem foragido da Justi\u00e7a do estado do Paran\u00e1 h\u00e1 aproximadamente 20 [&hellip;]<\/p>\n","protected":false},"author":5,"featured_media":29875,"comment_status":"closed","ping_status":"open","sticky":false,"template":"","format":"standard","meta":{"_monsterinsights_skip_tracking":false,"_monsterinsights_sitenote_active":false,"_monsterinsights_sitenote_note":"","_monsterinsights_sitenote_category":0,"footnotes":""},"categories":[1],"tags":[],"class_list":["post-29874","post","type-post","status-publish","format-standard","has-post-thumbnail","hentry","category-sem-categoria"],"_links":{"self":[{"href":"https:\/\/pc.sc.gov.br\/index.php?rest_route=\/wp\/v2\/posts\/29874","targetHints":{"allow":["GET"]}}],"collection":[{"href":"https:\/\/pc.sc.gov.br\/index.php?rest_route=\/wp\/v2\/posts"}],"about":[{"href":"https:\/\/pc.sc.gov.br\/index.php?rest_route=\/wp\/v2\/types\/post"}],"author":[{"embeddable":true,"href":"https:\/\/pc.sc.gov.br\/index.php?rest_route=\/wp\/v2\/users\/5"}],"replies":[{"embeddable":true,"href":"https:\/\/pc.sc.gov.br\/index.php?rest_route=%2Fwp%2Fv2%2Fcomments&post=29874"}],"version-history":[{"count":10,"href":"https:\/\/pc.sc.gov.br\/index.php?rest_route=\/wp\/v2\/posts\/29874\/revisions"}],"predecessor-version":[{"id":29887,"href":"https:\/\/pc.sc.gov.br\/index.php?rest_route=\/wp\/v2\/posts\/29874\/revisions\/29887"}],"wp:featuredmedia":[{"embeddable":true,"href":"https:\/\/pc.sc.gov.br\/index.php?rest_route=\/wp\/v2\/media\/29875"}],"wp:attachment":[{"href":"https:\/\/pc.sc.gov.br\/index.php?rest_route=%2Fwp%2Fv2%2Fmedia&parent=29874"}],"wp:term":[{"taxonomy":"category","embeddable":true,"href":"https:\/\/pc.sc.gov.br\/index.php?rest_route=%2Fwp%2Fv2%2Fcategories&post=29874"},{"taxonomy":"post_tag","embeddable":true,"href":"https:\/\/pc.sc.gov.br\/index.php?rest_route=%2Fwp%2Fv2%2Ftags&post=29874"}],"curies":[{"name":"wp","href":"https:\/\/api.w.org\/{rel}","templated":true}]}}