{"id":30041,"date":"2025-07-15T18:08:09","date_gmt":"2025-07-15T21:08:09","guid":{"rendered":"https:\/\/pc.sc.gov.br\/?p=30041"},"modified":"2025-07-15T18:20:40","modified_gmt":"2025-07-15T21:20:40","slug":"policia-civil-realiza-formatura-de-novos-delegados-psicologos-e-escriva-na-capital","status":"publish","type":"post","link":"https:\/\/pc.sc.gov.br\/?p=30041","title":{"rendered":"Pol\u00edcia Civil realiza formatura de novos delegados, psic\u00f3logos e escriv\u00e3 na Capital"},"content":{"rendered":"\t\t<div data-elementor-type=\"wp-post\" data-elementor-id=\"30041\" class=\"elementor elementor-30041\" data-elementor-post-type=\"post\">\n\t\t\t\t\t\t<section class=\"elementor-section elementor-top-section elementor-element elementor-element-26d19331 elementor-section-boxed elementor-section-height-default elementor-section-height-default\" data-id=\"26d19331\" data-element_type=\"section\">\n\t\t\t\t\t\t<div class=\"elementor-container elementor-column-gap-default\">\n\t\t\t\t\t<div class=\"elementor-column elementor-col-100 elementor-top-column elementor-element elementor-element-113ddad9\" data-id=\"113ddad9\" data-element_type=\"column\">\n\t\t\t<div class=\"elementor-widget-wrap elementor-element-populated\">\n\t\t\t\t\t\t<div class=\"elementor-element elementor-element-a1ea167 elementor-widget elementor-widget-heading\" data-id=\"a1ea167\" data-element_type=\"widget\" data-widget_type=\"heading.default\">\n\t\t\t\t<div class=\"elementor-widget-container\">\n\t\t\t\t\t<h2 class=\"elementor-heading-title elementor-size-default\">Pol\u00edcia Civil realiza formatura de novos delegados, psic\u00f3logos e escriv\u00e3 na Capital<\/h2>\t\t\t\t<\/div>\n\t\t\t\t<\/div>\n\t\t\t\t<div class=\"elementor-element elementor-element-6fbae32b elementor-widget elementor-widget-text-editor\" data-id=\"6fbae32b\" data-element_type=\"widget\" data-widget_type=\"text-editor.default\">\n\t\t\t\t<div class=\"elementor-widget-container\">\n\t\t\t\t\t\t\t\t\t\n<figure class=\"wp-block-image size-large\"><img fetchpriority=\"high\" decoding=\"async\" width=\"1024\" height=\"683\" src=\"https:\/\/pc.sc.gov.br\/wp-content\/uploads\/2025\/07\/formatura-1024x683.jpg\" alt=\"\" class=\"wp-image-30044\" srcset=\"https:\/\/pc.sc.gov.br\/\/wp-content\/uploads\/2025\/07\/formatura-1024x683.jpg 1024w, https:\/\/pc.sc.gov.br\/\/wp-content\/uploads\/2025\/07\/formatura-300x200.jpg 300w, https:\/\/pc.sc.gov.br\/\/wp-content\/uploads\/2025\/07\/formatura-768x512.jpg 768w, https:\/\/pc.sc.gov.br\/\/wp-content\/uploads\/2025\/07\/formatura.jpg 1500w\" sizes=\"(max-width: 1024px) 100vw, 1024px\" \/><\/figure>\n\t\t\t\t\t\t\t\t<\/div>\n\t\t\t\t<\/div>\n\t\t\t\t\t<\/div>\n\t\t<\/div>\n\t\t\t\t\t<\/div>\n\t\t<\/section>\n\t\t\t\t<section class=\"elementor-section elementor-top-section elementor-element elementor-element-37edd4b elementor-section-boxed elementor-section-height-default elementor-section-height-default\" data-id=\"37edd4b\" data-element_type=\"section\">\n\t\t\t\t\t\t<div class=\"elementor-container elementor-column-gap-default\">\n\t\t\t\t\t<div class=\"elementor-column elementor-col-100 elementor-top-column elementor-element elementor-element-2867e5a\" data-id=\"2867e5a\" data-element_type=\"column\">\n\t\t\t<div class=\"elementor-widget-wrap elementor-element-populated\">\n\t\t\t\t\t\t<div class=\"elementor-element elementor-element-0584a6c elementor-widget elementor-widget-post-info\" data-id=\"0584a6c\" data-element_type=\"widget\" data-widget_type=\"post-info.default\">\n\t\t\t\t<div class=\"elementor-widget-container\">\n\t\t\t\t\t\t\t<ul class=\"elementor-inline-items elementor-icon-list-items elementor-post-info\">\n\t\t\t\t\t\t\t\t<li class=\"elementor-icon-list-item elementor-repeater-item-9f986d0 elementor-inline-item\" itemprop=\"author\">\n\t\t\t\t\t\t<a href=\"https:\/\/pc.sc.gov.br\/?author=5\">\n\t\t\t\t\t\t\t\t\t\t\t<span class=\"elementor-icon-list-icon\">\n\t\t\t\t\t\t\t\t<i aria-hidden=\"true\" class=\"far fa-user-circle\"><\/i>\t\t\t\t\t\t\t<\/span>\n\t\t\t\t\t\t\t\t\t<span class=\"elementor-icon-list-text elementor-post-info__item elementor-post-info__item--type-author\">\n\t\t\t\t\t\t\t\t\t\tStefany de Souza Alves\t\t\t\t\t<\/span>\n\t\t\t\t\t\t\t\t\t<\/a>\n\t\t\t\t<\/li>\n\t\t\t\t<li class=\"elementor-icon-list-item elementor-repeater-item-8357043 elementor-inline-item\" itemprop=\"datePublished\">\n\t\t\t\t\t\t<a href=\"https:\/\/pc.sc.gov.br\/?m=20250715\">\n\t\t\t\t\t\t\t\t\t\t\t<span class=\"elementor-icon-list-icon\">\n\t\t\t\t\t\t\t\t<i aria-hidden=\"true\" class=\"fas fa-calendar\"><\/i>\t\t\t\t\t\t\t<\/span>\n\t\t\t\t\t\t\t\t\t<span class=\"elementor-icon-list-text elementor-post-info__item elementor-post-info__item--type-date\">\n\t\t\t\t\t\t\t\t\t\t<time>julho 15, 2025<\/time>\t\t\t\t\t<\/span>\n\t\t\t\t\t\t\t\t\t<\/a>\n\t\t\t\t<\/li>\n\t\t\t\t<li class=\"elementor-icon-list-item elementor-repeater-item-9d3a230 elementor-inline-item\">\n\t\t\t\t\t\t\t\t\t\t<span class=\"elementor-icon-list-icon\">\n\t\t\t\t\t\t\t\t<i aria-hidden=\"true\" class=\"far fa-clock\"><\/i>\t\t\t\t\t\t\t<\/span>\n\t\t\t\t\t\t\t\t\t<span class=\"elementor-icon-list-text elementor-post-info__item elementor-post-info__item--type-time\">\n\t\t\t\t\t\t\t\t\t\t<time>6:08 pm<\/time>\t\t\t\t\t<\/span>\n\t\t\t\t\t\t\t\t<\/li>\n\t\t\t\t<\/ul>\n\t\t\t\t\t\t<\/div>\n\t\t\t\t<\/div>\n\t\t\t\t<div class=\"elementor-element elementor-element-00df1fe elementor-widget elementor-widget-text-editor\" data-id=\"00df1fe\" data-element_type=\"widget\" data-widget_type=\"text-editor.default\">\n\t\t\t\t<div class=\"elementor-widget-container\">\n\t\t\t\t\t\t\t\t\t<p>A Pol\u00edcia Civil de Santa Catarina celebrou a formatura de novos policiais em solenidade realizada nesta ter\u00e7a-feira (15\/07), no Centro Integrado de Cultura (CIC), em Florian\u00f3polis. O evento marca a conclus\u00e3o do curso de forma\u00e7\u00e3o inicial para 43 Delegados de Pol\u00edcia, 15 Psic\u00f3logos Policiais e uma Escriv\u00e3 de Pol\u00edcia.<\/p>\n<p>A cerim\u00f4nia contou com a presen\u00e7a de diversas autoridades, incluindo o Governador do Estado, Jorginho Mello, o Secret\u00e1rio de Seguran\u00e7a P\u00fablica, Coronel Fl\u00e1vio Rog\u00e9rio Pereira Graff, e o Delegado-Geral da Pol\u00edcia Civil, Dr. Ulisses Gabriel. O Diretor da Academia de Pol\u00edcia Civil (Acadepol), Dr. Andr\u00e9 Luiz Bermudez Pereira, tamb\u00e9m foi um dos anfitri\u00f5es do evento.<\/p>\n<p>O delegado-geral da Pol\u00edcia Civil de Santa Catarina, Ulisses Gabriel, celebrou a formatura dos novos policiais. Agora, eles integram a institui\u00e7\u00e3o, que em 2025, completa 213 anos de servi\u00e7os dedicados \u00e0 prote\u00e7\u00e3o dos catarinenses. Na ocasi\u00e3o, ele destacou a import\u00e2ncia sobre a forma\u00e7\u00e3o t\u00e9cnica, o compromisso com a \u00e9tica e a miss\u00e3o de garantir a seguran\u00e7a de cada cidad\u00e3o.<\/p>\n<p>\u201cQuando o governador Jorginho Mello assumiu a condi\u00e7\u00e3o de chefe do nosso estado, ele j\u00e1 me apresentou essa demanda. Antes mesmo de ser governador, ele visitava todas as cidades do estado e percebia que faltavam delegados para atuarem nas cidades. Ent\u00e3o logo que assumiu, j\u00e1 autorizou o concurso de delegados de Pol\u00edcia Civil, que havia acontecido apenas uma d\u00e9cada antes, em 2014. Al\u00e9m disso, ele autorizou um concurso de psic\u00f3logos policiais, cujo \u00faltimo concurso havia sido em 2010, porque se observou que v\u00e1rias Delegacias da Mulher precisavam destes profissionais. N\u00f3s realizamos o concurso e num prazo recorde o governador faz a nomea\u00e7\u00e3o. Nunca antes na hist\u00f3ria, entre o t\u00e9rmino de um concurso e a nomea\u00e7\u00e3o foi um prazo t\u00e3o curto. Em 15 dias eles estar\u00e3o assumindo as delegacias, do sul ao norte, de leste a oeste\u201d,\u00a0 informou o delegado-geral.<\/p>\n<p>Ele tamb\u00e9m destacou que o investimento do Governo do Estado na Pol\u00edcia Civil \u00e9 hist\u00f3rico. \u201cO nosso or\u00e7amento girava em torno de R$ 70 milh\u00f5es at\u00e9 2022 e a partir de 2024, 2025 ele passa de R$ 100 milh\u00f5es, o que demonstra uma preocupa\u00e7\u00e3o do governador com a seguran\u00e7a p\u00fablica\u201d, acrescentou Ulisses.\u00a0<\/p>\n<p>Durante o evento, o governador Jorginho Mello autorizou a realiza\u00e7\u00e3o de um novo concurso p\u00fablico para 300 agentes da Pol\u00edcia Civil de Santa Catarina.<\/p>\n<p>\u201cSe hoje temos esse status de ser o estado mais seguro do pa\u00eds \u00e9 gra\u00e7as aos homens e mulheres das nossas for\u00e7as de seguran\u00e7a que fazem a diferen\u00e7a. A seguran\u00e7a p\u00fablica vive um grande momento em Santa Catarina. Al\u00e9m da qualidade dos nossos policiais, de todas as for\u00e7as de seguran\u00e7a, o Governo do Estado tem conseguido ser parceiro. Ningu\u00e9m prestigiou tanto quanto n\u00f3s. Abrimos concurso p\u00fablico, estamos investindo nos nossos profissionais, entregamos viaturas, equipamentos e modernizando as nossas estruturas operacionais. Eu tenho muito orgulho de dizer que o Estado Santa Catarina est\u00e1 numa boa fase e comprometido com as nossas pol\u00edcias\u201d, destacou o governador Jorginho Mello.\u00a0<\/p>\n<p>O curso de forma\u00e7\u00e3o profissional, considerado o mais completo do Brasil entre as academias de Pol\u00edcia Judici\u00e1ria, teve in\u00edcio em 31 de janeiro e foi conclu\u00eddo em 15 de julho de 2025. Os formandos completaram uma carga hor\u00e1ria de aproximadamente 1.074 horas-aula, que incluiu aulas te\u00f3ricas, pr\u00e1ticas e est\u00e1gios em delegacias e na Central Macrorregional de Plant\u00e3o da Capital (CMPP). Todos os novos policiais j\u00e1 foram nomeados e tiveram suas lota\u00e7\u00f5es definidas.<\/p>\t\t\t\t\t\t\t\t<\/div>\n\t\t\t\t<\/div>\n\t\t\t\t\t<\/div>\n\t\t<\/div>\n\t\t\t\t\t<\/div>\n\t\t<\/section>\n\t\t\t\t<section class=\"elementor-section elementor-top-section elementor-element elementor-element-71fa8e8 elementor-section-boxed elementor-section-height-default elementor-section-height-default\" data-id=\"71fa8e8\" data-element_type=\"section\">\n\t\t\t\t\t\t<div class=\"elementor-container elementor-column-gap-default\">\n\t\t\t\t\t<div class=\"elementor-column elementor-col-100 elementor-top-column elementor-element elementor-element-bf89e3f\" data-id=\"bf89e3f\" data-element_type=\"column\">\n\t\t\t<div class=\"elementor-widget-wrap elementor-element-populated\">\n\t\t\t\t\t\t<div class=\"elementor-element elementor-element-c1cd345 elementor-widget elementor-widget-gallery\" data-id=\"c1cd345\" data-element_type=\"widget\" data-settings=\"{&quot;columns&quot;:3,&quot;lazyload&quot;:&quot;yes&quot;,&quot;gallery_layout&quot;:&quot;grid&quot;,&quot;columns_tablet&quot;:2,&quot;columns_mobile&quot;:1,&quot;gap&quot;:{&quot;unit&quot;:&quot;px&quot;,&quot;size&quot;:10,&quot;sizes&quot;:[]},&quot;gap_tablet&quot;:{&quot;unit&quot;:&quot;px&quot;,&quot;size&quot;:10,&quot;sizes&quot;:[]},&quot;gap_mobile&quot;:{&quot;unit&quot;:&quot;px&quot;,&quot;size&quot;:10,&quot;sizes&quot;:[]},&quot;link_to&quot;:&quot;file&quot;,&quot;aspect_ratio&quot;:&quot;3:2&quot;,&quot;overlay_background&quot;:&quot;yes&quot;,&quot;content_hover_animation&quot;:&quot;fade-in&quot;}\" data-widget_type=\"gallery.default\">\n\t\t\t\t<div class=\"elementor-widget-container\">\n\t\t\t\t\t\t\t<div class=\"elementor-gallery__container\">\n\t\t\t\t\t\t\t<a class=\"e-gallery-item elementor-gallery-item elementor-animated-content\" href=\"https:\/\/pc.sc.gov.br\/\/wp-content\/uploads\/2025\/07\/formatura.jpg\" data-elementor-open-lightbox=\"yes\" data-elementor-lightbox-slideshow=\"c1cd345\" data-elementor-lightbox-title=\"formatura\" data-e-action-hash=\"#elementor-action%3Aaction%3Dlightbox%26settings%3DeyJpZCI6MzAwNDQsInVybCI6Imh0dHBzOlwvXC9wYy5zYy5nb3YuYnJcL1wvd3AtY29udGVudFwvdXBsb2Fkc1wvMjAyNVwvMDdcL2Zvcm1hdHVyYS5qcGciLCJzbGlkZXNob3ciOiJjMWNkMzQ1In0%3D\">\n\t\t\t\t\t<div class=\"e-gallery-image elementor-gallery-item__image\" data-thumbnail=\"https:\/\/pc.sc.gov.br\/\/wp-content\/uploads\/2025\/07\/formatura-300x200.jpg\" data-width=\"300\" data-height=\"200\" aria-label=\"\" role=\"img\" ><\/div>\n\t\t\t\t\t\t\t\t\t\t\t<div class=\"elementor-gallery-item__overlay\"><\/div>\n\t\t\t\t\t\t\t\t\t\t\t\t\t\t<\/a>\n\t\t\t\t\t\t\t<a class=\"e-gallery-item elementor-gallery-item elementor-animated-content\" href=\"https:\/\/pc.sc.gov.br\/\/wp-content\/uploads\/2025\/07\/formatura-2.jpg\" data-elementor-open-lightbox=\"yes\" data-elementor-lightbox-slideshow=\"c1cd345\" data-elementor-lightbox-title=\"formatura 2\" data-e-action-hash=\"#elementor-action%3Aaction%3Dlightbox%26settings%3DeyJpZCI6MzAwNDMsInVybCI6Imh0dHBzOlwvXC9wYy5zYy5nb3YuYnJcL1wvd3AtY29udGVudFwvdXBsb2Fkc1wvMjAyNVwvMDdcL2Zvcm1hdHVyYS0yLmpwZyIsInNsaWRlc2hvdyI6ImMxY2QzNDUifQ%3D%3D\">\n\t\t\t\t\t<div class=\"e-gallery-image elementor-gallery-item__image\" data-thumbnail=\"https:\/\/pc.sc.gov.br\/\/wp-content\/uploads\/2025\/07\/formatura-2-300x200.jpg\" data-width=\"300\" data-height=\"200\" aria-label=\"\" role=\"img\" ><\/div>\n\t\t\t\t\t\t\t\t\t\t\t<div class=\"elementor-gallery-item__overlay\"><\/div>\n\t\t\t\t\t\t\t\t\t\t\t\t\t\t<\/a>\n\t\t\t\t\t\t\t<a class=\"e-gallery-item elementor-gallery-item elementor-animated-content\" href=\"https:\/\/pc.sc.gov.br\/\/wp-content\/uploads\/2025\/07\/formatura-3.jpg\" data-elementor-open-lightbox=\"yes\" data-elementor-lightbox-slideshow=\"c1cd345\" data-elementor-lightbox-title=\"formatura 3\" data-e-action-hash=\"#elementor-action%3Aaction%3Dlightbox%26settings%3DeyJpZCI6MzAwNDIsInVybCI6Imh0dHBzOlwvXC9wYy5zYy5nb3YuYnJcL1wvd3AtY29udGVudFwvdXBsb2Fkc1wvMjAyNVwvMDdcL2Zvcm1hdHVyYS0zLmpwZyIsInNsaWRlc2hvdyI6ImMxY2QzNDUifQ%3D%3D\">\n\t\t\t\t\t<div class=\"e-gallery-image elementor-gallery-item__image\" data-thumbnail=\"https:\/\/pc.sc.gov.br\/\/wp-content\/uploads\/2025\/07\/formatura-3-300x200.jpg\" data-width=\"300\" data-height=\"200\" aria-label=\"\" role=\"img\" ><\/div>\n\t\t\t\t\t\t\t\t\t\t\t<div class=\"elementor-gallery-item__overlay\"><\/div>\n\t\t\t\t\t\t\t\t\t\t\t\t\t\t<\/a>\n\t\t\t\t\t<\/div>\n\t\t\t\t\t<\/div>\n\t\t\t\t<\/div>\n\t\t\t\t\t<\/div>\n\t\t<\/div>\n\t\t\t\t\t<\/div>\n\t\t<\/section>\n\t\t\t\t<\/div>\n\t\t","protected":false},"excerpt":{"rendered":"<p>Pol\u00edcia Civil realiza formatura de novos delegados, psic\u00f3logos e escriv\u00e3 na Capital A Pol\u00edcia Civil de Santa Catarina celebrou a formatura de novos policiais em solenidade realizada nesta ter\u00e7a-feira (15\/07), no Centro Integrado de Cultura (CIC), em Florian\u00f3polis. O evento marca a conclus\u00e3o do curso de forma\u00e7\u00e3o inicial para 43 Delegados de Pol\u00edcia, 15 Psic\u00f3logos [&hellip;]<\/p>\n","protected":false},"author":5,"featured_media":30044,"comment_status":"closed","ping_status":"open","sticky":false,"template":"","format":"standard","meta":{"_monsterinsights_skip_tracking":false,"_monsterinsights_sitenote_active":false,"_monsterinsights_sitenote_note":"","_monsterinsights_sitenote_category":0,"footnotes":""},"categories":[1],"tags":[],"class_list":["post-30041","post","type-post","status-publish","format-standard","has-post-thumbnail","hentry","category-sem-categoria"],"_links":{"self":[{"href":"https:\/\/pc.sc.gov.br\/index.php?rest_route=\/wp\/v2\/posts\/30041","targetHints":{"allow":["GET"]}}],"collection":[{"href":"https:\/\/pc.sc.gov.br\/index.php?rest_route=\/wp\/v2\/posts"}],"about":[{"href":"https:\/\/pc.sc.gov.br\/index.php?rest_route=\/wp\/v2\/types\/post"}],"author":[{"embeddable":true,"href":"https:\/\/pc.sc.gov.br\/index.php?rest_route=\/wp\/v2\/users\/5"}],"replies":[{"embeddable":true,"href":"https:\/\/pc.sc.gov.br\/index.php?rest_route=%2Fwp%2Fv2%2Fcomments&post=30041"}],"version-history":[{"count":10,"href":"https:\/\/pc.sc.gov.br\/index.php?rest_route=\/wp\/v2\/posts\/30041\/revisions"}],"predecessor-version":[{"id":30054,"href":"https:\/\/pc.sc.gov.br\/index.php?rest_route=\/wp\/v2\/posts\/30041\/revisions\/30054"}],"wp:featuredmedia":[{"embeddable":true,"href":"https:\/\/pc.sc.gov.br\/index.php?rest_route=\/wp\/v2\/media\/30044"}],"wp:attachment":[{"href":"https:\/\/pc.sc.gov.br\/index.php?rest_route=%2Fwp%2Fv2%2Fmedia&parent=30041"}],"wp:term":[{"taxonomy":"category","embeddable":true,"href":"https:\/\/pc.sc.gov.br\/index.php?rest_route=%2Fwp%2Fv2%2Fcategories&post=30041"},{"taxonomy":"post_tag","embeddable":true,"href":"https:\/\/pc.sc.gov.br\/index.php?rest_route=%2Fwp%2Fv2%2Ftags&post=30041"}],"curies":[{"name":"wp","href":"https:\/\/api.w.org\/{rel}","templated":true}]}}