{"id":30071,"date":"2025-07-16T14:44:17","date_gmt":"2025-07-16T17:44:17","guid":{"rendered":"https:\/\/pc.sc.gov.br\/?p=30071"},"modified":"2025-07-16T14:51:46","modified_gmt":"2025-07-16T17:51:46","slug":"policia-civil-prende-homem-em-posse-de-videos-com-pornografia-infantil-em-sao-francisco-do-sul","status":"publish","type":"post","link":"https:\/\/pc.sc.gov.br\/?p=30071","title":{"rendered":"Pol\u00edcia Civil prende homem em posse de v\u00eddeos com pornografia infantil em S\u00e3o Francisco do Sul"},"content":{"rendered":"\t\t<div data-elementor-type=\"wp-post\" data-elementor-id=\"30071\" class=\"elementor elementor-30071\" data-elementor-post-type=\"post\">\n\t\t\t\t\t\t<section class=\"elementor-section elementor-top-section elementor-element elementor-element-79b46ad elementor-section-boxed elementor-section-height-default elementor-section-height-default\" data-id=\"79b46ad\" data-element_type=\"section\">\n\t\t\t\t\t\t<div class=\"elementor-container elementor-column-gap-default\">\n\t\t\t\t\t<div class=\"elementor-column elementor-col-100 elementor-top-column elementor-element elementor-element-6544fa1\" data-id=\"6544fa1\" data-element_type=\"column\">\n\t\t\t<div class=\"elementor-widget-wrap elementor-element-populated\">\n\t\t\t\t\t\t<div class=\"elementor-element elementor-element-12f8094 elementor-widget elementor-widget-heading\" data-id=\"12f8094\" data-element_type=\"widget\" data-widget_type=\"heading.default\">\n\t\t\t\t<div class=\"elementor-widget-container\">\n\t\t\t\t\t<h2 class=\"elementor-heading-title elementor-size-default\">Pol\u00edcia Civil prende homem em posse de v\u00eddeos com pornografia infantil em S\u00e3o Francisco do Sul <\/h2>\t\t\t\t<\/div>\n\t\t\t\t<\/div>\n\t\t\t\t\t<\/div>\n\t\t<\/div>\n\t\t\t\t\t<\/div>\n\t\t<\/section>\n\t\t\t\t<section class=\"elementor-section elementor-top-section elementor-element elementor-element-6a1f9b8 elementor-section-boxed elementor-section-height-default elementor-section-height-default\" data-id=\"6a1f9b8\" data-element_type=\"section\">\n\t\t\t\t\t\t<div class=\"elementor-container elementor-column-gap-default\">\n\t\t\t\t\t<div class=\"elementor-column elementor-col-100 elementor-top-column elementor-element elementor-element-dd2c804\" data-id=\"dd2c804\" data-element_type=\"column\">\n\t\t\t<div class=\"elementor-widget-wrap elementor-element-populated\">\n\t\t\t\t\t\t<div class=\"elementor-element elementor-element-31ad47b elementor-widget elementor-widget-image\" data-id=\"31ad47b\" data-element_type=\"widget\" data-widget_type=\"image.default\">\n\t\t\t\t<div class=\"elementor-widget-container\">\n\t\t\t\t\t\t\t\t\t\t\t\t\t\t\t<img fetchpriority=\"high\" decoding=\"async\" width=\"696\" height=\"924\" src=\"https:\/\/pc.sc.gov.br\/\/wp-content\/uploads\/2025\/07\/WhatsApp-Image-2025-07-16-at-10.18.42-771x1024.jpeg\" class=\"attachment-large size-large wp-image-30073\" alt=\"\" \/>\t\t\t\t\t\t\t\t\t\t\t\t\t\t\t<\/div>\n\t\t\t\t<\/div>\n\t\t\t\t\t<\/div>\n\t\t<\/div>\n\t\t\t\t\t<\/div>\n\t\t<\/section>\n\t\t\t\t<section class=\"elementor-section elementor-top-section elementor-element elementor-element-ed0d20c elementor-section-boxed elementor-section-height-default elementor-section-height-default\" data-id=\"ed0d20c\" data-element_type=\"section\">\n\t\t\t\t\t\t<div class=\"elementor-container elementor-column-gap-default\">\n\t\t\t\t\t<div class=\"elementor-column elementor-col-100 elementor-top-column elementor-element elementor-element-2c18dd1\" data-id=\"2c18dd1\" data-element_type=\"column\">\n\t\t\t<div class=\"elementor-widget-wrap elementor-element-populated\">\n\t\t\t\t\t\t<div class=\"elementor-element elementor-element-82ee8e0 elementor-widget elementor-widget-post-info\" data-id=\"82ee8e0\" data-element_type=\"widget\" data-widget_type=\"post-info.default\">\n\t\t\t\t<div class=\"elementor-widget-container\">\n\t\t\t\t\t\t\t<ul class=\"elementor-inline-items elementor-icon-list-items elementor-post-info\">\n\t\t\t\t\t\t\t\t<li class=\"elementor-icon-list-item elementor-repeater-item-e72cb81 elementor-inline-item\" itemprop=\"author\">\n\t\t\t\t\t\t<a href=\"https:\/\/pc.sc.gov.br\/?author=5\">\n\t\t\t\t\t\t\t\t\t\t\t<span class=\"elementor-icon-list-icon\">\n\t\t\t\t\t\t\t\t<i aria-hidden=\"true\" class=\"far fa-user-circle\"><\/i>\t\t\t\t\t\t\t<\/span>\n\t\t\t\t\t\t\t\t\t<span class=\"elementor-icon-list-text elementor-post-info__item elementor-post-info__item--type-author\">\n\t\t\t\t\t\t\t\t\t\tStefany de Souza Alves\t\t\t\t\t<\/span>\n\t\t\t\t\t\t\t\t\t<\/a>\n\t\t\t\t<\/li>\n\t\t\t\t<li class=\"elementor-icon-list-item elementor-repeater-item-6e92481 elementor-inline-item\" itemprop=\"datePublished\">\n\t\t\t\t\t\t<a href=\"https:\/\/pc.sc.gov.br\/?m=20250716\">\n\t\t\t\t\t\t\t\t\t\t\t<span class=\"elementor-icon-list-icon\">\n\t\t\t\t\t\t\t\t<i aria-hidden=\"true\" class=\"fas fa-calendar\"><\/i>\t\t\t\t\t\t\t<\/span>\n\t\t\t\t\t\t\t\t\t<span class=\"elementor-icon-list-text elementor-post-info__item elementor-post-info__item--type-date\">\n\t\t\t\t\t\t\t\t\t\t<time>julho 16, 2025<\/time>\t\t\t\t\t<\/span>\n\t\t\t\t\t\t\t\t\t<\/a>\n\t\t\t\t<\/li>\n\t\t\t\t<li class=\"elementor-icon-list-item elementor-repeater-item-cf5a088 elementor-inline-item\">\n\t\t\t\t\t\t\t\t\t\t<span class=\"elementor-icon-list-icon\">\n\t\t\t\t\t\t\t\t<i aria-hidden=\"true\" class=\"far fa-clock\"><\/i>\t\t\t\t\t\t\t<\/span>\n\t\t\t\t\t\t\t\t\t<span class=\"elementor-icon-list-text elementor-post-info__item elementor-post-info__item--type-time\">\n\t\t\t\t\t\t\t\t\t\t<time>2:44 pm<\/time>\t\t\t\t\t<\/span>\n\t\t\t\t\t\t\t\t<\/li>\n\t\t\t\t<\/ul>\n\t\t\t\t\t\t<\/div>\n\t\t\t\t<\/div>\n\t\t\t\t<div class=\"elementor-element elementor-element-d35b4aa elementor-widget elementor-widget-text-editor\" data-id=\"d35b4aa\" data-element_type=\"widget\" data-widget_type=\"text-editor.default\">\n\t\t\t\t<div class=\"elementor-widget-container\">\n\t\t\t\t\t\t\t\t\t<p>A Pol\u00edcia Civil de Santa Catarina, por meio da Delegacia de S\u00e3o Francisco do Sul, prendeu em flagrante, um homem respons\u00e1vel pelo armazenamento de v\u00eddeos contendo cenas de sexo expl\u00edcito ou pornografia com crian\u00e7as e adolescentes. A pris\u00e3o ocorreu na manh\u00e3 desta quarta-feira (16\/7), durante cumprimento de mandados de busca e apreens\u00e3o em uma resid\u00eancia.<\/p><p>Na ocasi\u00e3o do cumprimento, foi constatado o armazenamento de conte\u00fado sexual envolvendo crian\u00e7as, sendo o autor preso em flagrante e os dispositivos de armazenamento de m\u00eddia apreendidos para realiza\u00e7\u00e3o de per\u00edcia. Ap\u00f3s os procedimentos na Delegacia, o autor, que j\u00e1 havia sido investigado anteriormente por crime sexual contra vulner\u00e1vel, foi encaminhado ao sistema prisional, onde permanecer\u00e1 \u00e0 disposi\u00e7\u00e3o da justi\u00e7a. As investiga\u00e7\u00f5es seguem em andamento, aguardando o resultado da per\u00edcia para apura\u00e7\u00e3o de outros crimes.<\/p><p>A opera\u00e7\u00e3o contou com apoio da Delegacia de Homic\u00eddios de Joinville e da Pol\u00edcia Cient\u00edfica.<\/p>\t\t\t\t\t\t\t\t<\/div>\n\t\t\t\t<\/div>\n\t\t\t\t\t<\/div>\n\t\t<\/div>\n\t\t\t\t\t<\/div>\n\t\t<\/section>\n\t\t\t\t<\/div>\n\t\t","protected":false},"excerpt":{"rendered":"<p>Pol\u00edcia Civil prende homem em posse de v\u00eddeos com pornografia infantil em S\u00e3o Francisco do Sul A Pol\u00edcia Civil de Santa Catarina, por meio da Delegacia de S\u00e3o Francisco do Sul, prendeu em flagrante, um homem respons\u00e1vel pelo armazenamento de v\u00eddeos contendo cenas de sexo expl\u00edcito ou pornografia com crian\u00e7as e adolescentes. A pris\u00e3o ocorreu [&hellip;]<\/p>\n","protected":false},"author":5,"featured_media":30073,"comment_status":"closed","ping_status":"open","sticky":false,"template":"","format":"standard","meta":{"_monsterinsights_skip_tracking":false,"_monsterinsights_sitenote_active":false,"_monsterinsights_sitenote_note":"","_monsterinsights_sitenote_category":0,"footnotes":""},"categories":[1],"tags":[],"class_list":["post-30071","post","type-post","status-publish","format-standard","has-post-thumbnail","hentry","category-sem-categoria"],"_links":{"self":[{"href":"https:\/\/pc.sc.gov.br\/index.php?rest_route=\/wp\/v2\/posts\/30071","targetHints":{"allow":["GET"]}}],"collection":[{"href":"https:\/\/pc.sc.gov.br\/index.php?rest_route=\/wp\/v2\/posts"}],"about":[{"href":"https:\/\/pc.sc.gov.br\/index.php?rest_route=\/wp\/v2\/types\/post"}],"author":[{"embeddable":true,"href":"https:\/\/pc.sc.gov.br\/index.php?rest_route=\/wp\/v2\/users\/5"}],"replies":[{"embeddable":true,"href":"https:\/\/pc.sc.gov.br\/index.php?rest_route=%2Fwp%2Fv2%2Fcomments&post=30071"}],"version-history":[{"count":7,"href":"https:\/\/pc.sc.gov.br\/index.php?rest_route=\/wp\/v2\/posts\/30071\/revisions"}],"predecessor-version":[{"id":30080,"href":"https:\/\/pc.sc.gov.br\/index.php?rest_route=\/wp\/v2\/posts\/30071\/revisions\/30080"}],"wp:featuredmedia":[{"embeddable":true,"href":"https:\/\/pc.sc.gov.br\/index.php?rest_route=\/wp\/v2\/media\/30073"}],"wp:attachment":[{"href":"https:\/\/pc.sc.gov.br\/index.php?rest_route=%2Fwp%2Fv2%2Fmedia&parent=30071"}],"wp:term":[{"taxonomy":"category","embeddable":true,"href":"https:\/\/pc.sc.gov.br\/index.php?rest_route=%2Fwp%2Fv2%2Fcategories&post=30071"},{"taxonomy":"post_tag","embeddable":true,"href":"https:\/\/pc.sc.gov.br\/index.php?rest_route=%2Fwp%2Fv2%2Ftags&post=30071"}],"curies":[{"name":"wp","href":"https:\/\/api.w.org\/{rel}","templated":true}]}}