{"id":30212,"date":"2025-07-18T18:22:48","date_gmt":"2025-07-18T21:22:48","guid":{"rendered":"https:\/\/pc.sc.gov.br\/?p=30212"},"modified":"2025-07-18T21:52:09","modified_gmt":"2025-07-19T00:52:09","slug":"santa-catarina-reduz-a-criminalidade-e-registra-as-menores-taxas-em-mais-de-uma-decada","status":"publish","type":"post","link":"https:\/\/pc.sc.gov.br\/?p=30212","title":{"rendered":"Santa Catarina reduz a criminalidade e registra as menores taxas em mais de uma d\u00e9cada"},"content":{"rendered":"\t\t<div data-elementor-type=\"wp-post\" data-elementor-id=\"30212\" class=\"elementor elementor-30212\" data-elementor-post-type=\"post\">\n\t\t\t\t\t\t<section class=\"elementor-section elementor-top-section elementor-element elementor-element-2824788c elementor-section-boxed elementor-section-height-default elementor-section-height-default\" data-id=\"2824788c\" data-element_type=\"section\">\n\t\t\t\t\t\t<div class=\"elementor-container elementor-column-gap-default\">\n\t\t\t\t\t<div class=\"elementor-column elementor-col-100 elementor-top-column elementor-element elementor-element-f681d2f\" data-id=\"f681d2f\" data-element_type=\"column\">\n\t\t\t<div class=\"elementor-widget-wrap elementor-element-populated\">\n\t\t\t\t\t\t<div class=\"elementor-element elementor-element-9ca5e6b elementor-widget elementor-widget-heading\" data-id=\"9ca5e6b\" data-element_type=\"widget\" data-widget_type=\"heading.default\">\n\t\t\t\t<div class=\"elementor-widget-container\">\n\t\t\t\t\t<h2 class=\"elementor-heading-title elementor-size-default\">Santa Catarina reduz a criminalidade e registra as menores taxas em mais de uma d\u00e9cada<\/h2>\t\t\t\t<\/div>\n\t\t\t\t<\/div>\n\t\t\t\t<div class=\"elementor-element elementor-element-3737e849 elementor-widget elementor-widget-text-editor\" data-id=\"3737e849\" data-element_type=\"widget\" data-widget_type=\"text-editor.default\">\n\t\t\t\t<div class=\"elementor-widget-container\">\n\t\t\t\t\t\t\t\t\t\n<figure class=\"wp-block-image size-large\"><img fetchpriority=\"high\" decoding=\"async\" width=\"1024\" height=\"683\" src=\"https:\/\/pc.sc.gov.br\/wp-content\/uploads\/2025\/07\/coletiva-de-imprensa-1024x683.jpg\" alt=\"\" class=\"wp-image-30213\"\/><\/figure>\n\t\t\t\t\t\t\t\t<\/div>\n\t\t\t\t<\/div>\n\t\t\t\t<div class=\"elementor-element elementor-element-6bb2659 elementor-widget elementor-widget-post-info\" data-id=\"6bb2659\" data-element_type=\"widget\" data-widget_type=\"post-info.default\">\n\t\t\t\t<div class=\"elementor-widget-container\">\n\t\t\t\t\t\t\t<ul class=\"elementor-inline-items elementor-icon-list-items elementor-post-info\">\n\t\t\t\t\t\t\t\t<li class=\"elementor-icon-list-item elementor-repeater-item-9b83a73 elementor-inline-item\" itemprop=\"author\">\n\t\t\t\t\t\t<a href=\"https:\/\/pc.sc.gov.br\/?author=5\">\n\t\t\t\t\t\t\t\t\t\t\t<span class=\"elementor-icon-list-icon\">\n\t\t\t\t\t\t\t\t<i aria-hidden=\"true\" class=\"far fa-user-circle\"><\/i>\t\t\t\t\t\t\t<\/span>\n\t\t\t\t\t\t\t\t\t<span class=\"elementor-icon-list-text elementor-post-info__item elementor-post-info__item--type-author\">\n\t\t\t\t\t\t\t\t\t\tStefany de Souza Alves\t\t\t\t\t<\/span>\n\t\t\t\t\t\t\t\t\t<\/a>\n\t\t\t\t<\/li>\n\t\t\t\t<li class=\"elementor-icon-list-item elementor-repeater-item-0eef7bf elementor-inline-item\" itemprop=\"datePublished\">\n\t\t\t\t\t\t<a href=\"https:\/\/pc.sc.gov.br\/?m=20250718\">\n\t\t\t\t\t\t\t\t\t\t\t<span class=\"elementor-icon-list-icon\">\n\t\t\t\t\t\t\t\t<i aria-hidden=\"true\" class=\"fas fa-calendar\"><\/i>\t\t\t\t\t\t\t<\/span>\n\t\t\t\t\t\t\t\t\t<span class=\"elementor-icon-list-text elementor-post-info__item elementor-post-info__item--type-date\">\n\t\t\t\t\t\t\t\t\t\t<time>julho 18, 2025<\/time>\t\t\t\t\t<\/span>\n\t\t\t\t\t\t\t\t\t<\/a>\n\t\t\t\t<\/li>\n\t\t\t\t<li class=\"elementor-icon-list-item elementor-repeater-item-dd0df49 elementor-inline-item\">\n\t\t\t\t\t\t\t\t\t\t<span class=\"elementor-icon-list-icon\">\n\t\t\t\t\t\t\t\t<i aria-hidden=\"true\" class=\"far fa-clock\"><\/i>\t\t\t\t\t\t\t<\/span>\n\t\t\t\t\t\t\t\t\t<span class=\"elementor-icon-list-text elementor-post-info__item elementor-post-info__item--type-time\">\n\t\t\t\t\t\t\t\t\t\t<time>6:22 pm<\/time>\t\t\t\t\t<\/span>\n\t\t\t\t\t\t\t\t<\/li>\n\t\t\t\t<\/ul>\n\t\t\t\t\t\t<\/div>\n\t\t\t\t<\/div>\n\t\t\t\t\t<\/div>\n\t\t<\/div>\n\t\t\t\t\t<\/div>\n\t\t<\/section>\n\t\t\t\t<section class=\"elementor-section elementor-top-section elementor-element elementor-element-94fc95f elementor-section-boxed elementor-section-height-default elementor-section-height-default\" data-id=\"94fc95f\" data-element_type=\"section\">\n\t\t\t\t\t\t<div class=\"elementor-container elementor-column-gap-default\">\n\t\t\t\t\t<div class=\"elementor-column elementor-col-100 elementor-top-column elementor-element elementor-element-70c2802\" data-id=\"70c2802\" data-element_type=\"column\">\n\t\t\t<div class=\"elementor-widget-wrap elementor-element-populated\">\n\t\t\t\t\t\t<div class=\"elementor-element elementor-element-05887ca elementor-widget elementor-widget-text-editor\" data-id=\"05887ca\" data-element_type=\"widget\" data-widget_type=\"text-editor.default\">\n\t\t\t\t<div class=\"elementor-widget-container\">\n\t\t\t\t\t\t\t\t\t<p>O combate \u00e0 criminalidade em Santa Catarina produziu resultados expressivos no primeiro semestre de 2025, muitos deles representando os menores percentuais j\u00e1 registrados desde o in\u00edcio da s\u00e9rie hist\u00f3rica \u2014 ou seja, desde quando o Governo do Estado passou a contabilizar os crimes. Um dos grandes destaques do relat\u00f3rio produzido pela Diretoria de Intelig\u00eancia Estrat\u00e9gica da Secretaria de Estado da Seguran\u00e7a P\u00fablica (SSP) diz respeito aos indicadores de mortes violentas, que incluem homic\u00eddios, feminic\u00eddios, latroc\u00ednios, les\u00e3o corporal seguida de morte e mortes por interven\u00e7\u00e3o legal de agente do Estado. A taxa de 3,9 registrada no per\u00edodo \u00e9 a menor desde 2011. Em rela\u00e7\u00e3o ao primeiro semestre do ano anterior, a redu\u00e7\u00e3o foi de 17,1%.<\/p>\n<p>Se analisados separadamente, os indicadores tamb\u00e9m apresentam resultados positivos, como no caso dos homic\u00eddios. A taxa de 2,8 \u00e9 a menor j\u00e1 alcan\u00e7ada no per\u00edodo, com 224 crimes registrados \u2014 sendo que, em 68% dos munic\u00edpios, n\u00e3o houve nenhuma ocorr\u00eancia. Trata-se de uma queda de 20,6% em compara\u00e7\u00e3o aos seis primeiros meses de 2024. Vale destacar ainda o n\u00famero de homic\u00eddios registrados no m\u00eas de junho, que supera todos os indicadores anteriores para esse m\u00eas desde 2008, quando teve in\u00edcio a contagem dos casos. Ao todo, foram 27 crimes computados.<\/p>\n<p>O indicador de latroc\u00ednio teve redu\u00e7\u00e3o de 11,1% em rela\u00e7\u00e3o a 2024 e alcan\u00e7ou o segundo melhor percentual da s\u00e9rie hist\u00f3rica, com 0,10 para cada 100 mil habitantes. Da mesma forma, o indicador de les\u00e3o corporal seguida de morte sofreu queda significativa em compara\u00e7\u00e3o com o ano anterior, com uma redu\u00e7\u00e3o de 33,3%.<br \/><br \/>Outro avan\u00e7o constatado foi a redu\u00e7\u00e3o no n\u00famero de feminic\u00eddios em Santa Catarina, que alcan\u00e7ou a segunda menor taxa da s\u00e9rie hist\u00f3rica iniciada em 2018 \u2014 0,29 para cada 100 mil habitantes. Em rela\u00e7\u00e3o ao primeiro semestre do ano anterior, a queda foi de 30,3%. Os crimes praticados contra mulheres em situa\u00e7\u00e3o de viol\u00eancia dom\u00e9stica tamb\u00e9m apresentaram uma redu\u00e7\u00e3o de 3,6%, com 1.845 ocorr\u00eancias a menos que no mesmo per\u00edodo de 2024.<\/p>\n<p>Os n\u00fameros foram apresentados durante coletiva de imprensa conduzida pelo secret\u00e1rio da Seguran\u00e7a P\u00fablica, Fl\u00e1vio Rog\u00e9rio Pereira Graff, e pelo secret\u00e1rio adjunto, Sinval Santos da Silveira J\u00fanior, com a participa\u00e7\u00e3o do diretor de Intelig\u00eancia Estrat\u00e9gica da SSP, Jo\u00e3o Marcos Tanan Sales, e do diretor de Tecnologia e Inova\u00e7\u00e3o, Everton Wiezbicki.<\/p>\t\t\t\t\t\t\t\t<\/div>\n\t\t\t\t<\/div>\n\t\t\t\t\t<\/div>\n\t\t<\/div>\n\t\t\t\t\t<\/div>\n\t\t<\/section>\n\t\t\t\t<\/div>\n\t\t","protected":false},"excerpt":{"rendered":"<p>Santa Catarina reduz a criminalidade e registra as menores taxas em mais de uma d\u00e9cada O combate \u00e0 criminalidade em Santa Catarina produziu resultados expressivos no primeiro semestre de 2025, muitos deles representando os menores percentuais j\u00e1 registrados desde o in\u00edcio da s\u00e9rie hist\u00f3rica \u2014 ou seja, desde quando o Governo do Estado passou a [&hellip;]<\/p>\n","protected":false},"author":5,"featured_media":30213,"comment_status":"closed","ping_status":"open","sticky":false,"template":"","format":"standard","meta":{"_monsterinsights_skip_tracking":false,"_monsterinsights_sitenote_active":false,"_monsterinsights_sitenote_note":"","_monsterinsights_sitenote_category":0,"footnotes":""},"categories":[1],"tags":[],"class_list":["post-30212","post","type-post","status-publish","format-standard","has-post-thumbnail","hentry","category-sem-categoria"],"_links":{"self":[{"href":"https:\/\/pc.sc.gov.br\/index.php?rest_route=\/wp\/v2\/posts\/30212","targetHints":{"allow":["GET"]}}],"collection":[{"href":"https:\/\/pc.sc.gov.br\/index.php?rest_route=\/wp\/v2\/posts"}],"about":[{"href":"https:\/\/pc.sc.gov.br\/index.php?rest_route=\/wp\/v2\/types\/post"}],"author":[{"embeddable":true,"href":"https:\/\/pc.sc.gov.br\/index.php?rest_route=\/wp\/v2\/users\/5"}],"replies":[{"embeddable":true,"href":"https:\/\/pc.sc.gov.br\/index.php?rest_route=%2Fwp%2Fv2%2Fcomments&post=30212"}],"version-history":[{"count":10,"href":"https:\/\/pc.sc.gov.br\/index.php?rest_route=\/wp\/v2\/posts\/30212\/revisions"}],"predecessor-version":[{"id":30223,"href":"https:\/\/pc.sc.gov.br\/index.php?rest_route=\/wp\/v2\/posts\/30212\/revisions\/30223"}],"wp:featuredmedia":[{"embeddable":true,"href":"https:\/\/pc.sc.gov.br\/index.php?rest_route=\/wp\/v2\/media\/30213"}],"wp:attachment":[{"href":"https:\/\/pc.sc.gov.br\/index.php?rest_route=%2Fwp%2Fv2%2Fmedia&parent=30212"}],"wp:term":[{"taxonomy":"category","embeddable":true,"href":"https:\/\/pc.sc.gov.br\/index.php?rest_route=%2Fwp%2Fv2%2Fcategories&post=30212"},{"taxonomy":"post_tag","embeddable":true,"href":"https:\/\/pc.sc.gov.br\/index.php?rest_route=%2Fwp%2Fv2%2Ftags&post=30212"}],"curies":[{"name":"wp","href":"https:\/\/api.w.org\/{rel}","templated":true}]}}