{"id":30287,"date":"2025-07-23T13:56:54","date_gmt":"2025-07-23T16:56:54","guid":{"rendered":"https:\/\/pc.sc.gov.br\/?p=30287"},"modified":"2025-07-23T13:59:41","modified_gmt":"2025-07-23T16:59:41","slug":"policia-civil-cumpre-mandado-de-prisao-por-trafico-de-drogas-em-chapeco","status":"publish","type":"post","link":"https:\/\/pc.sc.gov.br\/?p=30287","title":{"rendered":"Pol\u00edcia Civil cumpre mandado de pris\u00e3o por tr\u00e1fico de drogas em Chapec\u00f3"},"content":{"rendered":"\t\t<div data-elementor-type=\"wp-post\" data-elementor-id=\"30287\" class=\"elementor elementor-30287\" data-elementor-post-type=\"post\">\n\t\t\t\t\t\t<section class=\"elementor-section elementor-top-section elementor-element elementor-element-1a0607a5 elementor-section-boxed elementor-section-height-default elementor-section-height-default\" data-id=\"1a0607a5\" data-element_type=\"section\">\n\t\t\t\t\t\t<div class=\"elementor-container elementor-column-gap-default\">\n\t\t\t\t\t<div class=\"elementor-column elementor-col-100 elementor-top-column elementor-element elementor-element-500c7f7c\" data-id=\"500c7f7c\" data-element_type=\"column\">\n\t\t\t<div class=\"elementor-widget-wrap elementor-element-populated\">\n\t\t\t\t\t\t<div class=\"elementor-element elementor-element-e1bfbe1 elementor-widget elementor-widget-heading\" data-id=\"e1bfbe1\" data-element_type=\"widget\" data-widget_type=\"heading.default\">\n\t\t\t\t<div class=\"elementor-widget-container\">\n\t\t\t\t\t<h2 class=\"elementor-heading-title elementor-size-default\">Pol\u00edcia Civil cumpre mandado de pris\u00e3o por tr\u00e1fico de drogas em Chapec\u00f3<\/h2>\t\t\t\t<\/div>\n\t\t\t\t<\/div>\n\t\t\t\t<div class=\"elementor-element elementor-element-5e28913d elementor-widget elementor-widget-text-editor\" data-id=\"5e28913d\" data-element_type=\"widget\" data-widget_type=\"text-editor.default\">\n\t\t\t\t<div class=\"elementor-widget-container\">\n\t\t\t\t\t\t\t\t\t\n<figure class=\"wp-block-image size-large is-resized\"><img fetchpriority=\"high\" decoding=\"async\" width=\"1024\" height=\"735\" src=\"https:\/\/pc.sc.gov.br\/wp-content\/uploads\/2025\/07\/732a6452-42e1-4243-8ad6-8dfadee8302e-1024x735.jpeg\" alt=\"\" class=\"wp-image-30288\" style=\"width:829px;height:auto\" srcset=\"https:\/\/pc.sc.gov.br\/\/wp-content\/uploads\/2025\/07\/732a6452-42e1-4243-8ad6-8dfadee8302e-1024x735.jpeg 1024w, https:\/\/pc.sc.gov.br\/\/wp-content\/uploads\/2025\/07\/732a6452-42e1-4243-8ad6-8dfadee8302e-300x215.jpeg 300w, https:\/\/pc.sc.gov.br\/\/wp-content\/uploads\/2025\/07\/732a6452-42e1-4243-8ad6-8dfadee8302e-768x551.jpeg 768w, https:\/\/pc.sc.gov.br\/\/wp-content\/uploads\/2025\/07\/732a6452-42e1-4243-8ad6-8dfadee8302e.jpeg 1163w\" sizes=\"(max-width: 1024px) 100vw, 1024px\" \/><\/figure>\n\t\t\t\t\t\t\t\t<\/div>\n\t\t\t\t<\/div>\n\t\t\t\t\t<\/div>\n\t\t<\/div>\n\t\t\t\t\t<\/div>\n\t\t<\/section>\n\t\t\t\t<section class=\"elementor-section elementor-top-section elementor-element elementor-element-1dbb401 elementor-section-boxed elementor-section-height-default elementor-section-height-default\" data-id=\"1dbb401\" data-element_type=\"section\">\n\t\t\t\t\t\t<div class=\"elementor-container elementor-column-gap-default\">\n\t\t\t\t\t<div class=\"elementor-column elementor-col-100 elementor-top-column elementor-element elementor-element-004c83d\" data-id=\"004c83d\" data-element_type=\"column\">\n\t\t\t<div class=\"elementor-widget-wrap elementor-element-populated\">\n\t\t\t\t\t\t<div class=\"elementor-element elementor-element-130e77e elementor-widget elementor-widget-post-info\" data-id=\"130e77e\" data-element_type=\"widget\" data-widget_type=\"post-info.default\">\n\t\t\t\t<div class=\"elementor-widget-container\">\n\t\t\t\t\t\t\t<ul class=\"elementor-inline-items elementor-icon-list-items elementor-post-info\">\n\t\t\t\t\t\t\t\t<li class=\"elementor-icon-list-item elementor-repeater-item-74c8ff8 elementor-inline-item\" itemprop=\"author\">\n\t\t\t\t\t\t<a href=\"https:\/\/pc.sc.gov.br\/?author=5\">\n\t\t\t\t\t\t\t\t\t\t\t<span class=\"elementor-icon-list-icon\">\n\t\t\t\t\t\t\t\t<i aria-hidden=\"true\" class=\"far fa-user-circle\"><\/i>\t\t\t\t\t\t\t<\/span>\n\t\t\t\t\t\t\t\t\t<span class=\"elementor-icon-list-text elementor-post-info__item elementor-post-info__item--type-author\">\n\t\t\t\t\t\t\t\t\t\tStefany de Souza Alves\t\t\t\t\t<\/span>\n\t\t\t\t\t\t\t\t\t<\/a>\n\t\t\t\t<\/li>\n\t\t\t\t<li class=\"elementor-icon-list-item elementor-repeater-item-bc8909b elementor-inline-item\" itemprop=\"datePublished\">\n\t\t\t\t\t\t<a href=\"https:\/\/pc.sc.gov.br\/?m=20250723\">\n\t\t\t\t\t\t\t\t\t\t\t<span class=\"elementor-icon-list-icon\">\n\t\t\t\t\t\t\t\t<i aria-hidden=\"true\" class=\"fas fa-calendar\"><\/i>\t\t\t\t\t\t\t<\/span>\n\t\t\t\t\t\t\t\t\t<span class=\"elementor-icon-list-text elementor-post-info__item elementor-post-info__item--type-date\">\n\t\t\t\t\t\t\t\t\t\t<time>julho 23, 2025<\/time>\t\t\t\t\t<\/span>\n\t\t\t\t\t\t\t\t\t<\/a>\n\t\t\t\t<\/li>\n\t\t\t\t<li class=\"elementor-icon-list-item elementor-repeater-item-d025f03 elementor-inline-item\">\n\t\t\t\t\t\t\t\t\t\t<span class=\"elementor-icon-list-icon\">\n\t\t\t\t\t\t\t\t<i aria-hidden=\"true\" class=\"far fa-clock\"><\/i>\t\t\t\t\t\t\t<\/span>\n\t\t\t\t\t\t\t\t\t<span class=\"elementor-icon-list-text elementor-post-info__item elementor-post-info__item--type-time\">\n\t\t\t\t\t\t\t\t\t\t<time>1:56 pm<\/time>\t\t\t\t\t<\/span>\n\t\t\t\t\t\t\t\t<\/li>\n\t\t\t\t<\/ul>\n\t\t\t\t\t\t<\/div>\n\t\t\t\t<\/div>\n\t\t\t\t<div class=\"elementor-element elementor-element-424d1e0 elementor-widget elementor-widget-text-editor\" data-id=\"424d1e0\" data-element_type=\"widget\" data-widget_type=\"text-editor.default\">\n\t\t\t\t<div class=\"elementor-widget-container\">\n\t\t\t\t\t\t\t\t\t<p>A Pol\u00edcia Civil de Santa Catarina, por meio da Delegacia de Combate \u00e0s Drogas (DECOD), cumpriu nesta ter\u00e7a-feira (22\/07), um mandado de pris\u00e3o em desfavor de um homem de 25 anos, em Chapec\u00f3.<\/p>\n<p>O mandado de pris\u00e3o havia sido expedido pela 3\u00aa Vara Criminal de Canoas\/RS, em virtude de condena\u00e7\u00e3o transitada em julgado, pela qual o indiv\u00edduo foi sentenciado a 9 anos, 1 m\u00eas e 25 dias de reclus\u00e3o por tr\u00e1fico de drogas.<\/p>\n<p>Durante o cumprimento do mandado, a equipe policial localizou o foragido na porta de entrada de sua resid\u00eancia. Questionado sobre a exist\u00eancia de material il\u00edcito no local, o pr\u00f3prio suspeito indicou onde se encontravam algumas muni\u00e7\u00f5es de calibre .32, que foram devidamente apreendidas.<\/p>\n<p>O homem n\u00e3o ofereceu resist\u00eancia \u00e0 pris\u00e3o e foi conduzido, juntamente com o material apreendido, \u00e0 Central de Plant\u00e3o Policial, onde foi autuado em flagrante pelo delito de posse ilegal de muni\u00e7\u00f5es de uso permitido.<\/p>\n<p>Ap\u00f3s os tr\u00e2mites policiais, o indiv\u00edduo foi encaminhado ao sistema prisional, onde permanece \u00e0 disposi\u00e7\u00e3o da Justi\u00e7a.<\/p>\t\t\t\t\t\t\t\t<\/div>\n\t\t\t\t<\/div>\n\t\t\t\t\t<\/div>\n\t\t<\/div>\n\t\t\t\t\t<\/div>\n\t\t<\/section>\n\t\t\t\t<\/div>\n\t\t","protected":false},"excerpt":{"rendered":"<p>Pol\u00edcia Civil cumpre mandado de pris\u00e3o por tr\u00e1fico de drogas em Chapec\u00f3 A Pol\u00edcia Civil de Santa Catarina, por meio da Delegacia de Combate \u00e0s Drogas (DECOD), cumpriu nesta ter\u00e7a-feira (22\/07), um mandado de pris\u00e3o em desfavor de um homem de 25 anos, em Chapec\u00f3. O mandado de pris\u00e3o havia sido expedido pela 3\u00aa Vara [&hellip;]<\/p>\n","protected":false},"author":5,"featured_media":30288,"comment_status":"closed","ping_status":"open","sticky":false,"template":"","format":"standard","meta":{"_monsterinsights_skip_tracking":false,"_monsterinsights_sitenote_active":false,"_monsterinsights_sitenote_note":"","_monsterinsights_sitenote_category":0,"footnotes":""},"categories":[1],"tags":[],"class_list":["post-30287","post","type-post","status-publish","format-standard","has-post-thumbnail","hentry","category-sem-categoria"],"_links":{"self":[{"href":"https:\/\/pc.sc.gov.br\/index.php?rest_route=\/wp\/v2\/posts\/30287","targetHints":{"allow":["GET"]}}],"collection":[{"href":"https:\/\/pc.sc.gov.br\/index.php?rest_route=\/wp\/v2\/posts"}],"about":[{"href":"https:\/\/pc.sc.gov.br\/index.php?rest_route=\/wp\/v2\/types\/post"}],"author":[{"embeddable":true,"href":"https:\/\/pc.sc.gov.br\/index.php?rest_route=\/wp\/v2\/users\/5"}],"replies":[{"embeddable":true,"href":"https:\/\/pc.sc.gov.br\/index.php?rest_route=%2Fwp%2Fv2%2Fcomments&post=30287"}],"version-history":[{"count":4,"href":"https:\/\/pc.sc.gov.br\/index.php?rest_route=\/wp\/v2\/posts\/30287\/revisions"}],"predecessor-version":[{"id":30292,"href":"https:\/\/pc.sc.gov.br\/index.php?rest_route=\/wp\/v2\/posts\/30287\/revisions\/30292"}],"wp:featuredmedia":[{"embeddable":true,"href":"https:\/\/pc.sc.gov.br\/index.php?rest_route=\/wp\/v2\/media\/30288"}],"wp:attachment":[{"href":"https:\/\/pc.sc.gov.br\/index.php?rest_route=%2Fwp%2Fv2%2Fmedia&parent=30287"}],"wp:term":[{"taxonomy":"category","embeddable":true,"href":"https:\/\/pc.sc.gov.br\/index.php?rest_route=%2Fwp%2Fv2%2Fcategories&post=30287"},{"taxonomy":"post_tag","embeddable":true,"href":"https:\/\/pc.sc.gov.br\/index.php?rest_route=%2Fwp%2Fv2%2Ftags&post=30287"}],"curies":[{"name":"wp","href":"https:\/\/api.w.org\/{rel}","templated":true}]}}