{"id":3054,"date":"2022-12-23T13:09:07","date_gmt":"2022-12-23T16:09:07","guid":{"rendered":"https:\/\/pc.sc.gov.br\/?p=3054"},"modified":"2022-12-23T13:11:24","modified_gmt":"2022-12-23T16:11:24","slug":"policia-civil-prende-foragido-suspeito-de-tentativa-de-feminicidio-ocorrida-em-sao-paulo","status":"publish","type":"post","link":"https:\/\/pc.sc.gov.br\/?p=3054","title":{"rendered":"Pol\u00edcia Civil prende foragido suspeito de tentativa de feminic\u00eddio ocorrida em S\u00e3o Paulo"},"content":{"rendered":"\t\t<div data-elementor-type=\"wp-post\" data-elementor-id=\"3054\" class=\"elementor elementor-3054\" data-elementor-post-type=\"post\">\n\t\t\t\t\t\t<section class=\"elementor-section elementor-top-section elementor-element elementor-element-44397c7 elementor-section-boxed elementor-section-height-default elementor-section-height-default\" data-id=\"44397c7\" data-element_type=\"section\">\n\t\t\t\t\t\t<div class=\"elementor-container elementor-column-gap-default\">\n\t\t\t\t\t<div class=\"elementor-column elementor-col-100 elementor-top-column elementor-element elementor-element-c83830a\" data-id=\"c83830a\" data-element_type=\"column\">\n\t\t\t<div class=\"elementor-widget-wrap elementor-element-populated\">\n\t\t\t\t\t\t<div class=\"elementor-element elementor-element-7eeaf6b elementor-widget elementor-widget-heading\" data-id=\"7eeaf6b\" data-element_type=\"widget\" data-widget_type=\"heading.default\">\n\t\t\t\t<div class=\"elementor-widget-container\">\n\t\t\t\t\t<h2 class=\"elementor-heading-title elementor-size-default\">Pol\u00edcia Civil prende foragido suspeito de tentativa de feminic\u00eddio ocorrida em S\u00e3o Paulo<\/h2>\t\t\t\t<\/div>\n\t\t\t\t<\/div>\n\t\t\t\t<div class=\"elementor-element elementor-element-be93061 elementor-widget elementor-widget-image\" data-id=\"be93061\" data-element_type=\"widget\" data-widget_type=\"image.default\">\n\t\t\t\t<div class=\"elementor-widget-container\">\n\t\t\t\t\t\t\t\t\t\t\t\t\t\t\t<img fetchpriority=\"high\" decoding=\"async\" width=\"510\" height=\"680\" src=\"https:\/\/pc.sc.gov.br\/\/wp-content\/uploads\/2022\/12\/BANNER_3.jpg\" class=\"attachment-large size-large wp-image-2530\" alt=\"banner da policia civil\" srcset=\"https:\/\/pc.sc.gov.br\/\/wp-content\/uploads\/2022\/12\/BANNER_3.jpg 510w, https:\/\/pc.sc.gov.br\/\/wp-content\/uploads\/2022\/12\/BANNER_3-225x300.jpg 225w\" sizes=\"(max-width: 510px) 100vw, 510px\" \/>\t\t\t\t\t\t\t\t\t\t\t\t\t\t\t<\/div>\n\t\t\t\t<\/div>\n\t\t\t\t<div class=\"elementor-element elementor-element-3bd0c69 elementor-widget elementor-widget-text-editor\" data-id=\"3bd0c69\" data-element_type=\"widget\" data-widget_type=\"text-editor.default\">\n\t\t\t\t<div class=\"elementor-widget-container\">\n\t\t\t\t\t\t\t\t\t<p>A Pol\u00edcia Civil de Santa Catarina, por meio da Divis\u00e3o de Investiga\u00e7\u00e3o Criminal (DIC\/PCSC) de Itaja\u00ed, deu cumprimento na manh\u00e3 de quinta-feira (22), a um mandado de pris\u00e3o tempor\u00e1ria contra um homem, em Itaja\u00ed.<\/p><p><span style=\"font-family: var( --e-global-typography-primary-font-family ), Sans-serif; font-size: var( --e-global-typography-primary-font-size ); font-weight: var( --e-global-typography-primary-font-weight ); letter-spacing: var( --e-global-typography-primary-letter-spacing );\">Ele \u00e9 suspeito de uma tentativa de feminic\u00eddio contra a sua ex-esposa, a qual se encontrava gr\u00e1vida, no munic\u00edpio de Cotia, Estado de S\u00e3o Paulo. Ele estava foragido e residindo em Itaja\u00ed h\u00e1 algumas semanas.<\/span><\/p>\n<p>Ap\u00f3s a troca de informa\u00e7\u00f5es com a Pol\u00edcia Civil de S\u00e3o Paulo, o suspeito foi capturado enquanto circulava em via p\u00fablica no bairro Fazenda, em Itaja\u00ed. O preso foi encaminhado ao sistema penitenci\u00e1rio, onde permanece \u00e0 disposi\u00e7\u00e3o da Justi\u00e7a.<\/p>\t\t\t\t\t\t\t\t<\/div>\n\t\t\t\t<\/div>\n\t\t\t\t\t<\/div>\n\t\t<\/div>\n\t\t\t\t\t<\/div>\n\t\t<\/section>\n\t\t\t\t<\/div>\n\t\t","protected":false},"excerpt":{"rendered":"<p>Pol\u00edcia Civil prende foragido suspeito de tentativa de feminic\u00eddio ocorrida em S\u00e3o Paulo A Pol\u00edcia Civil de Santa Catarina, por meio da Divis\u00e3o de Investiga\u00e7\u00e3o Criminal (DIC\/PCSC) de Itaja\u00ed, deu cumprimento na manh\u00e3 de quinta-feira (22), a um mandado de pris\u00e3o tempor\u00e1ria contra um homem, em Itaja\u00ed. Ele \u00e9 suspeito de uma tentativa de feminic\u00eddio [&hellip;]<\/p>\n","protected":false},"author":5,"featured_media":2922,"comment_status":"closed","ping_status":"open","sticky":false,"template":"","format":"standard","meta":{"_monsterinsights_skip_tracking":false,"_monsterinsights_sitenote_active":false,"_monsterinsights_sitenote_note":"","_monsterinsights_sitenote_category":0,"footnotes":""},"categories":[1],"tags":[],"class_list":["post-3054","post","type-post","status-publish","format-standard","has-post-thumbnail","hentry","category-sem-categoria"],"_links":{"self":[{"href":"https:\/\/pc.sc.gov.br\/index.php?rest_route=\/wp\/v2\/posts\/3054","targetHints":{"allow":["GET"]}}],"collection":[{"href":"https:\/\/pc.sc.gov.br\/index.php?rest_route=\/wp\/v2\/posts"}],"about":[{"href":"https:\/\/pc.sc.gov.br\/index.php?rest_route=\/wp\/v2\/types\/post"}],"author":[{"embeddable":true,"href":"https:\/\/pc.sc.gov.br\/index.php?rest_route=\/wp\/v2\/users\/5"}],"replies":[{"embeddable":true,"href":"https:\/\/pc.sc.gov.br\/index.php?rest_route=%2Fwp%2Fv2%2Fcomments&post=3054"}],"version-history":[{"count":4,"href":"https:\/\/pc.sc.gov.br\/index.php?rest_route=\/wp\/v2\/posts\/3054\/revisions"}],"predecessor-version":[{"id":3058,"href":"https:\/\/pc.sc.gov.br\/index.php?rest_route=\/wp\/v2\/posts\/3054\/revisions\/3058"}],"wp:featuredmedia":[{"embeddable":true,"href":"https:\/\/pc.sc.gov.br\/index.php?rest_route=\/wp\/v2\/media\/2922"}],"wp:attachment":[{"href":"https:\/\/pc.sc.gov.br\/index.php?rest_route=%2Fwp%2Fv2%2Fmedia&parent=3054"}],"wp:term":[{"taxonomy":"category","embeddable":true,"href":"https:\/\/pc.sc.gov.br\/index.php?rest_route=%2Fwp%2Fv2%2Fcategories&post=3054"},{"taxonomy":"post_tag","embeddable":true,"href":"https:\/\/pc.sc.gov.br\/index.php?rest_route=%2Fwp%2Fv2%2Ftags&post=3054"}],"curies":[{"name":"wp","href":"https:\/\/api.w.org\/{rel}","templated":true}]}}